{"id":128566,"date":"2024-10-22T17:54:13","date_gmt":"2024-10-22T20:54:13","guid":{"rendered":"https:\/\/cdnoticias.com\/?p=128566"},"modified":"2024-10-22T20:01:08","modified_gmt":"2024-10-22T23:01:08","slug":"un-medico-olavarriense-realizo-una-operacion-pediatrica-inedita-en-el-hospital-municipal","status":"publish","type":"post","link":"https:\/\/cdnoticias.com\/index.php\/2024\/10\/22\/un-medico-olavarriense-realizo-una-operacion-pediatrica-inedita-en-el-hospital-municipal\/","title":{"rendered":"Un m\u00e9dico olavarriense realiz\u00f3 una operaci\u00f3n pedi\u00e1trica in\u00e9dita en el Hospital Municipal"},"content":{"rendered":"\n<p>Fue realizada por el doctor Agust\u00edn Alcorta, especialista en traumatolog\u00eda infantil, quien se incorpor\u00f3 en agosto. Realiz\u00f3 una intervenci\u00f3n de pie cavo neuro-ortop\u00e9dico. \u201cHasta la fecha esta intervenci\u00f3n siempre se realizaba afuera\u201d afirm\u00f3.<\/p>\n\n\n\n<hr class=\"wp-block-separator aligncenter has-alpha-channel-opacity\"\/>\n\n\n\n<p>Este \u00faltimo lunes, <strong>el Hospital Municipal \u201cDr. H\u00e9ctor M. Cura\u201d fue sede de una operaci\u00f3n exitosa in\u00e9dita en Olavarr\u00eda, con la particularidad que estuvo a cargo de profesionales que integran la planta de salud municipal; coordinada por el doctor Agust\u00edn Alcorta, especialista en Traumatolog\u00eda Infantil;<\/strong> quien en agosto se incorpor\u00f3 a la planta municipal para ejercer esta disciplina.<\/p>\n\n\n\n<p><strong>El doctor Alcorta estudi\u00f3 Medicina en nuestra ciudad, en la Facultad de Ciencias de la Salud de UNICEN. <\/strong>Posteriormente, realiz\u00f3 su residencia en el Higa San Mart\u00edn de La Plata y en el Hospital Brit\u00e1nico de Buenos Aires, donde actualmente integra el equipo de Ortopedia Infantil.<\/p>\n\n\n\n<p>En cuanto a la cirug\u00eda, Alcorta explic\u00f3 que <em><strong>\u201ctuvo como destinataria a una paciente pedi\u00e1trica, y consisti\u00f3 en una intervenci\u00f3n de pie cavo neuro-ortop\u00e9dico. Puntualmente en lo que respecta a esta intervenci\u00f3n, no hay registro que se haya hecho ac\u00e1 anteriormente; siempre cuando hay casos complejos normalmente vienen m\u00e9dicos de afuera\u201d.<\/strong><\/em><\/p>\n\n\n\n<p>El profesional subray\u00f3: <em>\u201cLo que logramos ayer es la concreci\u00f3n de una intervenci\u00f3n quir\u00fargica que hasta la fecha se realizaba afuera, nunca se hab\u00eda logrado ac\u00e1. Son cirug\u00edas que yo estoy habituado a hacer all\u00e1 en Buenos Aires, a pacientes derivados del interior de la Provincia e incluso de distintos puntos del pa\u00eds. Esa es la realidad.<strong> O sea que es un primer paso important\u00edsimo. Logramos una cirug\u00eda de otro nivel\u201d<\/strong>.<\/em><\/p>\n\n\n\n<blockquote class=\"wp-block-quote is-layout-flow wp-block-quote-is-layout-flow\">\n<p>\u201cFue una operaci\u00f3n de pie cavo, sin entrar demasiado en detalle; producto de una condici\u00f3n neurol\u00f3gica.\u00a0 Es una enfermedad neurol\u00f3gica que va generando una degradaci\u00f3n de los nervios, para que se entienda f\u00e1cil, y eso repercute en los pies, generalmente. Entonces, \u00bfqu\u00e9 es lo que pasa en los pies? Se van deformando progresivamente\u201d, especific\u00f3 el profesional.<\/p>\n<\/blockquote>\n\n\n\n<p>Con relaci\u00f3n al trabajo interdisciplinario detall\u00f3:<em> \u201cEn este caso puntual \u2013 detall\u00f3 Alcorta \u2013 ella tiene una afectaci\u00f3n de los dos pies. Y eso requiere de una cirug\u00eda compleja, no es algo f\u00e1cil de corregir. Adem\u00e1s, estamos hablando de un caso de neuro-ortopedia infantil, que es una sub-especialidad dentro de la propia especialidad. Este tipo de cirug\u00edas requieren de un equipo interdisciplinario. En realidad las esferas son cl\u00ednicas, <strong>porque interviene el pediatra y el neur\u00f3logo infantil, y la parte de neuro-ortopedia es donde entramos nosotros, que ah\u00ed lo que hacemos es ir acompa\u00f1ando y corrigiendo la deformidad\u201d.<\/strong><\/em><\/p>\n\n\n\n<figure class=\"wp-block-image size-large\"><img data-recalc-dims=\"1\" loading=\"lazy\" decoding=\"async\" width=\"800\" height=\"534\" src=\"https:\/\/i0.wp.com\/cdnoticias.com\/wp-content\/uploads\/2024\/10\/Salud-cirugia-traumato-pediatria-3-scaled-1.jpg?resize=800%2C534&#038;ssl=1\" alt=\"\" class=\"wp-image-128567\" srcset=\"https:\/\/i0.wp.com\/cdnoticias.com\/wp-content\/uploads\/2024\/10\/Salud-cirugia-traumato-pediatria-3-scaled-1.jpg?resize=1024%2C683&amp;ssl=1 1024w, https:\/\/i0.wp.com\/cdnoticias.com\/wp-content\/uploads\/2024\/10\/Salud-cirugia-traumato-pediatria-3-scaled-1.jpg?resize=300%2C200&amp;ssl=1 300w, https:\/\/i0.wp.com\/cdnoticias.com\/wp-content\/uploads\/2024\/10\/Salud-cirugia-traumato-pediatria-3-scaled-1.jpg?resize=768%2C512&amp;ssl=1 768w, https:\/\/i0.wp.com\/cdnoticias.com\/wp-content\/uploads\/2024\/10\/Salud-cirugia-traumato-pediatria-3-scaled-1.jpg?resize=1536%2C1024&amp;ssl=1 1536w, https:\/\/i0.wp.com\/cdnoticias.com\/wp-content\/uploads\/2024\/10\/Salud-cirugia-traumato-pediatria-3-scaled-1.jpg?resize=2048%2C1366&amp;ssl=1 2048w, https:\/\/i0.wp.com\/cdnoticias.com\/wp-content\/uploads\/2024\/10\/Salud-cirugia-traumato-pediatria-3-scaled-1.jpg?resize=272%2C182&amp;ssl=1 272w, https:\/\/i0.wp.com\/cdnoticias.com\/wp-content\/uploads\/2024\/10\/Salud-cirugia-traumato-pediatria-3-scaled-1.jpg?w=1600&amp;ssl=1 1600w, https:\/\/i0.wp.com\/cdnoticias.com\/wp-content\/uploads\/2024\/10\/Salud-cirugia-traumato-pediatria-3-scaled-1.jpg?w=2400&amp;ssl=1 2400w\" sizes=\"auto, (max-width: 800px) 100vw, 800px\" \/><\/figure>\n\n\n\n<p><em>\u201cHace m\u00e1s de un a\u00f1o estaba esperando la cirug\u00eda, porque su condici\u00f3n requiere un tratamiento de una especialidad con la que no se contaba en el Hospital. <strong>Es una paciente con cobertura p\u00fablica exclusiva, con asistencia de fisiatra, nosotros trabajamos mucho con fisiatr\u00eda, que fue en principio la que detect\u00f3 que la paciente no pod\u00eda avanzar con kinesiolog\u00eda, con rehabilitaci\u00f3n, y por esa raz\u00f3n termin\u00f3 deriv\u00e1ndolo. La cirug\u00eda requiri\u00f3 implantable, por lo que se requiri\u00f3 al equipo de Auditor\u00eda, que gestiona la compra del material espec\u00edfico\u201d<\/strong>, <\/em>agreg\u00f3 Alcorta.<\/p>\n\n\n\n<p>Por su parte, el subsecretario de Salud M\u00e9dica Dr. Fernando Al\u00ed destac\u00f3:<em><strong> \u201cNosotros estamos tratando de visualizar lo que se hace dentro del sistema de salud p\u00fablica de Olavarr\u00eda, nos parece prioritario que la comunidad sepa qu\u00e9 tipo de Hospital tiene. Poner en valor los servicios, particularmente el caso del Servicio de Pediatr\u00eda\u201d.<\/strong><\/em><\/p>\n\n\n\n<p>En el mismo sentido, la jefa de Internaci\u00f3n Dra. Mar\u00eda Elena Carou; a\u00f1adi\u00f3 que<em> \u201cel Servicio de Pediatr\u00eda, que es un servicio que siempre funcion\u00f3 bien, en estos \u00faltimos meses ha mejorado mucho con la incorporaci\u00f3n de distintos especialistas: Endocrinograf\u00eda pedi\u00e1trica que ingresa este a\u00f1o, un hemat\u00f3logo infantil que est\u00e1 por ingresar, un terapeuta infantil que empezar\u00e1 sus funciones en noviembre; el neur\u00f3logo infantil que ya estaba\u201d.<\/em><strong><em> <\/em>La \u00faltima incorporaci\u00f3n al equipo fue la del Dr. Agust\u00edn Alcorta.<\/strong><\/p>\n\n\n\n<p>Al respecto, el Dr. Fernando Al\u00ed consider\u00f3:<em> \u201cPara beneficio de las y los olavarrienses, cada vez estamos derivando menos pacientes. Es important\u00edsimo para el Servicio de Pediatr\u00eda contar con profesionales, como en este caso con formaci\u00f3n en el Hospital Brit\u00e1nico de Buenos Aires, que est\u00e9n hoy trabajando en el sistema p\u00fablico local\u201d.<\/em><\/p>\n\n\n\n<p><strong>Vale decir que no s\u00f3lo en lo asistencial est\u00e1n retornando profesionales formados y con recorrido afuera en la ciudad, sino tambi\u00e9n en el \u00e1rea de administraci\u00f3n y gesti\u00f3n.<\/strong>\u00a0 En este sentido, Al\u00ed hizo hincapi\u00e9 en profesionales como la Lic. Mar\u00eda Emilia Castro, profesional con postgrados espec\u00edficos en gesti\u00f3n de salud. <em>\u201cEl sistema de salud no s\u00f3lo es medicina\u201d<\/em>, culmin\u00f3.<\/p>\n","protected":false},"excerpt":{"rendered":"<p>Fue realizada por el doctor Agust\u00edn Alcorta, especialista en traumatolog\u00eda infantil, quien se incorpor\u00f3 en agosto. Realiz\u00f3 una intervenci\u00f3n de<\/p>\n","protected":false},"author":2,"featured_media":128568,"comment_status":"closed","ping_status":"closed","sticky":false,"template":"","format":"standard","meta":{"_jetpack_memberships_contains_paid_content":false,"footnotes":""},"categories":[5,1],"tags":[],"class_list":["post-128566","post","type-post","status-publish","format-standard","has-post-thumbnail","hentry","category-informacion-general","category-portada"],"jetpack_featured_media_url":"https:\/\/i0.wp.com\/cdnoticias.com\/wp-content\/uploads\/2024\/10\/Salud-cirugia-traumato-pediatria-5-scaled-1.jpg?fit=2560%2C1707&ssl=1","jetpack_sharing_enabled":true,"_links":{"self":[{"href":"https:\/\/cdnoticias.com\/index.php\/wp-json\/wp\/v2\/posts\/128566","targetHints":{"allow":["GET"]}}],"collection":[{"href":"https:\/\/cdnoticias.com\/index.php\/wp-json\/wp\/v2\/posts"}],"about":[{"href":"https:\/\/cdnoticias.com\/index.php\/wp-json\/wp\/v2\/types\/post"}],"author":[{"embeddable":true,"href":"https:\/\/cdnoticias.com\/index.php\/wp-json\/wp\/v2\/users\/2"}],"replies":[{"embeddable":true,"href":"https:\/\/cdnoticias.com\/index.php\/wp-json\/wp\/v2\/comments?post=128566"}],"version-history":[{"count":0,"href":"https:\/\/cdnoticias.com\/index.php\/wp-json\/wp\/v2\/posts\/128566\/revisions"}],"wp:featuredmedia":[{"embeddable":true,"href":"https:\/\/cdnoticias.com\/index.php\/wp-json\/wp\/v2\/media\/128568"}],"wp:attachment":[{"href":"https:\/\/cdnoticias.com\/index.php\/wp-json\/wp\/v2\/media?parent=128566"}],"wp:term":[{"taxonomy":"category","embeddable":true,"href":"https:\/\/cdnoticias.com\/index.php\/wp-json\/wp\/v2\/categories?post=128566"},{"taxonomy":"post_tag","embeddable":true,"href":"https:\/\/cdnoticias.com\/index.php\/wp-json\/wp\/v2\/tags?post=128566"}],"curies":[{"name":"wp","href":"https:\/\/api.w.org\/{rel}","templated":true}]}}