{"id":128557,"date":"2024-10-22T17:37:05","date_gmt":"2024-10-22T20:37:05","guid":{"rendered":"https:\/\/cdnoticias.com\/?p=128557"},"modified":"2024-10-22T17:37:09","modified_gmt":"2024-10-22T20:37:09","slug":"clases-publicas-soy-hijo-de-un-artesano-que-tuvo-la-posibilidad-de-ser-profesional","status":"publish","type":"post","link":"https:\/\/cdnoticias.com\/index.php\/2024\/10\/22\/clases-publicas-soy-hijo-de-un-artesano-que-tuvo-la-posibilidad-de-ser-profesional\/","title":{"rendered":"Clases P\u00fablicas: \u201csoy hijo de un artesano que tuvo la posibilidad de ser profesional\u201d"},"content":{"rendered":"\n<p>Maximiliano Peret, Licenciado en Comunicaci\u00f3n Social y docente de la Facultad de Ciencias Sociales dict\u00f3 una clase p\u00fablica en el Paseo de la Salud en el marco del plan de lucha y visibilizaci\u00f3n ante la emergencia universitaria.<\/p>\n\n\n\n<hr class=\"wp-block-separator aligncenter has-alpha-channel-opacity\"\/>\n\n\n\n<p>En la tarde de este martes comenz\u00f3 el<strong> cronograma de clases p\u00fablicas pautadas para toda la semana<\/strong> en el marco del <strong>plan de lucha y visibilizaci\u00f3n ante la emergencia universitaria.<\/strong><\/p>\n\n\n\n<p><\/p>\n\n\n\n<p>En las distintas clases p\u00fablicas y talleres<a href=\"https:\/\/cdnoticias.com\/index.php\/2024\/10\/20\/unicen-en-lucha-diversas-actividades-y-clases-publicas-desde-este-lunes\/\" target=\"_blank\" rel=\"noreferrer noopener\"> participar\u00e1n distintos docentes y estudiantes de la Facultad de Ingenier\u00eda, la Facultad de Ciencias Sociales y la Facultad de Ciencias de la Salud<\/a> y se invita a toda la comunidad a que se acerque para conocer m\u00e1s sobre la formaci\u00f3n de los futuros profesionales.<\/p>\n\n\n\n<p><\/p>\n\n\n\n<p><em>Central de Noticias <\/em>dialog\u00f3 con <strong>Maximiliano Peret,<\/strong> Licenciado en Comunicaci\u00f3n Social y docente de la Facultad de Ciencias Sociales, quien <strong>dict\u00f3 la primera clase p\u00fablica en el Paseo de la Salud<\/strong> para visibilizar el plan de lucha ante la emergencia universitaria.<\/p>\n\n\n\n<p><\/p>\n\n\n\n<figure class=\"wp-block-image aligncenter size-full\"><img data-recalc-dims=\"1\" loading=\"lazy\" decoding=\"async\" width=\"800\" height=\"450\" src=\"https:\/\/i0.wp.com\/cdnoticias.com\/wp-content\/uploads\/2024\/10\/clases-publicas-paseo-de-la-salud2.jpg?resize=800%2C450&#038;ssl=1\" alt=\"\" class=\"wp-image-128563\" srcset=\"https:\/\/i0.wp.com\/cdnoticias.com\/wp-content\/uploads\/2024\/10\/clases-publicas-paseo-de-la-salud2.jpg?w=900&amp;ssl=1 900w, https:\/\/i0.wp.com\/cdnoticias.com\/wp-content\/uploads\/2024\/10\/clases-publicas-paseo-de-la-salud2.jpg?resize=300%2C169&amp;ssl=1 300w, https:\/\/i0.wp.com\/cdnoticias.com\/wp-content\/uploads\/2024\/10\/clases-publicas-paseo-de-la-salud2.jpg?resize=768%2C432&amp;ssl=1 768w\" sizes=\"auto, (max-width: 800px) 100vw, 800px\" \/><\/figure>\n\n\n\n<p><\/p>\n\n\n\n<blockquote class=\"wp-block-quote is-layout-flow wp-block-quote-is-layout-flow\">\n<p>\u201cHoy estamos en la primera clase p\u00fablica en el marco de este plan de lucha. El por qu\u00e9 estoy ac\u00e1 es mi historia. Yo soy un hijo de un artesano y una docente que tuvo la posibilidad de ser profesional igual que mis dos hermanos gracias a la universidad p\u00fablica\u201d remarc\u00f3 Peret en di\u00e1logo con este medio.<\/p>\n<\/blockquote>\n\n\n\n<p><\/p>\n\n\n\n<p>Adem\u00e1s, agreg\u00f3 que \u201c<strong>en este momento me encuentro m\u00e1s cerca de terminar mi carrera y pienso en que mis hijos y mis nietos, o los hijos de mis alumnos, puedan tener las mismas posibilidades que tuvimos nosotros.<\/strong> La defensa de la Universidad P\u00fablica viene por ese lado y tambi\u00e9n por la importancia que tiene la Universidad en la ciudad de Olavarr\u00eda\u201d.<\/p>\n\n\n\n<p><\/p>\n\n\n\n<p>Sobre la clase dictada en el marco de la <strong>c\u00e1tedra de Periodismo Digital, <\/strong>el docente explic\u00f3 que \u201cla clase de hoy va a ser una introducci\u00f3n a lo que definimos como <strong>periodismo de datos y a periodismo m\u00f3vil<\/strong>, que son los dos temas que segu\u00edan en el temario. Como probablemente participen m\u00e1s personas que los estudiantes de la materia, la idea fue traer <strong>periodismo de datos para trabajar cual es el impacto que tiene la Universidad Nacional en Olavarr\u00eda\u201d.<\/strong><\/p>\n\n\n\n<p><\/p>\n\n\n\n<figure class=\"wp-block-image aligncenter size-full\"><img data-recalc-dims=\"1\" loading=\"lazy\" decoding=\"async\" width=\"800\" height=\"435\" src=\"https:\/\/i0.wp.com\/cdnoticias.com\/wp-content\/uploads\/2024\/10\/clases-publicas-paseo-de-la-salud1.jpg?resize=800%2C435&#038;ssl=1\" alt=\"\" class=\"wp-image-128562\" srcset=\"https:\/\/i0.wp.com\/cdnoticias.com\/wp-content\/uploads\/2024\/10\/clases-publicas-paseo-de-la-salud1.jpg?w=900&amp;ssl=1 900w, https:\/\/i0.wp.com\/cdnoticias.com\/wp-content\/uploads\/2024\/10\/clases-publicas-paseo-de-la-salud1.jpg?resize=300%2C163&amp;ssl=1 300w, https:\/\/i0.wp.com\/cdnoticias.com\/wp-content\/uploads\/2024\/10\/clases-publicas-paseo-de-la-salud1.jpg?resize=768%2C417&amp;ssl=1 768w\" sizes=\"auto, (max-width: 800px) 100vw, 800px\" \/><\/figure>\n\n\n\n<p><\/p>\n\n\n\n<p>Asimismo, el cronograma contin\u00faa con una<strong> clase p\u00fablica de la c\u00e1tedra de Relaciones Industriales a cargo de la Facultad de Ingenier\u00eda <\/strong>y un <strong>taller abierto a la comunidad<\/strong> titulado \u201c<em>Vigencia de la universidad p\u00fablica en la Argentina contempor\u00e1nea: su rol critico en un mundo de crisis\u201d<\/em> a cargo del profesor Juan Pablo Matta.<\/p>\n\n\n\n<p><\/p>\n\n\n\n<figure class=\"wp-block-image aligncenter size-full\"><img data-recalc-dims=\"1\" loading=\"lazy\" decoding=\"async\" width=\"800\" height=\"430\" src=\"https:\/\/i0.wp.com\/cdnoticias.com\/wp-content\/uploads\/2024\/10\/clases-publicas-paseo-de-la-salud.jpg?resize=800%2C430&#038;ssl=1\" alt=\"\" class=\"wp-image-128561\" srcset=\"https:\/\/i0.wp.com\/cdnoticias.com\/wp-content\/uploads\/2024\/10\/clases-publicas-paseo-de-la-salud.jpg?w=900&amp;ssl=1 900w, https:\/\/i0.wp.com\/cdnoticias.com\/wp-content\/uploads\/2024\/10\/clases-publicas-paseo-de-la-salud.jpg?resize=300%2C161&amp;ssl=1 300w, https:\/\/i0.wp.com\/cdnoticias.com\/wp-content\/uploads\/2024\/10\/clases-publicas-paseo-de-la-salud.jpg?resize=768%2C413&amp;ssl=1 768w\" sizes=\"auto, (max-width: 800px) 100vw, 800px\" \/><\/figure>\n\n\n\n<p><\/p>\n","protected":false},"excerpt":{"rendered":"<p>Maximiliano Peret, Licenciado en Comunicaci\u00f3n Social y docente de la Facultad de Ciencias Sociales dict\u00f3 una clase p\u00fablica en el<\/p>\n","protected":false},"author":6,"featured_media":128564,"comment_status":"closed","ping_status":"closed","sticky":false,"template":"","format":"standard","meta":{"_jetpack_memberships_contains_paid_content":false,"footnotes":""},"categories":[5,1],"tags":[],"class_list":["post-128557","post","type-post","status-publish","format-standard","has-post-thumbnail","hentry","category-informacion-general","category-portada"],"jetpack_featured_media_url":"https:\/\/i0.wp.com\/cdnoticias.com\/wp-content\/uploads\/2024\/10\/clases-publicas-paseo-de-la-salud3.jpg?fit=900%2C478&ssl=1","jetpack_sharing_enabled":true,"_links":{"self":[{"href":"https:\/\/cdnoticias.com\/index.php\/wp-json\/wp\/v2\/posts\/128557","targetHints":{"allow":["GET"]}}],"collection":[{"href":"https:\/\/cdnoticias.com\/index.php\/wp-json\/wp\/v2\/posts"}],"about":[{"href":"https:\/\/cdnoticias.com\/index.php\/wp-json\/wp\/v2\/types\/post"}],"author":[{"embeddable":true,"href":"https:\/\/cdnoticias.com\/index.php\/wp-json\/wp\/v2\/users\/6"}],"replies":[{"embeddable":true,"href":"https:\/\/cdnoticias.com\/index.php\/wp-json\/wp\/v2\/comments?post=128557"}],"version-history":[{"count":0,"href":"https:\/\/cdnoticias.com\/index.php\/wp-json\/wp\/v2\/posts\/128557\/revisions"}],"wp:featuredmedia":[{"embeddable":true,"href":"https:\/\/cdnoticias.com\/index.php\/wp-json\/wp\/v2\/media\/128564"}],"wp:attachment":[{"href":"https:\/\/cdnoticias.com\/index.php\/wp-json\/wp\/v2\/media?parent=128557"}],"wp:term":[{"taxonomy":"category","embeddable":true,"href":"https:\/\/cdnoticias.com\/index.php\/wp-json\/wp\/v2\/categories?post=128557"},{"taxonomy":"post_tag","embeddable":true,"href":"https:\/\/cdnoticias.com\/index.php\/wp-json\/wp\/v2\/tags?post=128557"}],"curies":[{"name":"wp","href":"https:\/\/api.w.org\/{rel}","templated":true}]}}