{"id":12854,"date":"2021-02-03T09:58:26","date_gmt":"2021-02-03T12:58:26","guid":{"rendered":"http:\/\/www.centraldenoticias.com.ar\/?p=12854"},"modified":"2021-02-03T10:50:57","modified_gmt":"2021-02-03T13:50:57","slug":"veto-al-cupo-trans-se-reunio-la-comision-de-genero","status":"publish","type":"post","link":"https:\/\/cdnoticias.com\/index.php\/2021\/02\/03\/veto-al-cupo-trans-se-reunio-la-comision-de-genero\/","title":{"rendered":"Veto al cupo trans: se reuni\u00f3 la comisi\u00f3n de G\u00e9nero"},"content":{"rendered":"<p>En la ma\u00f1ana de este mi\u00e9rcoles se reuni\u00f3 la comisi\u00f3n del Concejo Deliberante. Lo hab\u00eda adelantado la presidenta, Alicia Almada, quien busca analizar el duro veto del Ejecutivo.<!--more--><\/p>\n<hr \/>\n<p><strong>En la ma\u00f1ana de este mi\u00e9rcoles se reuni\u00f3 la comisi\u00f3n de G\u00e9nero del Concejo Deliberante<\/strong> para analizar el <strong>veto del Ejecutivo a la ordenanza de cupo laboral para personas trans<\/strong>.<\/p>\n<p>Se trata del <strong>primer encuentro de una comisi\u00f3n<\/strong> tras el <a href=\"https:\/\/cdnoticias.com\/index.php\/2021\/02\/01\/el-concejo-deliberante-reabrio-sus-puertas\/\" target=\"_blank\" rel=\"noopener\">regreso a la actividad del Legislativo<\/a>. <strong>La celeridad de la reuni\u00f3n fue impuesta por la presidenta, Alicia Almada (Renovaci\u00f3n Peronista)<\/strong>, quien <a href=\"https:\/\/cdnoticias.com\/index.php\/2021\/02\/02\/cupo-laboral-trans-se-reunira-la-comision-de-genero-tras-el-veto-de-galli\/\" target=\"_blank\" rel=\"noopener\">hab\u00eda adelantado el martes<\/a> el impulso a la convocatoria.<\/p>\n<p>Es que los propios concejales tomaron conocimiento del decreto 3.414\/20 del Ejecutivo con el veto a la ordenanza 4.568\/20 el mismo lunes con la apertura del Legislativo.<\/p>\n<blockquote><p>Se espera que tras este encuentro, los miembros de la comisi\u00f3n -entre los que hay concejales oficialistas y opositoras- avancen con una postura conjunta.<\/p><\/blockquote>\n<p>Cabe recordar que<strong> fue la comisi\u00f3n de G\u00e9nero y Diversidad la que a lo largo de varios meses de 2020 desarroll\u00f3 el articulado de la ordenanza<\/strong> en un trabajo conjunto entre las integrantes y tambi\u00e9n con consultas a organizaciones defensoras de los derechos de las personas LGTBIQ+ y tambi\u00e9n a instituciones locales e, incluso, la <a href=\"https:\/\/cdnoticias.com\/index.php\/2020\/10\/16\/se-reunio-la-mesa-intersectorial-de-diversidad\/\" target=\"_blank\" rel=\"noopener\">Mesa Intersectorial por la Diversidad<\/a> que integra tambi\u00e9n la Direcci\u00f3n de Pol\u00edticas de G\u00e9nero municipal.<\/p>\n","protected":false},"excerpt":{"rendered":"<p>En la ma\u00f1ana de este mi\u00e9rcoles se reuni\u00f3 la comisi\u00f3n del Concejo Deliberante. Lo hab\u00eda adelantado la presidenta, Alicia Almada,<\/p>\n","protected":false},"author":4,"featured_media":6396,"comment_status":"closed","ping_status":"closed","sticky":false,"template":"","format":"standard","meta":{"_jetpack_memberships_contains_paid_content":false,"footnotes":""},"categories":[4,1],"tags":[],"class_list":["post-12854","post","type-post","status-publish","format-standard","has-post-thumbnail","hentry","category-politica","category-portada"],"jetpack_featured_media_url":"https:\/\/i0.wp.com\/cdnoticias.com\/wp-content\/uploads\/2020\/11\/Alicia-Almada.jpg?fit=720%2C444&ssl=1","jetpack_sharing_enabled":true,"_links":{"self":[{"href":"https:\/\/cdnoticias.com\/index.php\/wp-json\/wp\/v2\/posts\/12854","targetHints":{"allow":["GET"]}}],"collection":[{"href":"https:\/\/cdnoticias.com\/index.php\/wp-json\/wp\/v2\/posts"}],"about":[{"href":"https:\/\/cdnoticias.com\/index.php\/wp-json\/wp\/v2\/types\/post"}],"author":[{"embeddable":true,"href":"https:\/\/cdnoticias.com\/index.php\/wp-json\/wp\/v2\/users\/4"}],"replies":[{"embeddable":true,"href":"https:\/\/cdnoticias.com\/index.php\/wp-json\/wp\/v2\/comments?post=12854"}],"version-history":[{"count":0,"href":"https:\/\/cdnoticias.com\/index.php\/wp-json\/wp\/v2\/posts\/12854\/revisions"}],"wp:featuredmedia":[{"embeddable":true,"href":"https:\/\/cdnoticias.com\/index.php\/wp-json\/wp\/v2\/media\/6396"}],"wp:attachment":[{"href":"https:\/\/cdnoticias.com\/index.php\/wp-json\/wp\/v2\/media?parent=12854"}],"wp:term":[{"taxonomy":"category","embeddable":true,"href":"https:\/\/cdnoticias.com\/index.php\/wp-json\/wp\/v2\/categories?post=12854"},{"taxonomy":"post_tag","embeddable":true,"href":"https:\/\/cdnoticias.com\/index.php\/wp-json\/wp\/v2\/tags?post=12854"}],"curies":[{"name":"wp","href":"https:\/\/api.w.org\/{rel}","templated":true}]}}