{"id":128513,"date":"2024-10-22T09:28:26","date_gmt":"2024-10-22T12:28:26","guid":{"rendered":"https:\/\/cdnoticias.com\/?p=128513"},"modified":"2024-10-22T09:28:27","modified_gmt":"2024-10-22T12:28:27","slug":"helly-telva-casuccio-rusiolelli-viuda-de-olivan-chiche-q-e-p-d","status":"publish","type":"post","link":"https:\/\/cdnoticias.com\/index.php\/2024\/10\/22\/helly-telva-casuccio-rusiolelli-viuda-de-olivan-chiche-q-e-p-d\/","title":{"rendered":"Helly Telva Casuccio Rusiolelli viuda de Olivan &#8220;Chiche&#8221; (Q.E.P.D.)"},"content":{"rendered":"<p>Falleci\u00f3 en Olavarr\u00eda el d\u00eda 22 de octubre de 2024 a los 84 a\u00f1os de edad.<\/p>\n<p>Sus hijos: Fernando y Gustavo Olivan. Su hija pol\u00edtica Claudia Orchiani. Sus nietos: Jesica, Manuela, Juan Esteban, Augusto, Lucia y Lucas Olivan. Sus nietos pol\u00edticos: Daniel Arthur, Lucio Maspero y Gisela Frasca. Sus bisnietos: Nicolas Arthur e Indra Olivan. Su hermana Delia Casuccio. Sus sobrinos: Adriana, Esteban y Pablo Cura; Guillermo Aguirre. Sus sobrinos pol\u00edticos: Andrea Valdez, Fernando Fal, Jesica Alarc\u00f3n y dem\u00e1s deudos participan su fallecimiento.<\/p>\n<p>Velatorio: Espa\u00f1a 2942, Departamento &#8220;D&#8221;. Sin responso. Inhumaci\u00f3n: Cementerio Loma de Paz, martes 22\/10 a las 12:30 Hs. Servicio adherido a Coopelectric.<\/p>\n<p>Barrio en el que viv\u00eda: Roca Merlo<\/p>\n<p>Lugar de nacimiento: Hinojo<\/p>\n<p>Actividad que desarrollaba: Jubilada y Pensionada<\/p>\n","protected":false},"excerpt":{"rendered":"<p>Falleci\u00f3 en Olavarr\u00eda el d\u00eda 22 de octubre de 2024 a los 84 a\u00f1os de edad. Sus hijos: Fernando y<\/p>\n","protected":false},"author":4,"featured_media":51544,"comment_status":"closed","ping_status":"closed","sticky":false,"template":"","format":"standard","meta":{"_jetpack_memberships_contains_paid_content":false,"footnotes":""},"categories":[10],"tags":[],"class_list":["post-128513","post","type-post","status-publish","format-standard","has-post-thumbnail","hentry","category-necrologicas"],"jetpack_featured_media_url":"https:\/\/i0.wp.com\/cdnoticias.com\/wp-content\/uploads\/2022\/04\/necrologicas-390-x-240.jpg?fit=390%2C240&ssl=1","jetpack_sharing_enabled":true,"_links":{"self":[{"href":"https:\/\/cdnoticias.com\/index.php\/wp-json\/wp\/v2\/posts\/128513","targetHints":{"allow":["GET"]}}],"collection":[{"href":"https:\/\/cdnoticias.com\/index.php\/wp-json\/wp\/v2\/posts"}],"about":[{"href":"https:\/\/cdnoticias.com\/index.php\/wp-json\/wp\/v2\/types\/post"}],"author":[{"embeddable":true,"href":"https:\/\/cdnoticias.com\/index.php\/wp-json\/wp\/v2\/users\/4"}],"replies":[{"embeddable":true,"href":"https:\/\/cdnoticias.com\/index.php\/wp-json\/wp\/v2\/comments?post=128513"}],"version-history":[{"count":0,"href":"https:\/\/cdnoticias.com\/index.php\/wp-json\/wp\/v2\/posts\/128513\/revisions"}],"wp:featuredmedia":[{"embeddable":true,"href":"https:\/\/cdnoticias.com\/index.php\/wp-json\/wp\/v2\/media\/51544"}],"wp:attachment":[{"href":"https:\/\/cdnoticias.com\/index.php\/wp-json\/wp\/v2\/media?parent=128513"}],"wp:term":[{"taxonomy":"category","embeddable":true,"href":"https:\/\/cdnoticias.com\/index.php\/wp-json\/wp\/v2\/categories?post=128513"},{"taxonomy":"post_tag","embeddable":true,"href":"https:\/\/cdnoticias.com\/index.php\/wp-json\/wp\/v2\/tags?post=128513"}],"curies":[{"name":"wp","href":"https:\/\/api.w.org\/{rel}","templated":true}]}}