{"id":128511,"date":"2024-10-22T08:48:26","date_gmt":"2024-10-22T11:48:26","guid":{"rendered":"https:\/\/cdnoticias.com\/?p=128511"},"modified":"2024-10-22T11:18:31","modified_gmt":"2024-10-22T14:18:31","slug":"alerta-por-tormentas-para-el-miercoles-en-olavarria","status":"publish","type":"post","link":"https:\/\/cdnoticias.com\/index.php\/2024\/10\/22\/alerta-por-tormentas-para-el-miercoles-en-olavarria\/","title":{"rendered":"Alerta por tormentas para el mi\u00e9rcoles en Olavarr\u00eda"},"content":{"rendered":"\n<p>Se esperan tormentas severas con lluvias intensas, r\u00e1fagas y granizo en la provincia de Buenos Aires. En nuestra ciudad, la advertencia es color amarillo.<\/p>\n\n\n\n<hr class=\"wp-block-separator has-alpha-channel-opacity\"\/>\n\n\n\n<p>El Servicio Meteorol\u00f3gico Nacional (SMN) lanz\u00f3 una alerta <strong>naranja por tormentas para la provincia de Buenos Aires.<\/strong><\/p>\n\n\n\n<p><\/p>\n\n\n\n<p>Seg\u00fan se indic\u00f3, durante la ma\u00f1ana y la tarde del mi\u00e9rcoles, <strong>una parte de la provincia ser\u00e1 afectada por tormentas localmente fuertes o severas. <\/strong>Las mismas podr\u00e1n estar acompa\u00f1adas por r\u00e1fagas intensas superiores a 80 Km\/h, importante actividad el\u00e9ctrica, ca\u00edda de granizo y abundante ca\u00edda de agua en cortos per\u00edodos.<\/p>\n\n\n\n<p><\/p>\n\n\n\n<blockquote class=\"wp-block-quote is-layout-flow wp-block-quote-is-layout-flow\">\n<p>En tanto para Olavarr\u00eda, se lanz\u00f3 una alerta color amarillo por tormentas. El organismo nacional, se\u00f1al\u00f3 que el \u00e1rea ser\u00e1 afectada por tormentas de variada intensidad, algunas localmente fuertes.<\/p>\n<\/blockquote>\n\n\n\n<p><\/p>\n\n\n\n<p>Se espera para la <strong>tarde del mi\u00e9rcoles<\/strong> en la ciudad, <strong>intensa actividad el\u00e9ctrica, ocasional ca\u00edda de granizo, fuertes r\u00e1fagas y principalmente abundante ca\u00edda de agua <\/strong>en cortos per\u00edodos.<\/p>\n\n\n\n<p><\/p>\n\n\n\n<blockquote class=\"twitter-tweet\"><p lang=\"es\" dir=\"ltr\">\u26a0\ufe0f Atenci\u00f3n | \ud83d\udfe0 Alerta Naranja por tormentas \u26c8\ufe0f<br><br>El mi\u00e9rcoles se esperan tormentas severas con lluvias intensas (50-100 mm), r\u00e1fagas y granizo en la <a href=\"https:\/\/twitter.com\/hashtag\/PBA?src=hash&amp;ref_src=twsrc%5Etfw\">#PBA<\/a>. <br><br>Extrem\u00e1 cuidados y alejate de la electricidad \u26a1\ufe0f.<br><br>Mantenete informado \u2b07\ufe0f<a href=\"https:\/\/twitter.com\/SMN_Argentina?ref_src=twsrc%5Etfw\">@SMN_Argentina<\/a> <a href=\"https:\/\/twitter.com\/BAProvincia?ref_src=twsrc%5Etfw\">@BAProvincia<\/a> <a href=\"https:\/\/t.co\/Yz9NWLWC7W\">pic.twitter.com\/Yz9NWLWC7W<\/a><\/p>&mdash; Defensa Civil PBA (@defensacivilpba) <a href=\"https:\/\/twitter.com\/defensacivilpba\/status\/1848485870241824871?ref_src=twsrc%5Etfw\">October 21, 2024<\/a><\/blockquote> <script async src=\"https:\/\/platform.twitter.com\/widgets.js\" charset=\"utf-8\"><\/script>\n","protected":false},"excerpt":{"rendered":"<p>Se esperan tormentas severas con lluvias intensas, r\u00e1fagas y granizo en la provincia de Buenos Aires. En nuestra ciudad, la<\/p>\n","protected":false},"author":2,"featured_media":37656,"comment_status":"closed","ping_status":"closed","sticky":false,"template":"","format":"standard","meta":{"_jetpack_memberships_contains_paid_content":false,"footnotes":""},"categories":[5,1],"tags":[],"class_list":["post-128511","post","type-post","status-publish","format-standard","has-post-thumbnail","hentry","category-informacion-general","category-portada"],"jetpack_featured_media_url":"https:\/\/i0.wp.com\/cdnoticias.com\/wp-content\/uploads\/2021\/11\/WhatsApp-Image-2021-11-04-at-16.14.42.jpeg?fit=1599%2C1200&ssl=1","jetpack_sharing_enabled":true,"_links":{"self":[{"href":"https:\/\/cdnoticias.com\/index.php\/wp-json\/wp\/v2\/posts\/128511","targetHints":{"allow":["GET"]}}],"collection":[{"href":"https:\/\/cdnoticias.com\/index.php\/wp-json\/wp\/v2\/posts"}],"about":[{"href":"https:\/\/cdnoticias.com\/index.php\/wp-json\/wp\/v2\/types\/post"}],"author":[{"embeddable":true,"href":"https:\/\/cdnoticias.com\/index.php\/wp-json\/wp\/v2\/users\/2"}],"replies":[{"embeddable":true,"href":"https:\/\/cdnoticias.com\/index.php\/wp-json\/wp\/v2\/comments?post=128511"}],"version-history":[{"count":0,"href":"https:\/\/cdnoticias.com\/index.php\/wp-json\/wp\/v2\/posts\/128511\/revisions"}],"wp:featuredmedia":[{"embeddable":true,"href":"https:\/\/cdnoticias.com\/index.php\/wp-json\/wp\/v2\/media\/37656"}],"wp:attachment":[{"href":"https:\/\/cdnoticias.com\/index.php\/wp-json\/wp\/v2\/media?parent=128511"}],"wp:term":[{"taxonomy":"category","embeddable":true,"href":"https:\/\/cdnoticias.com\/index.php\/wp-json\/wp\/v2\/categories?post=128511"},{"taxonomy":"post_tag","embeddable":true,"href":"https:\/\/cdnoticias.com\/index.php\/wp-json\/wp\/v2\/tags?post=128511"}],"curies":[{"name":"wp","href":"https:\/\/api.w.org\/{rel}","templated":true}]}}