{"id":128503,"date":"2024-10-21T20:22:35","date_gmt":"2024-10-21T23:22:35","guid":{"rendered":"https:\/\/cdnoticias.com\/?p=128503"},"modified":"2024-10-22T08:32:38","modified_gmt":"2024-10-22T11:32:38","slug":"la-cgt-repudio-la-violencia-politica-de-milei-hacia-cristina-kirchner","status":"publish","type":"post","link":"https:\/\/cdnoticias.com\/index.php\/2024\/10\/21\/la-cgt-repudio-la-violencia-politica-de-milei-hacia-cristina-kirchner\/","title":{"rendered":"La CGT repudi\u00f3 la violencia pol\u00edtica de Milei hacia Cristina Kirchner"},"content":{"rendered":"\n<p>&#8220;La muerte no puede formar parte de la disputa pol\u00edtica&#8221;, indicaron. Fue luego de que el Presidente expresara que desea \u201cmeterle el \u00faltimo clavo al caj\u00f3n del kirchnerismo con Cristina adentro\u201d.<\/p>\n\n\n\n<hr class=\"wp-block-separator has-alpha-channel-opacity\"\/>\n\n\n\n<p>La <strong>Confederaci\u00f3n General del Trabajo (CGT)<\/strong> emiti\u00f3 este lunes un comunicado en <strong>repudio a las declaraciones de Javier Milei<\/strong>, quien en una reciente entrevista expres\u00f3 su deseo de <strong>&#8220;meter el \u00faltimo clavo al caj\u00f3n del kirchnerismo, con Cristina adentro&#8221;.<\/strong><\/p>\n\n\n\n<p><\/p>\n\n\n\n<p>El <strong>consejo directivo delegaci\u00f3n regional CGT Olavarr\u00eda<\/strong> difundi\u00f3 este lunes por la tarde el documento de repudio. \u201cLa violencia pol\u00edtica ejercida por el Presidente al borrar todos los l\u00edmites de la confrontaci\u00f3n democr\u00e1tica, alentando la muerte de quien fuera dos veces Presidenta de los argentinos\u201d, se\u00f1alaron.<\/p>\n\n\n\n<p><\/p>\n\n\n\n<p>Expresaron que \u201cel <strong>uso y abuso de la violencia verbal por parte del Presidente,<\/strong> ponen de manifiesto su repudiable intolerancia pol\u00edtica y <strong>da\u00f1an el sano ejercicio de la convivencia democr\u00e1tica<\/strong>\u201d.<\/p>\n\n\n\n<p><\/p>\n\n\n\n<blockquote class=\"wp-block-quote is-layout-flow wp-block-quote-is-layout-flow\">\n<p>\u201cLa palabra de un Presidente democr\u00e1tico tiene un valor institucional que no debe ni puede ser disminuido, no debemos naturalizar la violencia en el discurso pol\u00edtico\u201d, agregaron. <\/p>\n<\/blockquote>\n\n\n\n<p><\/p>\n\n\n\n<figure class=\"wp-block-image size-large\"><img data-recalc-dims=\"1\" loading=\"lazy\" decoding=\"async\" width=\"800\" height=\"943\" src=\"https:\/\/i0.wp.com\/cdnoticias.com\/wp-content\/uploads\/2024\/10\/WhatsApp-Image-2024-10-21-at-7.03.02-PM.jpeg?resize=800%2C943&#038;ssl=1\" alt=\"\" class=\"wp-image-128504\" srcset=\"https:\/\/i0.wp.com\/cdnoticias.com\/wp-content\/uploads\/2024\/10\/WhatsApp-Image-2024-10-21-at-7.03.02-PM.jpeg?resize=869%2C1024&amp;ssl=1 869w, https:\/\/i0.wp.com\/cdnoticias.com\/wp-content\/uploads\/2024\/10\/WhatsApp-Image-2024-10-21-at-7.03.02-PM.jpeg?resize=254%2C300&amp;ssl=1 254w, https:\/\/i0.wp.com\/cdnoticias.com\/wp-content\/uploads\/2024\/10\/WhatsApp-Image-2024-10-21-at-7.03.02-PM.jpeg?resize=768%2C905&amp;ssl=1 768w, https:\/\/i0.wp.com\/cdnoticias.com\/wp-content\/uploads\/2024\/10\/WhatsApp-Image-2024-10-21-at-7.03.02-PM.jpeg?w=905&amp;ssl=1 905w\" sizes=\"auto, (max-width: 800px) 100vw, 800px\" \/><\/figure>\n\n\n\n<p><\/p>\n\n\n\n<p>Los dirigentes de la CGT se\u00f1alaron que \u201cla <strong>irresponsabilidad<\/strong> del Presidente al denostar a todos quienes no comparten su visi\u00f3n econ\u00f3mica, social o pol\u00edtica tiene <strong>consecuencias en la pac\u00edfica convivencia social<\/strong>\u201d.<\/p>\n\n\n\n<p><\/p>\n\n\n\n<p>Adem\u00e1s, consideraron que \u201cno podemos dejar pasar por alto\u201d estas declaraciones realizadas abiertamente en la televisi\u00f3n que a\u00f1oran \u201cmorbosamente la muerte de un adversario pol\u00edtico\u201d. <strong>\u201cEs un acto antidemocr\u00e1tico\u201d<\/strong>, resaltaron.<\/p>\n\n\n\n<p><\/p>\n\n\n\n<p>\u201cExpresamos nuestra incondicional <strong>solidaridad con Cristina Fern\u00e1ndez de Kirchner<\/strong>, la muerte no puede formar parte de la disputa pol\u00edtica\u201d, concluyeron.<\/p>\n","protected":false},"excerpt":{"rendered":"<p>&#8220;La muerte no puede formar parte de la disputa pol\u00edtica&#8221;, indicaron. Fue luego de que el Presidente expresara que desea<\/p>\n","protected":false},"author":2,"featured_media":107428,"comment_status":"closed","ping_status":"closed","sticky":false,"template":"","format":"standard","meta":{"_jetpack_memberships_contains_paid_content":false,"footnotes":""},"categories":[4,1],"tags":[],"class_list":["post-128503","post","type-post","status-publish","format-standard","has-post-thumbnail","hentry","category-politica","category-portada"],"jetpack_featured_media_url":"https:\/\/i0.wp.com\/cdnoticias.com\/wp-content\/uploads\/2024\/01\/paro-24E-2024-CGT-Ley-Omnibus-8.jpg?fit=800%2C445&ssl=1","jetpack_sharing_enabled":true,"_links":{"self":[{"href":"https:\/\/cdnoticias.com\/index.php\/wp-json\/wp\/v2\/posts\/128503","targetHints":{"allow":["GET"]}}],"collection":[{"href":"https:\/\/cdnoticias.com\/index.php\/wp-json\/wp\/v2\/posts"}],"about":[{"href":"https:\/\/cdnoticias.com\/index.php\/wp-json\/wp\/v2\/types\/post"}],"author":[{"embeddable":true,"href":"https:\/\/cdnoticias.com\/index.php\/wp-json\/wp\/v2\/users\/2"}],"replies":[{"embeddable":true,"href":"https:\/\/cdnoticias.com\/index.php\/wp-json\/wp\/v2\/comments?post=128503"}],"version-history":[{"count":0,"href":"https:\/\/cdnoticias.com\/index.php\/wp-json\/wp\/v2\/posts\/128503\/revisions"}],"wp:featuredmedia":[{"embeddable":true,"href":"https:\/\/cdnoticias.com\/index.php\/wp-json\/wp\/v2\/media\/107428"}],"wp:attachment":[{"href":"https:\/\/cdnoticias.com\/index.php\/wp-json\/wp\/v2\/media?parent=128503"}],"wp:term":[{"taxonomy":"category","embeddable":true,"href":"https:\/\/cdnoticias.com\/index.php\/wp-json\/wp\/v2\/categories?post=128503"},{"taxonomy":"post_tag","embeddable":true,"href":"https:\/\/cdnoticias.com\/index.php\/wp-json\/wp\/v2\/tags?post=128503"}],"curies":[{"name":"wp","href":"https:\/\/api.w.org\/{rel}","templated":true}]}}