{"id":128496,"date":"2024-10-22T18:07:27","date_gmt":"2024-10-22T21:07:27","guid":{"rendered":"https:\/\/cdnoticias.com\/?p=128496"},"modified":"2024-10-22T18:07:30","modified_gmt":"2024-10-22T21:07:30","slug":"octubre-rosa-una-multitud-participo-de-una-nueva-caminata-por-la-vida","status":"publish","type":"post","link":"https:\/\/cdnoticias.com\/index.php\/2024\/10\/22\/octubre-rosa-una-multitud-participo-de-una-nueva-caminata-por-la-vida\/","title":{"rendered":"Octubre Rosa: una multitud particip\u00f3 de una nueva \u201cCaminata por la Vida\u201d"},"content":{"rendered":"\n<p>La caminata se realiz\u00f3 este s\u00e1bado en el marco de las actividades enmarcadas en el denominado Octubre Rosa. La propuesta, adem\u00e1s, tuvo como enfoque la importancia de promover h\u00e1bitos saludables.<\/p>\n\n\n\n<hr class=\"wp-block-separator aligncenter has-alpha-channel-opacity\"\/>\n\n\n\n<p>Una <strong>verdadera multitud<\/strong> particip\u00f3 el \u00faltimo s\u00e1bado de la<strong> \u201cCaminata por la Vida<\/strong>\u201d, otra de las <a href=\"https:\/\/cdnoticias.com\/index.php\/2024\/10\/20\/octubre-rosa-campana-de-concientizacion-en-el-paseo-jesus-mendia\/\" target=\"_blank\" rel=\"noreferrer noopener\">actividades enmarcadas en el denominado Octubre Rosa<strong>,<\/strong><\/a> mes durante el cual se llevan adelante propuestas tanto de <strong>concientizaci\u00f3n como de prevenci\u00f3n del c\u00e1ncer de mama.<\/strong><\/p>\n\n\n\n<p><\/p>\n\n\n\n<p>Esta edici\u00f3n se realiz\u00f3 en la tarde del \u00faltimo s\u00e1bado, con punto de encuentro en el <strong>Parque \u201cHelios Eseverri\u201d, <\/strong>pero con un recorrido que tambi\u00e9n incluy\u00f3 el <strong>Parque \u201cCerrito\u201d.<\/strong><\/p>\n\n\n\n<p><\/p>\n\n\n\n<blockquote class=\"wp-block-quote is-layout-flow wp-block-quote-is-layout-flow\">\n<p>La actividad fue encabezada por profesoras del staff de la Subsecretar\u00eda de Deportes del Municipio, pero tambi\u00e9n con la participaci\u00f3n y colaboraci\u00f3n en la organizaci\u00f3n de Lalcec, Ola Rosa y el Hospital Provincial de Oncolog\u00eda \u201cLuciano Fortabat\u201d.<\/p>\n<\/blockquote>\n\n\n\n<p><\/p>\n\n\n\n<p>Fue as\u00ed que pudo verse un<strong> importante marco de concurrentes<\/strong>, conformado no s\u00f3lo por integrantes de las entidades mencionadas previamente, sino tambi\u00e9n mujeres que concurren a programas municipales recreativos y comunidad en general.<\/p>\n\n\n\n<p><\/p>\n\n\n\n<figure class=\"wp-block-image aligncenter size-full\"><img data-recalc-dims=\"1\" loading=\"lazy\" decoding=\"async\" width=\"800\" height=\"490\" src=\"https:\/\/i0.wp.com\/cdnoticias.com\/wp-content\/uploads\/2024\/10\/caminata-octubre-rosa3.jpg?resize=800%2C490&#038;ssl=1\" alt=\"\" class=\"wp-image-128501\" srcset=\"https:\/\/i0.wp.com\/cdnoticias.com\/wp-content\/uploads\/2024\/10\/caminata-octubre-rosa3.jpg?w=900&amp;ssl=1 900w, https:\/\/i0.wp.com\/cdnoticias.com\/wp-content\/uploads\/2024\/10\/caminata-octubre-rosa3.jpg?resize=300%2C184&amp;ssl=1 300w, https:\/\/i0.wp.com\/cdnoticias.com\/wp-content\/uploads\/2024\/10\/caminata-octubre-rosa3.jpg?resize=768%2C470&amp;ssl=1 768w\" sizes=\"auto, (max-width: 800px) 100vw, 800px\" \/><\/figure>\n\n\n\n<p><\/p>\n\n\n\n<p>La propuesta, adem\u00e1s, tuvo como enfoque la <strong>importancia de promover h\u00e1bitos saludables<\/strong> y el \u00fanico requisito fue acercarse con una prenda de vestir, gorra o vincha de color rosa. Luego de la caminata, la jornada culmin\u00f3 con una merienda compartida.<\/p>\n\n\n\n<p><\/p>\n\n\n\n<p><strong>\u201cOctubre Rosa\u201d<\/strong> es organizada por el<strong> Municipio de Olavarr\u00eda, junto a Lalcec, Ola Rosa <\/strong>y dem\u00e1s instituciones alusivas, mediante dicha campa\u00f1a se hace hincapi\u00e9 en la importancia tanto de <strong>prevenir la enfermedad, como de mantener al d\u00eda los controles m\u00e9dicos<\/strong> para registrar de forma temprana cualquier anomal\u00eda, lo que permita llegar a un diagn\u00f3stico certero y al tratamiento adecuado.<\/p>\n\n\n\n<p><\/p>\n\n\n\n<blockquote class=\"wp-block-quote is-layout-flow wp-block-quote-is-layout-flow\">\n<p>En este sentido, hasta el viernes 25 del corriente mes se llevan adelante PAP y ex\u00e1menes mamarios a quienes se acerquen, a demanda (no se requiere turno previo) al consultorio de Ginecolog\u00eda, en el Box N\u00b0 4 (Consultorio 21) del Hospital Municipal \u201cDr. H\u00e9ctor M. Cura\u201d de 8:30 a 12:00 horas.<\/p>\n<\/blockquote>\n\n\n\n<p><\/p>\n\n\n\n<p>En paralelo, del <strong>21 al 25 de octubre se llevar\u00e1n a cabo controles en Lalcec Olavarr\u00eda<\/strong>. Asimismo tambi\u00e9n se realizan <strong>estudios imagenol\u00f3gicos mamarios<\/strong>, de <strong>lunes a viernes 9 a 16 horas,<\/strong> en el Servicio de Diagn\u00f3stico de Im\u00e1genes del Hospital Municipal \u201cDr. H\u00e9ctor M. Cura\u201d, <strong>hasta el 25 de octubre.<\/strong><\/p>\n\n\n\n<p><\/p>\n\n\n\n<figure class=\"wp-block-image aligncenter size-full\"><img data-recalc-dims=\"1\" loading=\"lazy\" decoding=\"async\" width=\"800\" height=\"445\" src=\"https:\/\/i0.wp.com\/cdnoticias.com\/wp-content\/uploads\/2024\/10\/caminata-octubre-rosa2.png?resize=800%2C445&#038;ssl=1\" alt=\"\" class=\"wp-image-128500\" srcset=\"https:\/\/i0.wp.com\/cdnoticias.com\/wp-content\/uploads\/2024\/10\/caminata-octubre-rosa2.png?w=877&amp;ssl=1 877w, https:\/\/i0.wp.com\/cdnoticias.com\/wp-content\/uploads\/2024\/10\/caminata-octubre-rosa2.png?resize=300%2C167&amp;ssl=1 300w, https:\/\/i0.wp.com\/cdnoticias.com\/wp-content\/uploads\/2024\/10\/caminata-octubre-rosa2.png?resize=768%2C427&amp;ssl=1 768w, https:\/\/i0.wp.com\/cdnoticias.com\/wp-content\/uploads\/2024\/10\/caminata-octubre-rosa2.png?resize=800%2C445&amp;ssl=1 800w\" sizes=\"auto, (max-width: 800px) 100vw, 800px\" \/><\/figure>\n\n\n\n<p><\/p>\n\n\n\n<p>Por \u00faltimo, por iniciativa de la Subsecretar\u00eda de APS, se lleva a cabo la <strong>Campa\u00f1a de Salud de la Mujer que se extender\u00e1 hasta el 25 de octubre<\/strong>, que contempla actividades en los diferentes Centros de Salud, tales como controles ginecol\u00f3gicos y ex\u00e1menes complementarios, talleres de concientizaci\u00f3n y charlas informativas.<\/p>\n\n\n\n<p><\/p>\n\n\n\n<figure class=\"wp-block-image aligncenter size-full\"><img data-recalc-dims=\"1\" loading=\"lazy\" decoding=\"async\" width=\"800\" height=\"455\" src=\"https:\/\/i0.wp.com\/cdnoticias.com\/wp-content\/uploads\/2024\/10\/caminata-octubre-rosa.png?resize=800%2C455&#038;ssl=1\" alt=\"\" class=\"wp-image-128498\" srcset=\"https:\/\/i0.wp.com\/cdnoticias.com\/wp-content\/uploads\/2024\/10\/caminata-octubre-rosa.png?w=887&amp;ssl=1 887w, https:\/\/i0.wp.com\/cdnoticias.com\/wp-content\/uploads\/2024\/10\/caminata-octubre-rosa.png?resize=300%2C170&amp;ssl=1 300w, https:\/\/i0.wp.com\/cdnoticias.com\/wp-content\/uploads\/2024\/10\/caminata-octubre-rosa.png?resize=768%2C436&amp;ssl=1 768w\" sizes=\"auto, (max-width: 800px) 100vw, 800px\" \/><\/figure>\n\n\n\n<p><\/p>\n","protected":false},"excerpt":{"rendered":"<p>La caminata se realiz\u00f3 este s\u00e1bado en el marco de las actividades enmarcadas en el denominado Octubre Rosa. La propuesta,<\/p>\n","protected":false},"author":6,"featured_media":128499,"comment_status":"closed","ping_status":"closed","sticky":false,"template":"","format":"standard","meta":{"_jetpack_memberships_contains_paid_content":false,"footnotes":""},"categories":[5,1],"tags":[],"class_list":["post-128496","post","type-post","status-publish","format-standard","has-post-thumbnail","hentry","category-informacion-general","category-portada"],"jetpack_featured_media_url":"https:\/\/i0.wp.com\/cdnoticias.com\/wp-content\/uploads\/2024\/10\/caminata-octubre-rosa1.png?fit=868%2C537&ssl=1","jetpack_sharing_enabled":true,"_links":{"self":[{"href":"https:\/\/cdnoticias.com\/index.php\/wp-json\/wp\/v2\/posts\/128496","targetHints":{"allow":["GET"]}}],"collection":[{"href":"https:\/\/cdnoticias.com\/index.php\/wp-json\/wp\/v2\/posts"}],"about":[{"href":"https:\/\/cdnoticias.com\/index.php\/wp-json\/wp\/v2\/types\/post"}],"author":[{"embeddable":true,"href":"https:\/\/cdnoticias.com\/index.php\/wp-json\/wp\/v2\/users\/6"}],"replies":[{"embeddable":true,"href":"https:\/\/cdnoticias.com\/index.php\/wp-json\/wp\/v2\/comments?post=128496"}],"version-history":[{"count":0,"href":"https:\/\/cdnoticias.com\/index.php\/wp-json\/wp\/v2\/posts\/128496\/revisions"}],"wp:featuredmedia":[{"embeddable":true,"href":"https:\/\/cdnoticias.com\/index.php\/wp-json\/wp\/v2\/media\/128499"}],"wp:attachment":[{"href":"https:\/\/cdnoticias.com\/index.php\/wp-json\/wp\/v2\/media?parent=128496"}],"wp:term":[{"taxonomy":"category","embeddable":true,"href":"https:\/\/cdnoticias.com\/index.php\/wp-json\/wp\/v2\/categories?post=128496"},{"taxonomy":"post_tag","embeddable":true,"href":"https:\/\/cdnoticias.com\/index.php\/wp-json\/wp\/v2\/tags?post=128496"}],"curies":[{"name":"wp","href":"https:\/\/api.w.org\/{rel}","templated":true}]}}