{"id":128466,"date":"2024-10-21T19:51:31","date_gmt":"2024-10-21T22:51:31","guid":{"rendered":"https:\/\/cdnoticias.com\/?p=128466"},"modified":"2024-10-22T08:48:45","modified_gmt":"2024-10-22T11:48:45","slug":"toma-activa-en-la-facso-la-decision-la-tomo-la-asamblea-estudiantil-por-unanimidad","status":"publish","type":"post","link":"https:\/\/cdnoticias.com\/index.php\/2024\/10\/21\/toma-activa-en-la-facso-la-decision-la-tomo-la-asamblea-estudiantil-por-unanimidad\/","title":{"rendered":"Toma activa en la FACSO: \u201cla decisi\u00f3n la tom\u00f3 la asamblea estudiantil por unanimidad\u201d"},"content":{"rendered":"\n<p>Central de Noticias dialog\u00f3 con el consejero superior del Centro de Estudiantes, Agust\u00edn Dal Poggetto quien explic\u00f3 c\u00f3mo se lleg\u00f3 a la medida y resalt\u00f3 que \u201cel cronograma se va respetando a la perfecci\u00f3n\u201d.<\/p>\n\n\n\n<hr class=\"wp-block-separator aligncenter has-alpha-channel-opacity\"\/>\n\n\n\n<p>Este lunes por la ma\u00f1ana se conoci\u00f3 la <a href=\"https:\/\/cdnoticias.com\/index.php\/2024\/10\/21\/durante-el-paro-de-universitarios-habra-una-toma-activa-de-la-facultad-de-ciencias-sociales\/\" target=\"_blank\" rel=\"noreferrer noopener\">decisi\u00f3n por parte de estudiantes de Sociales de realizar una toma activa del edificio de la casa de estudios<\/a>, que, al mismo tiempo, se encuentra <strong>inmersa en un paro de 48 horas por parte de docentes y no docentes<\/strong> tras la ratificaci\u00f3n del veto a la ley de financiamiento universitario.<\/p>\n\n\n\n<p><\/p>\n\n\n\n<blockquote class=\"wp-block-quote is-layout-flow wp-block-quote-is-layout-flow\">\n<p>La toma activa del edificio de la Facultad de Ciencias Sociales de UNICEN comenz\u00f3 a las 08:00 horas de este lunes 21 y continuar\u00e1 hasta la noche del martes 22 de octubre.<\/p>\n<\/blockquote>\n\n\n\n<p><\/p>\n\n\n\n<p><em>Central de Noticias<\/em> dialog\u00f3 con el consejero superior del Centro de Estudiantes, <strong>Agust\u00edn Dal Poggetto<\/strong> quien explic\u00f3 c\u00f3mo se lleg\u00f3 a la decisi\u00f3n de la toma activa y repas\u00f3 el cronograma pautado para los dos d\u00edas.<\/p>\n\n\n\n<p><\/p>\n\n\n\n<p>\u201cDesde Sociales tuvimos una asamblea estudiantil debido a que desde que comenz\u00f3 el a\u00f1o no hab\u00edamos tenido un espacio asambleario solamente de Sociales. Nos hemos encontrado en la asamblea interclaustro como compa\u00f1eros pero nunca como estudiantes de Sociales\u201d expres\u00f3 Dal Poggetto.<\/p>\n\n\n\n<p><\/p>\n\n\n\n<figure class=\"wp-block-image aligncenter size-large\"><img data-recalc-dims=\"1\" loading=\"lazy\" decoding=\"async\" width=\"800\" height=\"445\" src=\"https:\/\/i0.wp.com\/cdnoticias.com\/wp-content\/uploads\/2024\/10\/facultad-sociales-unicen-toma.jpg?resize=800%2C445&#038;ssl=1\" alt=\"\" class=\"wp-image-128429\" srcset=\"https:\/\/i0.wp.com\/cdnoticias.com\/wp-content\/uploads\/2024\/10\/facultad-sociales-unicen-toma.jpg?resize=1024%2C570&amp;ssl=1 1024w, https:\/\/i0.wp.com\/cdnoticias.com\/wp-content\/uploads\/2024\/10\/facultad-sociales-unicen-toma.jpg?resize=300%2C167&amp;ssl=1 300w, https:\/\/i0.wp.com\/cdnoticias.com\/wp-content\/uploads\/2024\/10\/facultad-sociales-unicen-toma.jpg?resize=768%2C427&amp;ssl=1 768w, https:\/\/i0.wp.com\/cdnoticias.com\/wp-content\/uploads\/2024\/10\/facultad-sociales-unicen-toma.jpg?resize=1536%2C854&amp;ssl=1 1536w, https:\/\/i0.wp.com\/cdnoticias.com\/wp-content\/uploads\/2024\/10\/facultad-sociales-unicen-toma.jpg?resize=800%2C445&amp;ssl=1 800w, https:\/\/i0.wp.com\/cdnoticias.com\/wp-content\/uploads\/2024\/10\/facultad-sociales-unicen-toma.jpg?w=1600&amp;ssl=1 1600w\" sizes=\"auto, (max-width: 800px) 100vw, 800px\" \/><\/figure>\n\n\n\n<p><\/p>\n\n\n\n<p>Sobre la reuni\u00f3n, defini\u00f3 que \u201c<strong>llegamos a muchos consensos y acuerdos. Sent\u00edamos la necesidad de hacer propuestas nuestras desde Sociales. Nosotros vemos que tenemos un protagonismo muy importante en la asamblea interclaustro y que proponemos muchas de las cosas que despu\u00e9s se llevan a cabo\u201d.<\/strong><\/p>\n\n\n\n<p><\/p>\n\n\n\n<p>\u201cEn relaci\u00f3n a esto \u00faltimo, empezamos a pensar sobre los dos d\u00edas de paro, que es un paro bastante contundente. En todo el pa\u00eds se vienen haciendo de 48 horas y de 36 horas y en la UNICEN se han hecho pocos de 48 horas este a\u00f1o\u201d agreg\u00f3 el consejero superior. <\/p>\n\n\n\n<p><\/p>\n\n\n\n<p>Sobre el trabajo realizado hasta ahora, Dal Poggetto expres\u00f3 que \u201c <strong>decidimos buscar nuevas alternativas. Ya hicimos folleteadas, cortes de calles, las dos marchas federales, acompa\u00f1amos las clases p\u00fablicas y las difusiones. Esta toma solo viene a ponerle un nombre al trabajo que venimos haciendo todo este a\u00f1o, que es un reclamo para pedir mejores pol\u00edticas universitarias\u201d. <\/strong>&nbsp;<\/p>\n\n\n\n<p><\/p>\n\n\n\n<blockquote class=\"wp-block-quote is-layout-flow wp-block-quote-is-layout-flow\">\n<p>Sobre la toma activa, Dal Poggetto remarc\u00f3 que \u201cesta decisi\u00f3n no tiene que ver con Ingenieria y Salud, es puramente de Sociales. Estamos en comunicaci\u00f3n permanente los compa\u00f1eros de los centros de estudiantes y &nbsp;ellos tambi\u00e9n est\u00e1n comprometidos y poniendo el cuerpo a sus discusiones, que en cada facultad es distinta\u201d.<\/p>\n<\/blockquote>\n\n\n\n<p><\/p>\n\n\n\n<figure class=\"wp-block-image aligncenter size-large\"><img data-recalc-dims=\"1\" loading=\"lazy\" decoding=\"async\" width=\"800\" height=\"771\" src=\"https:\/\/i0.wp.com\/cdnoticias.com\/wp-content\/uploads\/2024\/10\/WhatsApp-Image-2024-10-21-at-10.49.07.jpeg?resize=800%2C771&#038;ssl=1\" alt=\"\" class=\"wp-image-128430\" srcset=\"https:\/\/i0.wp.com\/cdnoticias.com\/wp-content\/uploads\/2024\/10\/WhatsApp-Image-2024-10-21-at-10.49.07.jpeg?resize=1024%2C987&amp;ssl=1 1024w, https:\/\/i0.wp.com\/cdnoticias.com\/wp-content\/uploads\/2024\/10\/WhatsApp-Image-2024-10-21-at-10.49.07.jpeg?resize=300%2C289&amp;ssl=1 300w, https:\/\/i0.wp.com\/cdnoticias.com\/wp-content\/uploads\/2024\/10\/WhatsApp-Image-2024-10-21-at-10.49.07.jpeg?resize=768%2C740&amp;ssl=1 768w, https:\/\/i0.wp.com\/cdnoticias.com\/wp-content\/uploads\/2024\/10\/WhatsApp-Image-2024-10-21-at-10.49.07.jpeg?w=1170&amp;ssl=1 1170w\" sizes=\"auto, (max-width: 800px) 100vw, 800px\" \/><\/figure>\n\n\n\n<p><\/p>\n\n\n\n<p>\u201c<strong>Necesit\u00e1bamos un espacio para charlar de los problemas que tenemos como estudiantes de Sociales y de ah\u00ed sale la toma. Los compa\u00f1eros de las otras facultades nos acompa\u00f1an y nos vienen mostrando se\u00f1ales de apoyo<\/strong>\u201d agreg\u00f3.<\/p>\n\n\n\n<p><\/p>\n\n\n\n<blockquote class=\"wp-block-quote is-layout-flow wp-block-quote-is-layout-flow\">\n<p>El consejero superior resalt\u00f3 que \u201cla decisi\u00f3n la tom\u00f3 la asamblea estudiantil por unanimidad. La toma activa significa estar en la facultad todo el d\u00eda y pernoctar para seguir encontr\u00e1ndonos en dos asambleas permanentes.&nbsp; Vamos a tener una asamblea hoy por la noche y una ma\u00f1ana, tambi\u00e9n por la noche\u201d.<\/p>\n<\/blockquote>\n\n\n\n<p><\/p>\n\n\n\n<p class=\"has-medium-font-size\"><strong>Objetivos de la toma activa<\/strong><\/p>\n\n\n\n<p><\/p>\n\n\n\n<p>Dal Poggetto explic\u00f3 que \u201cla <strong>primera prioridad <\/strong>de estos dos d\u00edas es <strong>tener personas que puedan participar de las actividades que ya est\u00e1n planteadas en la asamblea interclaustro<\/strong>. La <strong>segunda propuesta <\/strong>fue que <strong>est\u00e9n los dos d\u00edas completo de actividades<\/strong> que no solo nos importen y nos interesen, sino que nos hagan falta\u201d.<\/p>\n\n\n\n<p><\/p>\n\n\n\n<p>Entre los ejemplos de temas a tratar se hablar\u00e1 de los planes de estudio, los n\u00facleos de investigaci\u00f3n que hay disponibles para que los estudiantes participen, programas de medios p\u00fablicos, las actividades que propone el centro de estudiantes, las becas estudiantiles, entre otros.<\/p>\n\n\n\n<p><\/p>\n\n\n\n<blockquote class=\"wp-block-quote is-layout-flow wp-block-quote-is-layout-flow\">\n<p>\u201cEl cronograma se va respetando a la perfecci\u00f3n. Tuvimos a la ma\u00f1ana un taller de resoluci\u00f3n de trabajos pr\u00e1cticos y de parciales, intervenimos la Facultad con carteles, las clases que se iban a dar se desarrollaron, se rindi\u00f3 un parcial hoy a la ma\u00f1ana de manera presencial, con lo cual las actividades acad\u00e9micas que vienen desarrollando de la mejor manera\u201d sostuvo el consejero superior.<\/p>\n<\/blockquote>\n\n\n\n<p><\/p>\n\n\n\n<figure class=\"wp-block-image aligncenter size-full\"><img data-recalc-dims=\"1\" loading=\"lazy\" decoding=\"async\" width=\"800\" height=\"369\" src=\"https:\/\/i0.wp.com\/cdnoticias.com\/wp-content\/uploads\/2024\/10\/sociales-toma-activa.jpg?resize=800%2C369&#038;ssl=1\" alt=\"\" class=\"wp-image-128472\" srcset=\"https:\/\/i0.wp.com\/cdnoticias.com\/wp-content\/uploads\/2024\/10\/sociales-toma-activa.jpg?w=900&amp;ssl=1 900w, https:\/\/i0.wp.com\/cdnoticias.com\/wp-content\/uploads\/2024\/10\/sociales-toma-activa.jpg?resize=300%2C138&amp;ssl=1 300w, https:\/\/i0.wp.com\/cdnoticias.com\/wp-content\/uploads\/2024\/10\/sociales-toma-activa.jpg?resize=768%2C354&amp;ssl=1 768w\" sizes=\"auto, (max-width: 800px) 100vw, 800px\" \/><\/figure>\n\n\n\n<p><\/p>\n\n\n\n<p>Asimismo, remarc\u00f3 que queremos que &#8220;todos entendamos cuando entramos a la Facultad que <strong>estamos en un momento de crisis y que esa crisis se debe a responsables directos.<\/strong> <strong>Este Gobierno ha decidido desfinanciar la Universidad y para nosotros significa un problema.<\/strong> El motivo de esta toma como estudiantes es plantear la discusi\u00f3n de c\u00f3mo nos afecta esta crisis\u201d.<\/p>\n\n\n\n<p><\/p>\n\n\n\n<p>La toma activa coincide con el paro de 48 horas que est\u00e1n llevando a cabo docentes y no docentes de todo el pa\u00eds. Al respecto, Dal Poggeto explic\u00f3 que <strong>\u201cel docente que quiera dar clases puede dar. El que se quiere adherir al paro que se adhiera y los trabajadores no docentes que quieran venir a trabajar lo pueden hacer tambi\u00e9n\u201d.<\/strong> &nbsp;<\/p>\n\n\n\n<p><\/p>\n\n\n\n<blockquote class=\"wp-block-quote is-layout-flow wp-block-quote-is-layout-flow\">\n<p>Asimismo, Dal Poggetto cont\u00f3 que \u201cconsiderando que los trabajadores de Radio Universidad 90.1 se adhirieron todos al paro tambi\u00e9n contemplamos ese espacio para utilizar debido a que los dos d\u00edas de paro va a estar vac\u00eda y nosotros quisimos llenarla de contenido, por eso tambi\u00e9n contemplamos un cronograma de radio nocturna\u201d.<\/p>\n<\/blockquote>\n\n\n\n<figure class=\"wp-block-image aligncenter size-full\"><img data-recalc-dims=\"1\" loading=\"lazy\" decoding=\"async\" width=\"800\" height=\"800\" src=\"https:\/\/i0.wp.com\/cdnoticias.com\/wp-content\/uploads\/2024\/10\/cronograma-toma-activa-1.jpg?resize=800%2C800&#038;ssl=1\" alt=\"\" class=\"wp-image-128473\" srcset=\"https:\/\/i0.wp.com\/cdnoticias.com\/wp-content\/uploads\/2024\/10\/cronograma-toma-activa-1.jpg?w=900&amp;ssl=1 900w, https:\/\/i0.wp.com\/cdnoticias.com\/wp-content\/uploads\/2024\/10\/cronograma-toma-activa-1.jpg?resize=300%2C300&amp;ssl=1 300w, https:\/\/i0.wp.com\/cdnoticias.com\/wp-content\/uploads\/2024\/10\/cronograma-toma-activa-1.jpg?resize=150%2C150&amp;ssl=1 150w, https:\/\/i0.wp.com\/cdnoticias.com\/wp-content\/uploads\/2024\/10\/cronograma-toma-activa-1.jpg?resize=768%2C768&amp;ssl=1 768w\" sizes=\"auto, (max-width: 800px) 100vw, 800px\" \/><\/figure>\n\n\n\n<p><\/p>\n\n\n\n<p>\u201cNos comunicamos con la Comisi\u00f3n de la radio, con la coordinaci\u00f3n general de la radio y con los trabajadores de la radio para que <strong>est\u00e9n al tanto del uso de la radio. <\/strong>Queremos caracterizar el reclamo que tenemos nosotros, que si bien es igual a todo el pa\u00eds,&nbsp; podemos decir c\u00f3mo nos afecta y qu\u00e9 consecuencias tenemos como estudiantes de Olavarr\u00eda y de Sociales\u201d afirm\u00f3 Dal Poggetto. <\/p>\n\n\n\n<p><\/p>\n\n\n\n<p>En relaci\u00f3n a esto \u00faltimo, el consejero superior afirm\u00f3 que desde la radio \u201cvamos a difundir, ordenar y comunicarle a la audiencia todo lo que hemos  charlando en asambleas, porque han sido muchas en pocos d\u00edas. Tambi\u00e9n<strong> habr\u00e1 entrevistados que son estudiantes de todo el pa\u00eds que integran universidades p\u00fablicas. Algunos han tomado y otros han hecho otras actividades pero la iniciativa es conocer qu\u00e9 est\u00e1n haciendo ellos, c\u00f3mo les pega la crisis y c\u00f3mo est\u00e1n atravesando todo este contexto<\/strong>\u201d agreg\u00f3.<\/p>\n\n\n\n<p><\/p>\n\n\n\n<figure class=\"wp-block-image aligncenter size-large\"><img data-recalc-dims=\"1\" loading=\"lazy\" decoding=\"async\" width=\"576\" height=\"1024\" src=\"https:\/\/i0.wp.com\/cdnoticias.com\/wp-content\/uploads\/2024\/10\/cronograma-toma-activa-3.jpg?resize=576%2C1024&#038;ssl=1\" alt=\"\" class=\"wp-image-128492\" srcset=\"https:\/\/i0.wp.com\/cdnoticias.com\/wp-content\/uploads\/2024\/10\/cronograma-toma-activa-3.jpg?resize=576%2C1024&amp;ssl=1 576w, https:\/\/i0.wp.com\/cdnoticias.com\/wp-content\/uploads\/2024\/10\/cronograma-toma-activa-3.jpg?resize=169%2C300&amp;ssl=1 169w, https:\/\/i0.wp.com\/cdnoticias.com\/wp-content\/uploads\/2024\/10\/cronograma-toma-activa-3.jpg?w=720&amp;ssl=1 720w\" sizes=\"auto, (max-width: 576px) 100vw, 576px\" \/><\/figure>\n\n\n\n<p>Para finalizar, la radio nocturna tendr\u00e1 un <strong>programa de Mil Voces, <\/strong>el cual se identifica como propio de los estudiantes y una repetici\u00f3n del <strong>programa de \u201cTelara\u00f1as<\/strong>\u201d a cargo de <strong>estudiantes en contexto de encierro<\/strong>.<\/p>\n\n\n\n<p><\/p>\n\n\n\n<p>Por \u00faltimo, Dal Poggetto cerr\u00f3: \u201c<strong><em>el motivo es usar este medio p\u00fablico ya que muchos de nosotros nos estamos formando en Periodismo y Comunicaci\u00f3n con lo cual es un ejercicio tambi\u00e9n profesional no solo como estudiantes, sino como futuros profesionales de la comunicaci\u00f3n, as\u00ed que estamos muy entusiasmados\u201d.<\/em><\/strong><\/p>\n\n\n\n<p><\/p>\n\n\n\n<p><\/p>\n","protected":false},"excerpt":{"rendered":"<p>Central de Noticias dialog\u00f3 con el consejero superior del Centro de Estudiantes, Agust\u00edn Dal Poggetto quien explic\u00f3 c\u00f3mo se lleg\u00f3<\/p>\n","protected":false},"author":6,"featured_media":127914,"comment_status":"closed","ping_status":"closed","sticky":false,"template":"","format":"standard","meta":{"_jetpack_memberships_contains_paid_content":false,"footnotes":""},"categories":[5,1],"tags":[],"class_list":["post-128466","post","type-post","status-publish","format-standard","has-post-thumbnail","hentry","category-informacion-general","category-portada"],"jetpack_featured_media_url":"https:\/\/i0.wp.com\/cdnoticias.com\/wp-content\/uploads\/2024\/10\/Asamblea-unicen-campus-Olavarria-08.jpg?fit=1024%2C680&ssl=1","jetpack_sharing_enabled":true,"_links":{"self":[{"href":"https:\/\/cdnoticias.com\/index.php\/wp-json\/wp\/v2\/posts\/128466","targetHints":{"allow":["GET"]}}],"collection":[{"href":"https:\/\/cdnoticias.com\/index.php\/wp-json\/wp\/v2\/posts"}],"about":[{"href":"https:\/\/cdnoticias.com\/index.php\/wp-json\/wp\/v2\/types\/post"}],"author":[{"embeddable":true,"href":"https:\/\/cdnoticias.com\/index.php\/wp-json\/wp\/v2\/users\/6"}],"replies":[{"embeddable":true,"href":"https:\/\/cdnoticias.com\/index.php\/wp-json\/wp\/v2\/comments?post=128466"}],"version-history":[{"count":0,"href":"https:\/\/cdnoticias.com\/index.php\/wp-json\/wp\/v2\/posts\/128466\/revisions"}],"wp:featuredmedia":[{"embeddable":true,"href":"https:\/\/cdnoticias.com\/index.php\/wp-json\/wp\/v2\/media\/127914"}],"wp:attachment":[{"href":"https:\/\/cdnoticias.com\/index.php\/wp-json\/wp\/v2\/media?parent=128466"}],"wp:term":[{"taxonomy":"category","embeddable":true,"href":"https:\/\/cdnoticias.com\/index.php\/wp-json\/wp\/v2\/categories?post=128466"},{"taxonomy":"post_tag","embeddable":true,"href":"https:\/\/cdnoticias.com\/index.php\/wp-json\/wp\/v2\/tags?post=128466"}],"curies":[{"name":"wp","href":"https:\/\/api.w.org\/{rel}","templated":true}]}}