{"id":128445,"date":"2024-10-22T08:13:36","date_gmt":"2024-10-22T11:13:36","guid":{"rendered":"https:\/\/cdnoticias.com\/?p=128445"},"modified":"2024-10-22T08:13:38","modified_gmt":"2024-10-22T11:13:38","slug":"estatales-la-provincia-acordo-un-aumento-escalonado-de-8-puntos-y-alcanza-a-seguridad","status":"publish","type":"post","link":"https:\/\/cdnoticias.com\/index.php\/2024\/10\/22\/estatales-la-provincia-acordo-un-aumento-escalonado-de-8-puntos-y-alcanza-a-seguridad\/","title":{"rendered":"Estatales: la Provincia acord\u00f3 un aumento escalonado de 8 puntos y alcanza a Seguridad"},"content":{"rendered":"<p>Se destac\u00f3 el acuerdo con representantes gremiales. Se trata de un 4% en octubre y 4% en noviembre, con reapertura de las negociaciones en diciembre. Ahora, el ministro de Econom\u00eda provincial confirm\u00f3 que \u201cser\u00e1 extensivo\u201d al personal de seguridad.<!--more--><\/p>\n<hr \/>\n<p>El <strong>Gobierno de la provincia de Buenos Aires<\/strong> dio a conocer el resultado de la<a href=\"https:\/\/cdnoticias.com\/index.php\/2024\/10\/17\/paritarias-provinciales-docentes-cerca-de-acordar-estatales-con-oferta\/\" target=\"_blank\" rel=\"noopener\"> negociaci\u00f3n paritaria con los estatales<\/a>. En tanto, el ministro de Econom\u00eda provincial, Pablo L\u00f3pez, confirm\u00f3 que \u201cser\u00e1 extensivo\u201d al personal de seguridad.<\/p>\n<p>\u00a0<\/p>\n<blockquote>\n<p>Se inform\u00f3 que &#8220;cumpliendo sus compromisos a\u00fan en un contexto de dificultad financiera provocada por las pol\u00edticas del Gobierno nacional, acord\u00f3 con los gremios que nuclean a todas las y los trabajadores bonaerenses dos nuevos tramos de aumento salarial de 4% en octubre y 4% en noviembre, respecto de la base paritaria&#8221;.<\/p>\n<\/blockquote>\n<p>\u00a0<\/p>\n<p>El acuerdo prioriz\u00f3<strong> &#8220;la mejora de los sueldos b\u00e1sicos de todas las y los trabajadores provinciales; e incluye la reapertura de negociaciones en diciembre, y un incremento de asignaciones familiares<\/strong> y los tramos de las asignaciones familiares&#8221; se detall\u00f3. En el caso de las y los trabajadores nucleados bajo la Ley 10430 y otros reg\u00edmenes, se rubric\u00f3 tambi\u00e9n el acuerdo del reglamento para el <strong>Organismo de Ni\u00f1ez y Adolescencia<\/strong>; mientras que en el <a href=\"https:\/\/cdnoticias.com\/index.php\/2024\/10\/19\/paritarias-docentes-aceptaron-la-oferta-bimestral-del-gobierno\/\" target=\"_blank\" rel=\"noopener\">caso de los <\/a><strong><a href=\"_wp_link_placeholder\">docentes<\/a>, la r\u00fabrica fue para el acuerdo de enfermedades cr\u00f3nicas.<\/strong><\/p>\n<p>\u00a0<\/p>\n<p><img data-recalc-dims=\"1\" loading=\"lazy\" decoding=\"async\" class=\"size-full wp-image-119309 aligncenter\" src=\"https:\/\/i0.wp.com\/cdnoticias.com\/wp-content\/uploads\/2024\/06\/GAD-grupo-de-apoyo-departamental-02-policias.jpg?resize=800%2C446&#038;ssl=1\" alt=\"\" width=\"800\" height=\"446\" srcset=\"https:\/\/i0.wp.com\/cdnoticias.com\/wp-content\/uploads\/2024\/06\/GAD-grupo-de-apoyo-departamental-02-policias.jpg?w=1000&amp;ssl=1 1000w, https:\/\/i0.wp.com\/cdnoticias.com\/wp-content\/uploads\/2024\/06\/GAD-grupo-de-apoyo-departamental-02-policias.jpg?resize=300%2C167&amp;ssl=1 300w, https:\/\/i0.wp.com\/cdnoticias.com\/wp-content\/uploads\/2024\/06\/GAD-grupo-de-apoyo-departamental-02-policias.jpg?resize=768%2C428&amp;ssl=1 768w, https:\/\/i0.wp.com\/cdnoticias.com\/wp-content\/uploads\/2024\/06\/GAD-grupo-de-apoyo-departamental-02-policias.jpg?resize=800%2C445&amp;ssl=1 800w\" sizes=\"auto, (max-width: 800px) 100vw, 800px\" \/><\/p>\n<p>\u00a0<\/p>\n<p>Este lunes el ministro L\u00f3pez adelant\u00f3: <strong>\u201cel incremento salarial ser\u00e1 extensivo al personal de la Polic\u00eda y del Servicio Penitenciario Bonaerense\u201d.<\/strong><\/p>\n<p>\u00a0<\/p>\n<blockquote>\n<p>El ministro indic\u00f3 que, en el marco de la crisis econ\u00f3mica, \u201cpara nosotros este acuerdo salarial es absolutamente relevante\u201d, ya que \u201cpudimos sostener las paritarias todo el a\u00f1o\u201d, mientras \u201cle dimos continuidad a la obra p\u00fablica\u201d y \u201creforzamos los programas que atienden a los sectores m\u00e1s vulnerables\u201d.<\/p>\n<\/blockquote>\n<p>\u00a0<\/p>\n<p>\u201cVamos a seguir trabajando en esta direcci\u00f3n, a partir del mandato que tenemos del pueblo bonaerense y de nuestro Gobernador. Sabemos de la importancia del papel del Estado de la provincia de Buenos Aires y la potencia que tiene nuestra provincia para el desarrollo\u201d, agreg\u00f3.<\/p>\n<p>\u00a0<\/p>\n<p>&#8220;La Provincia continuar\u00e1 monitoreando la situaci\u00f3n econ\u00f3mico financiera, procurando garantizar su mayor prioridad que es el pago de salarios y aguinaldos&#8221; declar\u00f3 la gesti\u00f3n bonaerense.<\/p>\n\n\n<p><\/p>\n","protected":false},"excerpt":{"rendered":"<p>Se destac\u00f3 el acuerdo con representantes gremiales. Se trata de un 4% en octubre y 4% en noviembre, con reapertura<\/p>\n","protected":false},"author":4,"featured_media":113872,"comment_status":"closed","ping_status":"closed","sticky":false,"template":"","format":"standard","meta":{"_jetpack_memberships_contains_paid_content":false,"footnotes":""},"categories":[6,1],"tags":[],"class_list":["post-128445","post","type-post","status-publish","format-standard","has-post-thumbnail","hentry","category-nacionales","category-portada"],"jetpack_featured_media_url":"https:\/\/i0.wp.com\/cdnoticias.com\/wp-content\/uploads\/2024\/04\/paritaria-estatales-01.jpg?fit=1000%2C556&ssl=1","jetpack_sharing_enabled":true,"_links":{"self":[{"href":"https:\/\/cdnoticias.com\/index.php\/wp-json\/wp\/v2\/posts\/128445","targetHints":{"allow":["GET"]}}],"collection":[{"href":"https:\/\/cdnoticias.com\/index.php\/wp-json\/wp\/v2\/posts"}],"about":[{"href":"https:\/\/cdnoticias.com\/index.php\/wp-json\/wp\/v2\/types\/post"}],"author":[{"embeddable":true,"href":"https:\/\/cdnoticias.com\/index.php\/wp-json\/wp\/v2\/users\/4"}],"replies":[{"embeddable":true,"href":"https:\/\/cdnoticias.com\/index.php\/wp-json\/wp\/v2\/comments?post=128445"}],"version-history":[{"count":0,"href":"https:\/\/cdnoticias.com\/index.php\/wp-json\/wp\/v2\/posts\/128445\/revisions"}],"wp:featuredmedia":[{"embeddable":true,"href":"https:\/\/cdnoticias.com\/index.php\/wp-json\/wp\/v2\/media\/113872"}],"wp:attachment":[{"href":"https:\/\/cdnoticias.com\/index.php\/wp-json\/wp\/v2\/media?parent=128445"}],"wp:term":[{"taxonomy":"category","embeddable":true,"href":"https:\/\/cdnoticias.com\/index.php\/wp-json\/wp\/v2\/categories?post=128445"},{"taxonomy":"post_tag","embeddable":true,"href":"https:\/\/cdnoticias.com\/index.php\/wp-json\/wp\/v2\/tags?post=128445"}],"curies":[{"name":"wp","href":"https:\/\/api.w.org\/{rel}","templated":true}]}}