{"id":128439,"date":"2024-10-21T14:05:17","date_gmt":"2024-10-21T17:05:17","guid":{"rendered":"https:\/\/cdnoticias.com\/?p=128439"},"modified":"2024-10-21T19:12:34","modified_gmt":"2024-10-21T22:12:34","slug":"hcd-el-bloque-pidio-mejoras-para-el-puente-alem-de-colonia-nievas","status":"publish","type":"post","link":"https:\/\/cdnoticias.com\/index.php\/2024\/10\/21\/hcd-el-bloque-pidio-mejoras-para-el-puente-alem-de-colonia-nievas\/","title":{"rendered":"HCD: el bloque PRO pidi\u00f3 mejoras para el puente Alem de Colonia Nievas"},"content":{"rendered":"<p>Buscan mejorar la seguridad con barandas e iluminaci\u00f3n. \u201cEs un verdadero peligro para quienes transitan por ah\u00ed\u201d plantearon los concejales.<!--more--><\/p>\n<hr \/>\n<p>El <strong>Bloque PRO<\/strong> -a partir de una nota presentada por la Sociedad de Fomento de Colonia Nievas- present\u00f3 un <strong>proyecto de resoluci\u00f3n para la colocaci\u00f3n de barandas de protecci\u00f3n e iluminaci\u00f3n<\/strong> en el <strong>puente \u201cLeandro N. Alem\u201d<\/strong>.<\/p>\n<blockquote><p>En la ma\u00f1ana de este lunes, el Bloque PRO present\u00f3 un proyecto de Resoluci\u00f3n para la colocaci\u00f3n de las barandas de protecci\u00f3n e iluminaci\u00f3n del puente \u201cLeandro N. Alem\u201d, ubicado sobre el Arroyo Nievas, en la localidad de Colonia Nievas.<\/p><\/blockquote>\n<p>El proyecto surge a partir de una <strong>nota presentada en el mes de septiembre por la Sociedad de Fomento de la localidad,<\/strong> que solicita que<strong> \u201cse proceda con la mayor premura posible<\/strong> a realizar una evaluaci\u00f3n t\u00e9cnica y posterior colocaci\u00f3n de barandas o protecci\u00f3n adecuada en dicho puente\u201d.<\/p>\n<p><img data-recalc-dims=\"1\" loading=\"lazy\" decoding=\"async\" class=\"size-full wp-image-128441 aligncenter\" src=\"https:\/\/i0.wp.com\/cdnoticias.com\/wp-content\/uploads\/2024\/10\/colonia-nievas-puente-alem-01.jpg?resize=800%2C598&#038;ssl=1\" alt=\"\" width=\"800\" height=\"598\" srcset=\"https:\/\/i0.wp.com\/cdnoticias.com\/wp-content\/uploads\/2024\/10\/colonia-nievas-puente-alem-01.jpg?w=1000&amp;ssl=1 1000w, https:\/\/i0.wp.com\/cdnoticias.com\/wp-content\/uploads\/2024\/10\/colonia-nievas-puente-alem-01.jpg?resize=300%2C224&amp;ssl=1 300w, https:\/\/i0.wp.com\/cdnoticias.com\/wp-content\/uploads\/2024\/10\/colonia-nievas-puente-alem-01.jpg?resize=768%2C574&amp;ssl=1 768w\" sizes=\"auto, (max-width: 800px) 100vw, 800px\" \/><\/p>\n<p>En este sentido, remarcan que el lugar recibe <strong>un importante flujo de tr\u00e1nsito<\/strong> de manera permanente, con <strong>maquinarias maquinarias rurales, camiones de carga y veh\u00edculos de peque\u00f1o porte<\/strong> en general, como tambi\u00e9n personas cabalgando.<\/p>\n<p>El puente \u201cLeandro N. Alem\u201d es <strong>un lugar de conexi\u00f3n estrat\u00e9gica<\/strong> entre los productores de la zona; y adem\u00e1s un espacio que -cada vez con mayor frecuencia- es recorrido por visitantes.<\/p>\n<p>Finalmente indican que \u201cel cruce del arroyo est\u00e1 compuesto solamente por<strong> una plataforma que a ambos lados da al vac\u00edo<\/strong> a una elevaci\u00f3n de aproximadamente cinco metros sobre el nivel del agua\u2026 lo que se agrava en d\u00edas de niebla o lluvia\u201d.<\/p>\n<p><img data-recalc-dims=\"1\" loading=\"lazy\" decoding=\"async\" class=\"size-large wp-image-128442 aligncenter\" src=\"https:\/\/i0.wp.com\/cdnoticias.com\/wp-content\/uploads\/2024\/10\/colonia-nievas-puente-alem-02.jpg?resize=400%2C534&#038;ssl=1\" alt=\"\" width=\"400\" height=\"534\" srcset=\"https:\/\/i0.wp.com\/cdnoticias.com\/wp-content\/uploads\/2024\/10\/colonia-nievas-puente-alem-02.jpg?w=400&amp;ssl=1 400w, https:\/\/i0.wp.com\/cdnoticias.com\/wp-content\/uploads\/2024\/10\/colonia-nievas-puente-alem-02.jpg?resize=225%2C300&amp;ssl=1 225w\" sizes=\"auto, (max-width: 400px) 100vw, 400px\" \/><\/p>\n","protected":false},"excerpt":{"rendered":"<p>Buscan mejorar la seguridad con barandas e iluminaci\u00f3n. \u201cEs un verdadero peligro para quienes transitan por ah\u00ed\u201d plantearon los concejales.<\/p>\n","protected":false},"author":4,"featured_media":128440,"comment_status":"closed","ping_status":"closed","sticky":false,"template":"","format":"standard","meta":{"_jetpack_memberships_contains_paid_content":false,"footnotes":""},"categories":[4,1],"tags":[],"class_list":["post-128439","post","type-post","status-publish","format-standard","has-post-thumbnail","hentry","category-politica","category-portada"],"jetpack_featured_media_url":"https:\/\/i0.wp.com\/cdnoticias.com\/wp-content\/uploads\/2024\/10\/colonia-nievas-puente-alem-00.jpg?fit=1000%2C556&ssl=1","jetpack_sharing_enabled":true,"_links":{"self":[{"href":"https:\/\/cdnoticias.com\/index.php\/wp-json\/wp\/v2\/posts\/128439","targetHints":{"allow":["GET"]}}],"collection":[{"href":"https:\/\/cdnoticias.com\/index.php\/wp-json\/wp\/v2\/posts"}],"about":[{"href":"https:\/\/cdnoticias.com\/index.php\/wp-json\/wp\/v2\/types\/post"}],"author":[{"embeddable":true,"href":"https:\/\/cdnoticias.com\/index.php\/wp-json\/wp\/v2\/users\/4"}],"replies":[{"embeddable":true,"href":"https:\/\/cdnoticias.com\/index.php\/wp-json\/wp\/v2\/comments?post=128439"}],"version-history":[{"count":0,"href":"https:\/\/cdnoticias.com\/index.php\/wp-json\/wp\/v2\/posts\/128439\/revisions"}],"wp:featuredmedia":[{"embeddable":true,"href":"https:\/\/cdnoticias.com\/index.php\/wp-json\/wp\/v2\/media\/128440"}],"wp:attachment":[{"href":"https:\/\/cdnoticias.com\/index.php\/wp-json\/wp\/v2\/media?parent=128439"}],"wp:term":[{"taxonomy":"category","embeddable":true,"href":"https:\/\/cdnoticias.com\/index.php\/wp-json\/wp\/v2\/categories?post=128439"},{"taxonomy":"post_tag","embeddable":true,"href":"https:\/\/cdnoticias.com\/index.php\/wp-json\/wp\/v2\/tags?post=128439"}],"curies":[{"name":"wp","href":"https:\/\/api.w.org\/{rel}","templated":true}]}}