{"id":128407,"date":"2024-10-23T17:08:22","date_gmt":"2024-10-23T20:08:22","guid":{"rendered":"https:\/\/cdnoticias.com\/?p=128407"},"modified":"2024-10-23T19:49:07","modified_gmt":"2024-10-23T22:49:07","slug":"industrias-pymes-la-actividad-manufacturera-cayo-66-en-septiembre","status":"publish","type":"post","link":"https:\/\/cdnoticias.com\/index.php\/2024\/10\/23\/industrias-pymes-la-actividad-manufacturera-cayo-66-en-septiembre\/","title":{"rendered":"Industrias pymes: la actividad manufacturera cay\u00f3 6,6% en septiembre"},"content":{"rendered":"\n<p>Seg\u00fan destac\u00f3 CAME, es la menor tasa de ca\u00edda en diez meses y en la comparaci\u00f3n intermensual desestacionalizada se verific\u00f3 un incremento del 3,7%.<\/p>\n\n\n\n<hr class=\"wp-block-separator aligncenter has-alpha-channel-opacity\"\/>\n\n\n\n<p>La<strong> actividad manufacturera de las industrias pymes descendi\u00f3 6,6% interanual en el mes de septiembre<\/strong> y acumula una retracci\u00f3n de 15,1% en los primeros nueve meses de este 2024, en la comparaci\u00f3n con el mismo per\u00edodo de 2023.<\/p>\n\n\n\n<p><\/p>\n\n\n\n<p>Sin embargo, seg\u00fan destac\u00f3 este domingo CAME, es la menor tasa de ca\u00edda en diez meses y en la comparaci\u00f3n intermensual desestacionalizada se verifica un incremento del 3,7%. <strong>De los seis sectores relevados, cinco mejoraron su actividad en la comparaci\u00f3n intermensual desestacionalizada.<\/strong><\/p>\n\n\n\n<p><\/p>\n\n\n\n<p>No obstante, el uso de la capacidad instalada contin\u00faa siendo muy bajo: <strong>60,6%, y en el rubro textil e indumentaria se ubic\u00f3 en apenas 54,6%.<\/strong><\/p>\n\n\n\n<p><\/p>\n\n\n\n<p>Los<strong> seis sectores manufactureros pyme tuvieron fuertes ca\u00eddas en la comparaci\u00f3n anual<\/strong>. El <strong>m\u00e1s afectado fue \u201cPapel e impresiones\u201d,<\/strong> -20,7%, y \u201c<strong>Alimentos y bebidas<\/strong>\u201d, -8,3%. En el extremo opuesto, \u201c<strong>Maderas y muebles\u201d<\/strong> fue el ramo que menos se retrajo, -0,6% anual.<\/p>\n\n\n\n<p><\/p>\n\n\n\n<p>Los resultados surgen del \u00cdndice de Producci\u00f3n Industrial Pyme (IPIP) que elabora la C\u00e1mara Argentina de la Mediana Empresa (CAME), con una muestra que alcanz\u00f3 a 420 industrias pyme a nivel federal.<\/p>\n\n\n\n<p><\/p>\n\n\n\n<p class=\"has-medium-font-size\"><strong>\u201cAlimentos y bebidas\u201d<\/strong><\/p>\n\n\n\n<p>Seg\u00fan CAME, el sector registr\u00f3 un declive de 8,3% anual a precios constantes en septiembre y una mejora de 1,9% en la comparaci\u00f3n mensual. En los primeros nueve meses del a\u00f1o acumula una baja de 15,5% anual y las industrias operaron con 62,2% de su capacidad instalada.<\/p>\n\n\n\n<p class=\"has-medium-font-size\"><strong>\u201cTextiles e indumentaria\u201d<\/strong><\/p>\n\n\n\n<p>La producci\u00f3n se retrajo 7,3% anual y retrocedi\u00f3 0,8% frente a agosto. En los primeros nueve meses de 2024 lleva una ca\u00edda del 4,6% y las f\u00e1bricas trabajaron al 54,6% de su capacidad; fue el rubro con menos uso de sus instalaciones en el mes, siempre seg\u00fan CAME.<\/p>\n\n\n\n<p class=\"has-medium-font-size\"><strong>\u201cMaderas y muebles\u201d<\/strong><\/p>\n\n\n\n<p>En septiembre, el sector se retrajo 0,6%, siempre anual y a precios constantes, y creci\u00f3 2,8% en la comparaci\u00f3n mensual desestacionalizada. En el per\u00edodo enero-septiembre la actividad disminuy\u00f3 13,3% frente a iguales meses del a\u00f1o pasado. Las firmas operaron con solo el 61,6% de su capacidad instalada.<\/p>\n\n\n\n<p class=\"has-medium-font-size\"><strong>\u201cMetal, maquinaria y equipo, y material de transporte\u201d<\/strong><\/p>\n\n\n\n<p>Hubo una disminuci\u00f3n de 2,6% en septiembre y creci\u00f3 5,4% en la comparaci\u00f3n mensual. En los primeros nueve meses del a\u00f1o acumula una ca\u00edda de 16%. Las industrias operaron al 60,1% de su capacidad instalada. \u201cLos industriales de la encuesta se\u00f1alaron que insumos como el vidrio o el aluminio deber\u00edan haber bajado de precio con el impuesto PA\u00cdS, y eso no sucedi\u00f3\u201d, consigna CAME.<\/p>\n\n\n\n<p class=\"has-medium-font-size\"><strong>\u201cQu\u00edmicos y pl\u00e1sticos\u201d<\/strong><\/p>\n\n\n\n<p>El sector experiment\u00f3 una contracci\u00f3n del 8% y un repunte de 5,3% en el comparativo mensual. Hasta septiembre se registra un retroceso de 21% y en el noveno mes del a\u00f1o las industrias ocuparon el 63,7% de su capacidad instalada.<\/p>\n\n\n\n<p class=\"has-medium-font-size\"><strong>\u201cPapel e impresiones\u201d<\/strong><\/p>\n\n\n\n<p>La actividad se retrajo 20,7% anual a precios constantes y fue el sector con mayor retroceso. En t\u00e9rminos mensuales, sin embargo, tuvo un incremento de 9,1%, el sector con mayor recuperaci\u00f3n frente a agosto. Para los primeros nueve meses del a\u00f1o, la actividad acumula una ca\u00edda de 16,8% frente a los mismos meses del a\u00f1o pasado y las empresas operaron con 59,4% de su capacidad instalada.<\/p>\n\n\n\n<p><em>Fuente: DIB<\/em><\/p>\n\n\n\n<p><\/p>\n","protected":false},"excerpt":{"rendered":"<p>Seg\u00fan destac\u00f3 CAME, es la menor tasa de ca\u00edda en diez meses y en la comparaci\u00f3n intermensual desestacionalizada se verific\u00f3<\/p>\n","protected":false},"author":6,"featured_media":123813,"comment_status":"closed","ping_status":"closed","sticky":false,"template":"","format":"standard","meta":{"_jetpack_memberships_contains_paid_content":false,"footnotes":""},"categories":[6,1],"tags":[],"class_list":["post-128407","post","type-post","status-publish","format-standard","has-post-thumbnail","hentry","category-nacionales","category-portada"],"jetpack_featured_media_url":"https:\/\/i0.wp.com\/cdnoticias.com\/wp-content\/uploads\/2024\/08\/DIB-industria-trabajo.jpg?fit=1000%2C563&ssl=1","jetpack_sharing_enabled":true,"_links":{"self":[{"href":"https:\/\/cdnoticias.com\/index.php\/wp-json\/wp\/v2\/posts\/128407","targetHints":{"allow":["GET"]}}],"collection":[{"href":"https:\/\/cdnoticias.com\/index.php\/wp-json\/wp\/v2\/posts"}],"about":[{"href":"https:\/\/cdnoticias.com\/index.php\/wp-json\/wp\/v2\/types\/post"}],"author":[{"embeddable":true,"href":"https:\/\/cdnoticias.com\/index.php\/wp-json\/wp\/v2\/users\/6"}],"replies":[{"embeddable":true,"href":"https:\/\/cdnoticias.com\/index.php\/wp-json\/wp\/v2\/comments?post=128407"}],"version-history":[{"count":0,"href":"https:\/\/cdnoticias.com\/index.php\/wp-json\/wp\/v2\/posts\/128407\/revisions"}],"wp:featuredmedia":[{"embeddable":true,"href":"https:\/\/cdnoticias.com\/index.php\/wp-json\/wp\/v2\/media\/123813"}],"wp:attachment":[{"href":"https:\/\/cdnoticias.com\/index.php\/wp-json\/wp\/v2\/media?parent=128407"}],"wp:term":[{"taxonomy":"category","embeddable":true,"href":"https:\/\/cdnoticias.com\/index.php\/wp-json\/wp\/v2\/categories?post=128407"},{"taxonomy":"post_tag","embeddable":true,"href":"https:\/\/cdnoticias.com\/index.php\/wp-json\/wp\/v2\/tags?post=128407"}],"curies":[{"name":"wp","href":"https:\/\/api.w.org\/{rel}","templated":true}]}}