{"id":128396,"date":"2024-10-20T20:30:52","date_gmt":"2024-10-20T23:30:52","guid":{"rendered":"https:\/\/cdnoticias.com\/?p=128396"},"modified":"2024-10-20T20:30:54","modified_gmt":"2024-10-20T23:30:54","slug":"bolivar-eduardo-bali-bucca-participo-en-la-maraton-dino-hugo-tinelli","status":"publish","type":"post","link":"https:\/\/cdnoticias.com\/index.php\/2024\/10\/20\/bolivar-eduardo-bali-bucca-participo-en-la-maraton-dino-hugo-tinelli\/","title":{"rendered":"Bol\u00edvar: Eduardo &#8220;Bali&#8221; Bucca particip\u00f3 en la marat\u00f3n Dino Hugo Tinelli"},"content":{"rendered":"\n<p>\u201cEste aniversario fue una gran oportunidad no solo para celebrar, sino para proyectarnos hacia el futuro\u201d, afirm\u00f3 el ex intendente de Bol\u00edvar y actual senador provincial, quien ha acompa\u00f1ado esta marat\u00f3n desde hace a\u00f1os.<\/p>\n\n\n\n<hr class=\"wp-block-separator aligncenter has-alpha-channel-opacity\"\/>\n\n\n\n<p>La <strong>25\u00aa edici\u00f3n de la Marat\u00f3n Internacional \u201cDino Hugo Tinelli\u201d<\/strong> ya es marca registrada, y una vez m\u00e1s, <strong>Bol\u00edvar se convirti\u00f3 en el epicentro del deporte y la salud.<\/strong><\/p>\n\n\n\n<p><\/p>\n\n\n\n<p>Este evento, que ha sido clave para la ciudad durante un cuarto de siglo, volvi\u00f3 a consolidarse como un faro para la regi\u00f3n, <strong>atrayendo a casi 4.000 inscriptos de 50 ciudades diferentes.<\/strong><\/p>\n\n\n\n<p><\/p>\n\n\n\n<p>Participantes desde lugares tan lejanos como <strong>Ober\u00e1, en Misiones, Neuqu\u00e9n, C\u00f3rdoba, La Pampa y San Luis<\/strong> se sumaron a esta verdadera fiesta deportiva, demostrando una vez m\u00e1s el alcance y la importancia de la marat\u00f3n a nivel nacional.<\/p>\n\n\n\n<p><\/p>\n\n\n\n<p>La marat\u00f3n fue una visionaria <strong>decisi\u00f3n de Marcelo Tinelli en 1999,<\/strong> cuando impuls\u00f3 la creaci\u00f3n de la misma y logr\u00f3 poner a Bol\u00edvar en el mapa del pa\u00eds. Desde entonces, la competencia no ha dejado de crecer, atrayendo a miles de corredores de todo el territorio nacional y proyectando a la ciudad como un referente del deporte y la salud.<\/p>\n\n\n\n<p><\/p>\n\n\n\n<figure class=\"wp-block-image aligncenter size-full\"><img data-recalc-dims=\"1\" loading=\"lazy\" decoding=\"async\" width=\"786\" height=\"471\" src=\"https:\/\/i0.wp.com\/cdnoticias.com\/wp-content\/uploads\/2024\/10\/bali-bucca-maraton-25-bolivar3.jpg?resize=786%2C471&#038;ssl=1\" alt=\"\" class=\"wp-image-128400\" srcset=\"https:\/\/i0.wp.com\/cdnoticias.com\/wp-content\/uploads\/2024\/10\/bali-bucca-maraton-25-bolivar3.jpg?w=786&amp;ssl=1 786w, https:\/\/i0.wp.com\/cdnoticias.com\/wp-content\/uploads\/2024\/10\/bali-bucca-maraton-25-bolivar3.jpg?resize=300%2C180&amp;ssl=1 300w, https:\/\/i0.wp.com\/cdnoticias.com\/wp-content\/uploads\/2024\/10\/bali-bucca-maraton-25-bolivar3.jpg?resize=768%2C460&amp;ssl=1 768w\" sizes=\"auto, (max-width: 786px) 100vw, 786px\" \/><\/figure>\n\n\n\n<p><\/p>\n\n\n\n<blockquote class=\"wp-block-quote is-layout-flow wp-block-quote-is-layout-flow\">\n<p>Al respecto, Tinelli expres\u00f3 su felicidad por regresar a Bol\u00edvar despu\u00e9s de cinco a\u00f1os, destacando la importancia de poder concretar nuevas obras y hacer cosas por la ciudad. \u201cEstoy muy feliz y orgulloso de estar ac\u00e1. Bol\u00edvar es una de las ciudades m\u00e1s lindas del pa\u00eds, siempre est\u00e1 muy cuidada y me sorprende permanentemente. Es una ciudad hermosa, limpia, donde la gente vive muy bien y se la ve muy contenta\u201d, afirm\u00f3.<\/p>\n<\/blockquote>\n\n\n\n<p><\/p>\n\n\n\n<p>En cuanto a la marat\u00f3n, Tinelli resalt\u00f3 con entusiasmo el r\u00e9cord de participaci\u00f3n, cercano a los 4000 inscriptos, y coment\u00f3: &#8220;Esta locura de hace 25 a\u00f1os se transform\u00f3 en una fecha clave del calendario nacional de atletismo atrayendo a numerosos atletas de renombre&#8221;.<\/p>\n\n\n\n<p><\/p>\n\n\n\n<p>Asimismo, el actual <strong>senador provincial y ex Intendente de Bol\u00edvar, Eduardo &#8220;Bali&#8221; Bucca<\/strong> expres\u00f3 que <strong>\u201ceste aniversario fue una gran oportunidad no solo para celebrar, sino para proyectarnos hacia el futuro\u201d. <\/strong><\/p>\n\n\n\n<p><\/p>\n\n\n\n<figure class=\"wp-block-image aligncenter size-full\"><img data-recalc-dims=\"1\" loading=\"lazy\" decoding=\"async\" width=\"800\" height=\"556\" src=\"https:\/\/i0.wp.com\/cdnoticias.com\/wp-content\/uploads\/2024\/10\/bali-bucca-maraton-25-bolivar1.jpg?resize=800%2C556&#038;ssl=1\" alt=\"\" class=\"wp-image-128398\" srcset=\"https:\/\/i0.wp.com\/cdnoticias.com\/wp-content\/uploads\/2024\/10\/bali-bucca-maraton-25-bolivar1.jpg?w=900&amp;ssl=1 900w, https:\/\/i0.wp.com\/cdnoticias.com\/wp-content\/uploads\/2024\/10\/bali-bucca-maraton-25-bolivar1.jpg?resize=300%2C209&amp;ssl=1 300w, https:\/\/i0.wp.com\/cdnoticias.com\/wp-content\/uploads\/2024\/10\/bali-bucca-maraton-25-bolivar1.jpg?resize=768%2C534&amp;ssl=1 768w, https:\/\/i0.wp.com\/cdnoticias.com\/wp-content\/uploads\/2024\/10\/bali-bucca-maraton-25-bolivar1.jpg?resize=392%2C272&amp;ssl=1 392w, https:\/\/i0.wp.com\/cdnoticias.com\/wp-content\/uploads\/2024\/10\/bali-bucca-maraton-25-bolivar1.jpg?resize=130%2C90&amp;ssl=1 130w\" sizes=\"auto, (max-width: 800px) 100vw, 800px\" \/><\/figure>\n\n\n\n<p><\/p>\n\n\n\n<blockquote class=\"wp-block-quote is-layout-flow wp-block-quote-is-layout-flow\">\n<p>&#8220;Estos 25 a\u00f1os nos han marcado el camino y nos dieron fuerzas para pensar en lo que viene. Ahora debemos seguir trabajando para posicionar este evento como uno de los m\u00e1s importantes de la regi\u00f3n y convertir a Bol\u00edvar en la sede de la marat\u00f3n m\u00e1s grande del centro de la provincia&#8221;, agreg\u00f3 Bucca. <\/p>\n<\/blockquote>\n\n\n\n<p><\/p>\n\n\n\n<p>En su rol de m\u00e9dico, el Dr. Bucca volvi\u00f3 a destacar la <strong>importancia del deporte para la salud p\u00fablica<\/strong>:  \u201cDebemos replantear el actual paradigma de salud. Pasar del asistencialismo a la prevenci\u00f3n. En este sentido, el deporte es una de las mejores herramientas para mantenernos sanos, prevenir enfermedades y combatir el sedentarismo\u201d. <\/p>\n\n\n\n<p><\/p>\n\n\n\n<p>En la marat\u00f3n, <strong>Manuel C\u00f3rsico fue el primero en completar los 10 kil\u00f3metros,<\/strong> cruzando la meta con un tiempo de 29&#8242; 56&#8243;, <strong>llev\u00e1ndose as\u00ed 300.000 pesos de premio.<\/strong><\/p>\n\n\n\n<p><\/p>\n\n\n\n<figure class=\"wp-block-image aligncenter size-full\"><img data-recalc-dims=\"1\" loading=\"lazy\" decoding=\"async\" width=\"800\" height=\"468\" src=\"https:\/\/i0.wp.com\/cdnoticias.com\/wp-content\/uploads\/2024\/10\/bali-bucca-maraton-25-bolivar.jpg?resize=800%2C468&#038;ssl=1\" alt=\"\" class=\"wp-image-128397\" srcset=\"https:\/\/i0.wp.com\/cdnoticias.com\/wp-content\/uploads\/2024\/10\/bali-bucca-maraton-25-bolivar.jpg?w=900&amp;ssl=1 900w, https:\/\/i0.wp.com\/cdnoticias.com\/wp-content\/uploads\/2024\/10\/bali-bucca-maraton-25-bolivar.jpg?resize=300%2C175&amp;ssl=1 300w, https:\/\/i0.wp.com\/cdnoticias.com\/wp-content\/uploads\/2024\/10\/bali-bucca-maraton-25-bolivar.jpg?resize=768%2C449&amp;ssl=1 768w\" sizes=\"auto, (max-width: 800px) 100vw, 800px\" \/><\/figure>\n\n\n\n<p><\/p>\n\n\n\n<p>El r\u00e9cord hist\u00f3rico de la carrera, establecido por Antonio Silio, un verdadero \u00edcono del atletismo argentino, contin\u00faa invicto y sigue siendo la marca a batir. Con su registro de 28 minutos y 54 segundos, Silio dej\u00f3 una huella indeleble en las calles de Bol\u00edvar, y a\u00f1o tras a\u00f1o, los corredores intentan superarlo, agregando un condimento extra a la competencia.<\/p>\n\n\n\n<p><\/p>\n\n\n\n<p>M\u00e1s all\u00e1 de los tiempos y los logros deportivos, lo que realmente destac\u00f3 es el <strong>esp\u00edritu de comunidad que envuelve a la ciudad durante la marat\u00f3n. <\/strong>Familias enteras alentaron a los corredores, el parque Las Acollaradas volvi\u00f3 a ser protagonista, y la energ\u00eda en las calles fue palpable, con comercios decorados y vecinos que no dudaron en salir a apoyar. Es esa mezcla de adrenalina y alegr\u00eda la que convierte a esta carrera en una experiencia \u00fanica.<\/p>\n","protected":false},"excerpt":{"rendered":"<p>\u201cEste aniversario fue una gran oportunidad no solo para celebrar, sino para proyectarnos hacia el futuro\u201d, afirm\u00f3 el ex intendente<\/p>\n","protected":false},"author":6,"featured_media":128399,"comment_status":"closed","ping_status":"closed","sticky":false,"template":"","format":"standard","meta":{"_jetpack_memberships_contains_paid_content":false,"footnotes":""},"categories":[5,1],"tags":[],"class_list":["post-128396","post","type-post","status-publish","format-standard","has-post-thumbnail","hentry","category-informacion-general","category-portada"],"jetpack_featured_media_url":"https:\/\/i0.wp.com\/cdnoticias.com\/wp-content\/uploads\/2024\/10\/bali-bucca-maraton-25-bolivar2.jpg?fit=900%2C426&ssl=1","jetpack_sharing_enabled":true,"_links":{"self":[{"href":"https:\/\/cdnoticias.com\/index.php\/wp-json\/wp\/v2\/posts\/128396","targetHints":{"allow":["GET"]}}],"collection":[{"href":"https:\/\/cdnoticias.com\/index.php\/wp-json\/wp\/v2\/posts"}],"about":[{"href":"https:\/\/cdnoticias.com\/index.php\/wp-json\/wp\/v2\/types\/post"}],"author":[{"embeddable":true,"href":"https:\/\/cdnoticias.com\/index.php\/wp-json\/wp\/v2\/users\/6"}],"replies":[{"embeddable":true,"href":"https:\/\/cdnoticias.com\/index.php\/wp-json\/wp\/v2\/comments?post=128396"}],"version-history":[{"count":0,"href":"https:\/\/cdnoticias.com\/index.php\/wp-json\/wp\/v2\/posts\/128396\/revisions"}],"wp:featuredmedia":[{"embeddable":true,"href":"https:\/\/cdnoticias.com\/index.php\/wp-json\/wp\/v2\/media\/128399"}],"wp:attachment":[{"href":"https:\/\/cdnoticias.com\/index.php\/wp-json\/wp\/v2\/media?parent=128396"}],"wp:term":[{"taxonomy":"category","embeddable":true,"href":"https:\/\/cdnoticias.com\/index.php\/wp-json\/wp\/v2\/categories?post=128396"},{"taxonomy":"post_tag","embeddable":true,"href":"https:\/\/cdnoticias.com\/index.php\/wp-json\/wp\/v2\/tags?post=128396"}],"curies":[{"name":"wp","href":"https:\/\/api.w.org\/{rel}","templated":true}]}}