{"id":128394,"date":"2024-10-21T11:26:19","date_gmt":"2024-10-21T14:26:19","guid":{"rendered":"https:\/\/cdnoticias.com\/?p=128394"},"modified":"2024-10-21T11:26:21","modified_gmt":"2024-10-21T14:26:21","slug":"dia-de-la-madre-cayeron-las-ventas-por-tercer-ano-consecutivo","status":"publish","type":"post","link":"https:\/\/cdnoticias.com\/index.php\/2024\/10\/21\/dia-de-la-madre-cayeron-las-ventas-por-tercer-ano-consecutivo\/","title":{"rendered":"D\u00eda de la Madre: cayeron las ventas por tercer a\u00f1o consecutivo"},"content":{"rendered":"\n<p>El ticket de ventas tuvo un promedio de $33.819, reflejando la inclinaci\u00f3n de las familias por regalos econ\u00f3micos.<\/p>\n\n\n\n<hr class=\"wp-block-separator aligncenter has-alpha-channel-opacity\"\/>\n\n\n\n<p>Las <strong>ventas de los comercios minoristas<\/strong> por el <strong>D\u00eda de la Madre<\/strong> registraron una <strong>ca\u00edda del 0,9% en comparaci\u00f3n con el mismo per\u00edodo del a\u00f1o anterior<\/strong>, a precios constantes.<\/p>\n\n\n\n<p><\/p>\n\n\n\n<p>Seg\u00fan inform\u00f3 la Confederaci\u00f3n Argentina de la Mediana Empresa (CAME) es la <strong>tercera disminuci\u00f3n anual consecutiva<\/strong> \u2013 3,2% en 2023 y 4,7% en 2022, a\u00f1os pospandemia -, <strong>reflejando el impacto del menor poder adquisitivo de las familias.<\/strong><\/p>\n\n\n\n<p><\/p>\n\n\n\n<p>Las compras estuvieron determinadas principalmente por la posibilidad de<strong> financiamiento con tarjeta de cr\u00e9dito que ofrecieron varios bancos y aplicaciones, incluyendo el Banco Provincia,<\/strong> que otorg\u00f3 a sus clientes <strong>dos s\u00e1bados con 30% de descuento y hasta 12 cuotas sin inter\u00e9s<\/strong>, y <strong>promociones de hasta 18 cuotas<\/strong> a trav\u00e9s de la plataforma <strong>Provincia Compras<\/strong>.<\/p>\n\n\n\n<p><\/p>\n\n\n\n<blockquote class=\"wp-block-quote is-layout-flow wp-block-quote-is-layout-flow\">\n<p>De este modo, hubo rubros m\u00e1s beneficiados que otros ante la posibilidad de pagar los regalos a largo plazo. El sector de electrodom\u00e9sticos logr\u00f3 un balance positivo, impulsado por la oferta de financiamiento de hasta 9 cuotas sin inter\u00e9s y hasta 36 cuotas con inter\u00e9s; librer\u00eda e indumentaria, con una gran ca\u00edda en lo que va del a\u00f1o, repuntaron por las cuotas.<\/p>\n<\/blockquote>\n\n\n\n<p><\/p>\n\n\n\n<p>Tres de los seis rubros relevados registraron subas interanuales en sus ventas y <strong>en tres hubo declives<\/strong>: La mayor retracci\u00f3n ocurri\u00f3 en Equipos perif\u00e9ricos, celulares y accesorios que descendieron 15,6% frente al a\u00f1o pasado, seguida por cosm\u00e9tica y perfumer\u00eda, con una baja del 2,3%. El que m\u00e1s creci\u00f3, fue Electrodom\u00e9sticos, artefactos del hogar y equipos de audio y video (+12,1% anual).<\/p>\n\n\n\n<p><\/p>\n\n\n\n<p>Sin dejar de considerar la comparaci\u00f3n anual, fue una fecha con actividad moderada. <strong>El ticket de ventas tuvo un promedio de $33.819, reflejando la inclinaci\u00f3n de las familias por regalos econ\u00f3micos. <\/strong>Libros e indumentaria de bajos precios fueron opciones muy buscadas.<\/p>\n\n\n\n<p><\/p>\n\n\n\n<p>El volumen fuerte de ventas ocurri\u00f3 entre el viernes y s\u00e1bado, donde se pudo ver m\u00e1s movimiento en los locales comerciales. Adem\u00e1s,<strong> seis de cada diez comercios encuestados, ofrecieron alguna oferta por la fecha,<\/strong> destac\u00e1ndose las promociones bancarias y los descuentos por pago en efectivo.<\/p>\n\n\n\n<p><\/p>\n\n\n\n<p><em>Fuente: DIB<\/em><\/p>\n","protected":false},"excerpt":{"rendered":"<p>El ticket de ventas tuvo un promedio de $33.819, reflejando la inclinaci\u00f3n de las familias por regalos econ\u00f3micos. Las ventas<\/p>\n","protected":false},"author":6,"featured_media":11461,"comment_status":"closed","ping_status":"closed","sticky":false,"template":"","format":"standard","meta":{"_jetpack_memberships_contains_paid_content":false,"footnotes":""},"categories":[6,1],"tags":[],"class_list":["post-128394","post","type-post","status-publish","format-standard","has-post-thumbnail","hentry","category-nacionales","category-portada"],"jetpack_featured_media_url":"https:\/\/i0.wp.com\/cdnoticias.com\/wp-content\/uploads\/2021\/01\/dib-comercios-inflacion.jpg?fit=696%2C460&ssl=1","jetpack_sharing_enabled":true,"_links":{"self":[{"href":"https:\/\/cdnoticias.com\/index.php\/wp-json\/wp\/v2\/posts\/128394","targetHints":{"allow":["GET"]}}],"collection":[{"href":"https:\/\/cdnoticias.com\/index.php\/wp-json\/wp\/v2\/posts"}],"about":[{"href":"https:\/\/cdnoticias.com\/index.php\/wp-json\/wp\/v2\/types\/post"}],"author":[{"embeddable":true,"href":"https:\/\/cdnoticias.com\/index.php\/wp-json\/wp\/v2\/users\/6"}],"replies":[{"embeddable":true,"href":"https:\/\/cdnoticias.com\/index.php\/wp-json\/wp\/v2\/comments?post=128394"}],"version-history":[{"count":0,"href":"https:\/\/cdnoticias.com\/index.php\/wp-json\/wp\/v2\/posts\/128394\/revisions"}],"wp:featuredmedia":[{"embeddable":true,"href":"https:\/\/cdnoticias.com\/index.php\/wp-json\/wp\/v2\/media\/11461"}],"wp:attachment":[{"href":"https:\/\/cdnoticias.com\/index.php\/wp-json\/wp\/v2\/media?parent=128394"}],"wp:term":[{"taxonomy":"category","embeddable":true,"href":"https:\/\/cdnoticias.com\/index.php\/wp-json\/wp\/v2\/categories?post=128394"},{"taxonomy":"post_tag","embeddable":true,"href":"https:\/\/cdnoticias.com\/index.php\/wp-json\/wp\/v2\/tags?post=128394"}],"curies":[{"name":"wp","href":"https:\/\/api.w.org\/{rel}","templated":true}]}}