{"id":128312,"date":"2024-10-20T18:00:07","date_gmt":"2024-10-20T21:00:07","guid":{"rendered":"https:\/\/cdnoticias.com\/?p=128312"},"modified":"2024-10-20T18:00:10","modified_gmt":"2024-10-20T21:00:10","slug":"capacitacion-sobre-nociones-basicas-de-streaming","status":"publish","type":"post","link":"https:\/\/cdnoticias.com\/index.php\/2024\/10\/20\/capacitacion-sobre-nociones-basicas-de-streaming\/","title":{"rendered":"Capacitaci\u00f3n sobre nociones b\u00e1sicas de streaming"},"content":{"rendered":"\n<p>Ser\u00e1 el mi\u00e9rcoles 27 de octubre a cargo de Juan Patricio Marino. El taller est\u00e1 destinado a la comunidad de la Universidad Nacional del Centro de la Provincia de Buenos Aires.<\/p>\n\n\n\n<hr class=\"wp-block-separator aligncenter has-alpha-channel-opacity\"\/>\n\n\n\n<p>El pr\u00f3ximo<strong> mi\u00e9rcoles 27 de octubre<\/strong> se llevar\u00e1 a cabo un <strong>taller sobre \u201cNociones b\u00e1sicas de streaming en V-Mix\u201d.<\/strong><\/p>\n\n\n\n<p><\/p>\n\n\n\n<p>La propuesta se enmarca en la <strong>creciente relevancia de las plataformas digitales<\/strong> y los<strong> nuevos formatos televisivos en el contexto actual.<\/strong><\/p>\n\n\n\n<p><\/p>\n\n\n\n<p>V-MIX es una herramienta clave para la transmisi\u00f3n en vivo y la producci\u00f3n de contenido audiovisual de alta calidad, adaptada a la era del streaming, que se ha transformado la manera en que el p\u00fablico consume los medios.<\/p>\n\n\n\n<p><\/p>\n\n\n\n<p>El taller ser\u00e1<strong> desde las 12 horas en la Facultad de Ciencias Sociales, con modalidad presencial <\/strong>en el Aula 4 y est\u00e1 <strong>destinado a la comunidad de la Universidad Nacional del Centro de la Provincia de Buenos Aires.<\/strong><\/p>\n\n\n\n<p><\/p>\n\n\n\n<p>Los objetivos del taller son incursionar en los aspectos b\u00e1sicos del uso del programa V-Mix, conocer los principales conceptos del lenguaje audiovisual televisivo, brindar herramientas para el correcto desarrollo de un programa en vivo, indagar en las distintas estrategias fundamentales de la producci\u00f3n audiovisual y desarrollo de preproducci\u00f3n, realizaci\u00f3n y postproducci\u00f3n como herramientas fundamentales.<\/p>\n\n\n\n<p><\/p>\n\n\n\n<p>Para inscribirse es necesario completar el formulario <a href=\"https:\/\/docs.google.com\/forms\/d\/e\/1FAIpQLSftlbUPwy3B9EyBIPDb31sK8-i1JxBhXYlLW-QqnuX774Mn7w\/viewform?pli=1\" target=\"_blank\" rel=\"noreferrer noopener\">disponible aqu\u00ed.<\/a><\/p>\n","protected":false},"excerpt":{"rendered":"<p>Ser\u00e1 el mi\u00e9rcoles 27 de octubre a cargo de Juan Patricio Marino. El taller est\u00e1 destinado a la comunidad de<\/p>\n","protected":false},"author":6,"featured_media":83263,"comment_status":"closed","ping_status":"closed","sticky":false,"template":"","format":"standard","meta":{"_jetpack_memberships_contains_paid_content":false,"footnotes":""},"categories":[5,1],"tags":[],"class_list":["post-128312","post","type-post","status-publish","format-standard","has-post-thumbnail","hentry","category-informacion-general","category-portada"],"jetpack_featured_media_url":"https:\/\/i0.wp.com\/cdnoticias.com\/wp-content\/uploads\/2023\/04\/Facultad-de-Ciencias-Sociales-1.jpg?fit=2000%2C1159&ssl=1","jetpack_sharing_enabled":true,"_links":{"self":[{"href":"https:\/\/cdnoticias.com\/index.php\/wp-json\/wp\/v2\/posts\/128312","targetHints":{"allow":["GET"]}}],"collection":[{"href":"https:\/\/cdnoticias.com\/index.php\/wp-json\/wp\/v2\/posts"}],"about":[{"href":"https:\/\/cdnoticias.com\/index.php\/wp-json\/wp\/v2\/types\/post"}],"author":[{"embeddable":true,"href":"https:\/\/cdnoticias.com\/index.php\/wp-json\/wp\/v2\/users\/6"}],"replies":[{"embeddable":true,"href":"https:\/\/cdnoticias.com\/index.php\/wp-json\/wp\/v2\/comments?post=128312"}],"version-history":[{"count":0,"href":"https:\/\/cdnoticias.com\/index.php\/wp-json\/wp\/v2\/posts\/128312\/revisions"}],"wp:featuredmedia":[{"embeddable":true,"href":"https:\/\/cdnoticias.com\/index.php\/wp-json\/wp\/v2\/media\/83263"}],"wp:attachment":[{"href":"https:\/\/cdnoticias.com\/index.php\/wp-json\/wp\/v2\/media?parent=128312"}],"wp:term":[{"taxonomy":"category","embeddable":true,"href":"https:\/\/cdnoticias.com\/index.php\/wp-json\/wp\/v2\/categories?post=128312"},{"taxonomy":"post_tag","embeddable":true,"href":"https:\/\/cdnoticias.com\/index.php\/wp-json\/wp\/v2\/tags?post=128312"}],"curies":[{"name":"wp","href":"https:\/\/api.w.org\/{rel}","templated":true}]}}