{"id":128303,"date":"2024-10-19T17:00:07","date_gmt":"2024-10-19T20:00:07","guid":{"rendered":"https:\/\/cdnoticias.com\/?p=128303"},"modified":"2024-10-20T09:53:49","modified_gmt":"2024-10-20T12:53:49","slug":"seguiremos-movilizadxs-y-en-lucha-por-la-defensa-del-profesorado-de-filosofia","status":"publish","type":"post","link":"https:\/\/cdnoticias.com\/index.php\/2024\/10\/19\/seguiremos-movilizadxs-y-en-lucha-por-la-defensa-del-profesorado-de-filosofia\/","title":{"rendered":"\u201cSeguiremos movilizadxs y en lucha por la defensa del Profesorado de Filosof\u00eda\u201d"},"content":{"rendered":"<p>Lo defini\u00f3 el Centro de Estudiantes Paulo Freire del ISFD 22 tras la reuni\u00f3n con autoridades educativas y la asamblea realizadas este viernes.<!--more--><\/p>\n<hr \/>\n<p>Este viernes se realiz\u00f3 en el <strong>ISFD 22<\/strong> una <strong>reuni\u00f3n entre el equipo de conducci\u00f3n institucional, estudiantes y docentes del Profesorado de Filosof\u00eda<\/strong>, <strong>representantes del SUTEBA y lxs Inspectorxs Jefe Distrital Julio Ben\u00edtez y Regional Marta Casanella<\/strong>, para conversar sobre su <a href=\"https:\/\/cdnoticias.com\/index.php\/2024\/10\/16\/protesta-de-la-comunidad-educativa-por-el-posible-cierre-de-la-carrera-de-filosofia-del-isfd-n22\/\" target=\"_blank\" rel=\"noopener\">decisi\u00f3n de no abrir Filosof\u00eda el a\u00f1o pr\u00f3ximo.<\/a><\/p>\n<blockquote><p>\u201cEn la reuni\u00f3n no se present\u00f3 ning\u00fan argumento ni dato que pudiera avalar su criterio para este cierre, que implica no s\u00f3lo una p\u00e9rdida enorme para la diversidad formativa del nivel superior en la ciudad y la regi\u00f3n, sino tambi\u00e9n el cese laboral de pr\u00e1cticamente la totalidad de la planta docente de la misma\u201d se inform\u00f3 desde el Centro de Estudiantes Paulo Freire.<\/p><\/blockquote>\n<p><img data-recalc-dims=\"1\" loading=\"lazy\" decoding=\"async\" class=\"size-full wp-image-128305 aligncenter\" src=\"https:\/\/i0.wp.com\/cdnoticias.com\/wp-content\/uploads\/2024\/10\/asamblea-filosofia-ISFD-22-3.jpeg?resize=800%2C445&#038;ssl=1\" alt=\"\" width=\"800\" height=\"445\" srcset=\"https:\/\/i0.wp.com\/cdnoticias.com\/wp-content\/uploads\/2024\/10\/asamblea-filosofia-ISFD-22-3.jpeg?w=1000&amp;ssl=1 1000w, https:\/\/i0.wp.com\/cdnoticias.com\/wp-content\/uploads\/2024\/10\/asamblea-filosofia-ISFD-22-3.jpeg?resize=300%2C167&amp;ssl=1 300w, https:\/\/i0.wp.com\/cdnoticias.com\/wp-content\/uploads\/2024\/10\/asamblea-filosofia-ISFD-22-3.jpeg?resize=768%2C427&amp;ssl=1 768w, https:\/\/i0.wp.com\/cdnoticias.com\/wp-content\/uploads\/2024\/10\/asamblea-filosofia-ISFD-22-3.jpeg?resize=800%2C445&amp;ssl=1 800w\" sizes=\"auto, (max-width: 800px) 100vw, 800px\" \/><\/p>\n<p>Se indic\u00f3 que \u201cse les propuso a lxs representantes del profesorado de filosof\u00eda <strong>dar continuidad a estas reuniones de di\u00e1logo para la semana pr\u00f3xima<\/strong>, comprometi\u00e9ndose a <strong>dejar en suspenso la emisi\u00f3n de criterio acerca de la oferta de carreras<\/strong> que deb\u00edan realizar el pr\u00f3ximo martes\u201d.<\/p>\n<p>En paralelo a esta reuni\u00f3n, se llev\u00f3 adelante una <strong>asamblea interclaustros<\/strong>, convocada por el Centro de Estudiantes Paulo Freire, que cont\u00f3 con <strong>amplia participaci\u00f3n de estudiantes y docentes de diversos profesorados<\/strong>, as\u00ed como tambi\u00e9n de representantes estudiantiles de diversas carreras de la UNICEN. \u201cEn esta asamblea se pusieron en com\u00fan las <strong>preocupaciones respecto de la toma de decisiones inconsultas<\/strong> por parte de las autoridades distritales y regionales, que <strong>desconocen las instancias de debate y acuerdos propios de la democracia institucional\u201d<\/strong> se inform\u00f3 desde la organizaci\u00f3n estudiantil.<\/p>\n<p><img data-recalc-dims=\"1\" loading=\"lazy\" decoding=\"async\" class=\"size-full wp-image-128306 aligncenter\" src=\"https:\/\/i0.wp.com\/cdnoticias.com\/wp-content\/uploads\/2024\/10\/asamblea-filosofia-ISFD-22-2.jpeg?resize=800%2C445&#038;ssl=1\" alt=\"\" width=\"800\" height=\"445\" srcset=\"https:\/\/i0.wp.com\/cdnoticias.com\/wp-content\/uploads\/2024\/10\/asamblea-filosofia-ISFD-22-2.jpeg?w=1000&amp;ssl=1 1000w, https:\/\/i0.wp.com\/cdnoticias.com\/wp-content\/uploads\/2024\/10\/asamblea-filosofia-ISFD-22-2.jpeg?resize=300%2C167&amp;ssl=1 300w, https:\/\/i0.wp.com\/cdnoticias.com\/wp-content\/uploads\/2024\/10\/asamblea-filosofia-ISFD-22-2.jpeg?resize=768%2C427&amp;ssl=1 768w, https:\/\/i0.wp.com\/cdnoticias.com\/wp-content\/uploads\/2024\/10\/asamblea-filosofia-ISFD-22-2.jpeg?resize=800%2C445&amp;ssl=1 800w\" sizes=\"auto, (max-width: 800px) 100vw, 800px\" \/><\/p>\n<blockquote><p>\u201cQueremos manifestar que seguiremos movilizadxs y en lucha por la defensa del Profesorado de Filosof\u00eda en el ISFD 22, desde la unidad, la organizaci\u00f3n y el respeto que nos caracterizan como estudiantes, docentes y equipo de gesti\u00f3n de un instituto formador de docentes&#8221; subrayaron los estudiantes.<\/p><\/blockquote>\n<p>&#8220;Porque estamos convencidxs que<strong> el cierre de este espacio de formaci\u00f3n atenta contra la educaci\u00f3n p\u00fablica<\/strong>, contra el desarrollo del pensamiento cr\u00edtico en la ciudad y contra la potencia transformadora de la filosof\u00eda misma\u201d se defini\u00f3.<\/p>\n<p><img data-recalc-dims=\"1\" loading=\"lazy\" decoding=\"async\" class=\"size-full wp-image-128307 aligncenter\" src=\"https:\/\/i0.wp.com\/cdnoticias.com\/wp-content\/uploads\/2024\/10\/asamblea-filosofia-ISFD-22-1.jpeg?resize=800%2C446&#038;ssl=1\" alt=\"\" width=\"800\" height=\"446\" srcset=\"https:\/\/i0.wp.com\/cdnoticias.com\/wp-content\/uploads\/2024\/10\/asamblea-filosofia-ISFD-22-1.jpeg?w=1000&amp;ssl=1 1000w, https:\/\/i0.wp.com\/cdnoticias.com\/wp-content\/uploads\/2024\/10\/asamblea-filosofia-ISFD-22-1.jpeg?resize=300%2C167&amp;ssl=1 300w, https:\/\/i0.wp.com\/cdnoticias.com\/wp-content\/uploads\/2024\/10\/asamblea-filosofia-ISFD-22-1.jpeg?resize=768%2C428&amp;ssl=1 768w, https:\/\/i0.wp.com\/cdnoticias.com\/wp-content\/uploads\/2024\/10\/asamblea-filosofia-ISFD-22-1.jpeg?resize=800%2C445&amp;ssl=1 800w\" sizes=\"auto, (max-width: 800px) 100vw, 800px\" \/><\/p>\n","protected":false},"excerpt":{"rendered":"<p>Lo defini\u00f3 el Centro de Estudiantes Paulo Freire del ISFD 22 tras la reuni\u00f3n con autoridades educativas y la asamblea<\/p>\n","protected":false},"author":4,"featured_media":128304,"comment_status":"closed","ping_status":"closed","sticky":false,"template":"","format":"standard","meta":{"_jetpack_memberships_contains_paid_content":false,"footnotes":""},"categories":[5,1],"tags":[],"class_list":["post-128303","post","type-post","status-publish","format-standard","has-post-thumbnail","hentry","category-informacion-general","category-portada"],"jetpack_featured_media_url":"https:\/\/i0.wp.com\/cdnoticias.com\/wp-content\/uploads\/2024\/10\/asamblea-filosofia-ISFD-22-4.jpeg?fit=1000%2C557&ssl=1","jetpack_sharing_enabled":true,"_links":{"self":[{"href":"https:\/\/cdnoticias.com\/index.php\/wp-json\/wp\/v2\/posts\/128303","targetHints":{"allow":["GET"]}}],"collection":[{"href":"https:\/\/cdnoticias.com\/index.php\/wp-json\/wp\/v2\/posts"}],"about":[{"href":"https:\/\/cdnoticias.com\/index.php\/wp-json\/wp\/v2\/types\/post"}],"author":[{"embeddable":true,"href":"https:\/\/cdnoticias.com\/index.php\/wp-json\/wp\/v2\/users\/4"}],"replies":[{"embeddable":true,"href":"https:\/\/cdnoticias.com\/index.php\/wp-json\/wp\/v2\/comments?post=128303"}],"version-history":[{"count":0,"href":"https:\/\/cdnoticias.com\/index.php\/wp-json\/wp\/v2\/posts\/128303\/revisions"}],"wp:featuredmedia":[{"embeddable":true,"href":"https:\/\/cdnoticias.com\/index.php\/wp-json\/wp\/v2\/media\/128304"}],"wp:attachment":[{"href":"https:\/\/cdnoticias.com\/index.php\/wp-json\/wp\/v2\/media?parent=128303"}],"wp:term":[{"taxonomy":"category","embeddable":true,"href":"https:\/\/cdnoticias.com\/index.php\/wp-json\/wp\/v2\/categories?post=128303"},{"taxonomy":"post_tag","embeddable":true,"href":"https:\/\/cdnoticias.com\/index.php\/wp-json\/wp\/v2\/tags?post=128303"}],"curies":[{"name":"wp","href":"https:\/\/api.w.org\/{rel}","templated":true}]}}