{"id":128293,"date":"2024-10-19T12:12:55","date_gmt":"2024-10-19T15:12:55","guid":{"rendered":"https:\/\/cdnoticias.com\/?p=128293"},"modified":"2024-10-19T18:00:52","modified_gmt":"2024-10-19T21:00:52","slug":"iba-en-una-bicicleta-robada-y-lo-atraparon","status":"publish","type":"post","link":"https:\/\/cdnoticias.com\/index.php\/2024\/10\/19\/iba-en-una-bicicleta-robada-y-lo-atraparon\/","title":{"rendered":"Iba en una bicicleta robada y lo atraparon"},"content":{"rendered":"<p>Un joven de 23 a\u00f1os fue imputado por \u201churto\u201d. La bicicleta fue recuperada en Necochea al 800.<!--more--><\/p>\n<hr \/>\n<p>Este viernes <strong>personal de Polic\u00eda Local<\/strong> dio con <strong>una bicicleta que hab\u00eda sido denunciada como robada<\/strong> d\u00edas antes.<\/p>\n<blockquote><p>En Necochea al 800 fue interceptado un ciclista, de 23 a\u00f1os. Se estableci\u00f3 que el rodado que llegaba hab\u00eda sido denunciado como robado en la Comisar\u00eda Primera. Es un rodado 29, con signo de repintado, de marca Top Mega, el cual qued\u00f3 secuestrado.<\/p><\/blockquote>\n<p>El conductor qued\u00f3<strong> aprehendido y fue trasladado a la sede policial<\/strong>. Se le notific\u00f3 el inicio de las actuaciones en su contra y<strong> fue liberado.<\/strong><\/p>\n<p>La causa penal fue caratulada<strong> \u201churto\u201d<\/strong> con intervenci\u00f3n de la <strong>UFI N\u00ba 10.<\/strong><\/p>\n","protected":false},"excerpt":{"rendered":"<p>Un joven de 23 a\u00f1os fue imputado por \u201churto\u201d. La bicicleta fue recuperada en Necochea al 800.<\/p>\n","protected":false},"author":4,"featured_media":128294,"comment_status":"closed","ping_status":"closed","sticky":false,"template":"","format":"standard","meta":{"_jetpack_memberships_contains_paid_content":false,"footnotes":""},"categories":[14,1],"tags":[],"class_list":["post-128293","post","type-post","status-publish","format-standard","has-post-thumbnail","hentry","category-policiales","category-portada"],"jetpack_featured_media_url":"https:\/\/i0.wp.com\/cdnoticias.com\/wp-content\/uploads\/2024\/10\/necochea-800-bicicleta.jpg?fit=800%2C444&ssl=1","jetpack_sharing_enabled":true,"_links":{"self":[{"href":"https:\/\/cdnoticias.com\/index.php\/wp-json\/wp\/v2\/posts\/128293","targetHints":{"allow":["GET"]}}],"collection":[{"href":"https:\/\/cdnoticias.com\/index.php\/wp-json\/wp\/v2\/posts"}],"about":[{"href":"https:\/\/cdnoticias.com\/index.php\/wp-json\/wp\/v2\/types\/post"}],"author":[{"embeddable":true,"href":"https:\/\/cdnoticias.com\/index.php\/wp-json\/wp\/v2\/users\/4"}],"replies":[{"embeddable":true,"href":"https:\/\/cdnoticias.com\/index.php\/wp-json\/wp\/v2\/comments?post=128293"}],"version-history":[{"count":0,"href":"https:\/\/cdnoticias.com\/index.php\/wp-json\/wp\/v2\/posts\/128293\/revisions"}],"wp:featuredmedia":[{"embeddable":true,"href":"https:\/\/cdnoticias.com\/index.php\/wp-json\/wp\/v2\/media\/128294"}],"wp:attachment":[{"href":"https:\/\/cdnoticias.com\/index.php\/wp-json\/wp\/v2\/media?parent=128293"}],"wp:term":[{"taxonomy":"category","embeddable":true,"href":"https:\/\/cdnoticias.com\/index.php\/wp-json\/wp\/v2\/categories?post=128293"},{"taxonomy":"post_tag","embeddable":true,"href":"https:\/\/cdnoticias.com\/index.php\/wp-json\/wp\/v2\/tags?post=128293"}],"curies":[{"name":"wp","href":"https:\/\/api.w.org\/{rel}","templated":true}]}}