{"id":128240,"date":"2024-10-18T17:05:45","date_gmt":"2024-10-18T20:05:45","guid":{"rendered":"https:\/\/cdnoticias.com\/?p=128240"},"modified":"2024-10-18T20:15:20","modified_gmt":"2024-10-18T23:15:20","slug":"tras-el-hecho-de-violencia-en-un-jardin-maternal-municipal-la-coordinadora-desmintio-al-stmo","status":"publish","type":"post","link":"https:\/\/cdnoticias.com\/index.php\/2024\/10\/18\/tras-el-hecho-de-violencia-en-un-jardin-maternal-municipal-la-coordinadora-desmintio-al-stmo\/","title":{"rendered":"Tras el hecho de violencia en un Jard\u00edn Maternal Municipal, la coordinadora desminti\u00f3 al STMO"},"content":{"rendered":"\n<p>Daniela De L\u00edbano aclar\u00f3 que nunca tuvo comunicaci\u00f3n telef\u00f3nica con Jos\u00e9 Stuppia, y relat\u00f3 c\u00f3mo fueron los hechos d\u00edas atr\u00e1s. \u201cNadie discute que el sueldo de varias de mis compa\u00f1eras es bajo, eso no est\u00e1 en discusi\u00f3n, pero se prioriz\u00f3 abrir un jard\u00edn para que los nenes puedan volver a sus d\u00edas cotidianos\u201d.<\/p>\n\n\n\n<hr class=\"wp-block-separator aligncenter has-alpha-channel-opacity\"\/>\n\n\n\n<p>Luego de conocerse<strong> presuntos hechos de violencia en un Jard\u00edn Maternal Municipal por parte del Sindicato de Trabajadores Municipales por haber levantado el estado de asamblea permanente y volver a recibir a los ni\u00f1os y ni\u00f1as que asisten a la instituci\u00f3n, la coordinadora del maternal \u201cPrincipito\u201d, Daniela De L\u00edbano, desminti\u00f3 diversas acusaciones gremiales y aclar\u00f3 c\u00f3mo fueron los hechos.<\/strong><\/p>\n\n\n\n<p>Lo hizo en di\u00e1logo con <strong>Radio Olavarr\u00eda<\/strong>, al ser consultada por los hechos que se hicieron p\u00fablicos desde el Ejecutivo con un repudio por lo sucedido. Horas despu\u00e9s, el propio Jos\u00e9 Stuppia desminti\u00f3 que haya sucedido una situaci\u00f3n de esa \u00edndole.<\/p>\n\n\n\n<p>De L\u00edbano se\u00f1al\u00f3 que tras la profundizaci\u00f3n de las medidas gremiales, el Jard\u00edn estuvo sin recibir a ni\u00f1os y ni\u00f1as durante 4 d\u00edas. <strong>El lunes 7, decidieron en asamblea retomar la atenci\u00f3n, y por esa medida integrantes del gremio estuvieron en el lugar para pedir explicaciones por la decisi\u00f3n: una madre observ\u00f3 presencia de integrantes del sindicato y se mostr\u00f3 preocupada,<\/strong><\/p>\n\n\n\n<p>El martes, De L\u00edbano encontr\u00f3 a Jos\u00e9 Stuppia sentado en el SUM con tres de las trabajadoras y ella misma tuvo un intercambio con el gremialista: <em><strong>\u201cSe generaron situaciones que no estaban buenas para el personal\u201d<\/strong><\/em>. De hecho, all\u00ed mismo le aclar\u00f3 que <em>\u201chab\u00eda tenido una denuncia, que por favor lo tengan en cuenta\u201d.<\/em> El intercambio subi\u00f3 de tono y ella decidi\u00f3 terminarlo, afirm\u00f3.<\/p>\n\n\n\n<p>Tras irse a las salas del maternal,<strong> Stuppia ingresa e <em>\u201cinterrumpe en las otras dos salas donde hab\u00eda menores, estaban los ni\u00f1os\u201d<\/em> precis\u00f3 la docente.<\/strong><\/p>\n\n\n\n<p>En la sala de deambuladores, <strong>Stuppia us\u00f3 un tono m\u00e1s elevado, al tiempo que otra madre ingresaba al jard\u00edn maternal y lleg\u00f3 a observar la escena. <\/strong>Esa madre fue la que expres\u00f3 que no ten\u00eda que pasar que esas personas est\u00e9n en el jard\u00edn y que, si volv\u00eda a suceder, hab\u00eda que avisarle para que retire a su hijo, se\u00f1al\u00f3 De L\u00edbano. <em>\u201cEs una queja de una mam\u00e1 que es entendible y fue tomada en cuenta\u201d<\/em> agreg\u00f3.<\/p>\n\n\n\n<p>En este punto, tambi\u00e9n desminti\u00f3 haber forzado a que el equipo de trabajo vuelva a trabajar y que fue una decisi\u00f3n en conjunto: <strong><em>\u201cNunca hab\u00edamos tenido una asamblea que dure tanto tiempo\u201d<\/em><\/strong> dijo y aclar\u00f3: <em>\u201cYo no le bajo lineamientos a nadie\u201d.<\/em><\/p>\n\n\n\n<blockquote class=\"wp-block-quote is-layout-flow wp-block-quote-is-layout-flow\">\n<p>\u201cMis compa\u00f1eras son totalmente inteligentes y capaces de poder decidir en libertad. Tanto la decisi\u00f3n de tomar la asamblea como de levantarla, siempre se hizo en conjunto, nunca porque yo dije \u2018hacemos o dejamos de hacer\u2019\u201d reiter\u00f3 la coordinadora.<\/p>\n<\/blockquote>\n\n\n\n<p>Con respecto al tema de fondo, aclar\u00f3 que<em><strong> \u201cnadie discute que el sueldo de varias de mis compa\u00f1eras es bajo, eso no est\u00e1 en discusi\u00f3n, pero se prioriz\u00f3 abrir un jard\u00edn para que los nenes puedan volver a sus d\u00edas cotidianos\u201d <\/strong><\/em>justific\u00f3.<\/p>\n\n\n\n<p>En otro punto del di\u00e1logo, <strong>De L\u00edbano desmiente expl\u00edcitamente a Stuppia cuando afirma \u201cyo nunca lo llam\u00e9 llorando\u201d como dice en la nota publicada por el mismo portal de Radio Olavarr\u00eda que entrevist\u00f3 a Stuppia<\/strong>. Incluso, aclar\u00f3 que<em> \u201csiempre que han pasado las compa\u00f1eras del sindicato fue de manera cordial\u201d,<\/em> seg\u00fan ella ve y le han contado sus compa\u00f1eras. Por eso, manifest\u00f3 no entender <em>\u201cpor qu\u00e9 Stuppia expres\u00f3 que lo llam\u00e9\u201d.<\/em><\/p>\n\n\n\n<p><strong>Descart\u00f3 cualquier tipo de presi\u00f3n por parte de las autoridades municipales como Malena Pianciola<\/strong>. \u201c<em>No fuimos los primeros en endurerecer la asamblea, s\u00ed fuimos los primeros en levantarla\u201d<\/em> aclar\u00f3 y se\u00f1al\u00f3 que, tras el hecho,<strong> hubo una importante reuni\u00f3n de padres para aclarar la situaci\u00f3n, catalogada como \u201cnecesaria\u201d.<\/strong><\/p>\n\n\n\n<p><em>\u201cTal vez Jos\u00e9 no comprende c\u00f3mo es el manejo de una instituci\u00f3n, por eso tambi\u00e9n manifiesta ciertas cuestiones de lo que fue la reuni\u00f3n de los padres, que exigen porque sali\u00f3 una nota y porque quer\u00edan una explicaci\u00f3n de parte m\u00eda y de parte del Ejecutivo\u201d<\/em> puntualiz\u00f3.<\/p>\n\n\n\n<p>La coordinadora del Principito reiter\u00f3:<em><strong> \u201cAc\u00e1 lo que se est\u00e1 cuidando es pura y exclusivamente el estado emocional de los ni\u00f1os y ni\u00f1as que concurren al maternal, que tienen entre 45 d\u00edas y 3 a\u00f1os\u201d.<\/strong><\/em><\/p>\n\n\n\n<p><em>\u201cTenemos 38 ni\u00f1os y ni\u00f1as en dos turnos. Yo soy la responsable de esta instituci\u00f3n y mientras yo est\u00e9, mi prioridad es el estado emocional de los ni\u00f1os que concurren al jard\u00edn\u201d<\/em> concluy\u00f3 De L\u00edbano.<\/p>\n","protected":false},"excerpt":{"rendered":"<p>Daniela De L\u00edbano aclar\u00f3 que nunca tuvo comunicaci\u00f3n telef\u00f3nica con Jos\u00e9 Stuppia, y relat\u00f3 c\u00f3mo fueron los hechos d\u00edas atr\u00e1s.<\/p>\n","protected":false},"author":2,"featured_media":128242,"comment_status":"closed","ping_status":"closed","sticky":false,"template":"","format":"standard","meta":{"_jetpack_memberships_contains_paid_content":false,"footnotes":""},"categories":[5,1],"tags":[],"class_list":["post-128240","post","type-post","status-publish","format-standard","has-post-thumbnail","hentry","category-informacion-general","category-portada"],"jetpack_featured_media_url":"https:\/\/i0.wp.com\/cdnoticias.com\/wp-content\/uploads\/2024\/10\/maternal-municipal-principito.jpg?fit=1024%2C576&ssl=1","jetpack_sharing_enabled":true,"_links":{"self":[{"href":"https:\/\/cdnoticias.com\/index.php\/wp-json\/wp\/v2\/posts\/128240","targetHints":{"allow":["GET"]}}],"collection":[{"href":"https:\/\/cdnoticias.com\/index.php\/wp-json\/wp\/v2\/posts"}],"about":[{"href":"https:\/\/cdnoticias.com\/index.php\/wp-json\/wp\/v2\/types\/post"}],"author":[{"embeddable":true,"href":"https:\/\/cdnoticias.com\/index.php\/wp-json\/wp\/v2\/users\/2"}],"replies":[{"embeddable":true,"href":"https:\/\/cdnoticias.com\/index.php\/wp-json\/wp\/v2\/comments?post=128240"}],"version-history":[{"count":0,"href":"https:\/\/cdnoticias.com\/index.php\/wp-json\/wp\/v2\/posts\/128240\/revisions"}],"wp:featuredmedia":[{"embeddable":true,"href":"https:\/\/cdnoticias.com\/index.php\/wp-json\/wp\/v2\/media\/128242"}],"wp:attachment":[{"href":"https:\/\/cdnoticias.com\/index.php\/wp-json\/wp\/v2\/media?parent=128240"}],"wp:term":[{"taxonomy":"category","embeddable":true,"href":"https:\/\/cdnoticias.com\/index.php\/wp-json\/wp\/v2\/categories?post=128240"},{"taxonomy":"post_tag","embeddable":true,"href":"https:\/\/cdnoticias.com\/index.php\/wp-json\/wp\/v2\/tags?post=128240"}],"curies":[{"name":"wp","href":"https:\/\/api.w.org\/{rel}","templated":true}]}}