{"id":128233,"date":"2024-10-18T20:51:58","date_gmt":"2024-10-18T23:51:58","guid":{"rendered":"https:\/\/cdnoticias.com\/?p=128233"},"modified":"2024-10-19T10:36:14","modified_gmt":"2024-10-19T13:36:14","slug":"liliana-schwindt-axel-kicillof-representa-mucho-mas-que-el-peronismo","status":"publish","type":"post","link":"https:\/\/cdnoticias.com\/index.php\/2024\/10\/18\/liliana-schwindt-axel-kicillof-representa-mucho-mas-que-el-peronismo\/","title":{"rendered":"Liliana Schwindt: \u201cAxel Kicillof representa mucho m\u00e1s que el peronismo\u201d"},"content":{"rendered":"<p>La concejal de Olavarr\u00eda estuvo en el acto que encabez\u00f3 el Gobernador en Berisso por el D\u00eda de la Lealtad Peronista. \u201cNo tenemos que encerrarnos\u201d defini\u00f3. La \u201chumildad\u201d de Kicillof, la masiva asistencia y \u201cmucha gente de la S\u00e9ptima\u201d.<!--more--><\/p>\n<hr \/>\n<p>Este jueves<strong> el gobernador <a href=\"https:\/\/cdnoticias.com\/index.php\/2024\/10\/18\/kicillof-la-unica-pelea-que-me-interesa-es-contra-las-politicas-de-milei\/\" target=\"_blank\" rel=\"noopener\">Axel Kicillof encabez\u00f3 un acto por el D\u00eda de la Lealtad Peronista<\/a><\/strong> y all\u00ed hubo <strong>representaci\u00f3n desde Olavarr\u00eda: la concejal Liliana Schwindt, integrante de La Corriente<\/strong>. <strong>Central de Noticias<\/strong> habl\u00f3 con la dirigente quien valor\u00f3 el acto y la figura del mandatario provincial.<\/p>\n<p>Dej\u00f3 interesantes <strong>definiciones sobre su visi\u00f3n del peronismo<\/strong> en la actualidad a trav\u00e9s del prisma del acto: <strong>\u201cno tenemos que encerrarnos en el peronismo, tenemos que buscar a todos, a todas, a aquellos que piensan diferente\u201d<\/strong> afirm\u00f3. Adem\u00e1s, afirm\u00f3 que<strong> \u201cayer ten\u00edamos mucha gente de la S\u00e9ptima\u201d<\/strong> entre los asistentes a Berisso.<\/p>\n<blockquote><p>\u201cFue positivo el apoyo con que se encontr\u00f3, la dirigencia, la militancia y los j\u00f3venes. Todos los que fueron disfrutaban el d\u00eda\u201d dijo Schwindt sobre el acto que convoc\u00f3 a unas 50 mil personas. \u201cEl discurso no me sorprendi\u00f3, la humildad que tiene Kicillof. Nos pidi\u00f3 que nosotros seamos modestos, ir a escuchar, sin eludir el problema del peronismo nos llam\u00f3 para trabajar para construir una alternativa\u201d expres\u00f3 en sus primeras definiciones.<\/p><\/blockquote>\n<p><em>&#8211; \u00bfC\u00f3mo se construye esa alternativa?<\/em><\/p>\n<p>Con unidad y escuchando, a m\u00ed me pareci\u00f3 eso, <strong>el hincapi\u00e9 que hizo tanto en la unidad. No hay ninguna posibilidad de que vayamos separados<\/strong>.<\/p>\n<p><img data-recalc-dims=\"1\" loading=\"lazy\" decoding=\"async\" class=\"size-full wp-image-128235 aligncenter\" src=\"https:\/\/i0.wp.com\/cdnoticias.com\/wp-content\/uploads\/2024\/10\/acto-kicillof-17-de-octubre-dia-de-la-lealtad-liliana-schwindt-01.jpg?resize=800%2C445&#038;ssl=1\" alt=\"\" width=\"800\" height=\"445\" srcset=\"https:\/\/i0.wp.com\/cdnoticias.com\/wp-content\/uploads\/2024\/10\/acto-kicillof-17-de-octubre-dia-de-la-lealtad-liliana-schwindt-01.jpg?w=800&amp;ssl=1 800w, https:\/\/i0.wp.com\/cdnoticias.com\/wp-content\/uploads\/2024\/10\/acto-kicillof-17-de-octubre-dia-de-la-lealtad-liliana-schwindt-01.jpg?resize=300%2C167&amp;ssl=1 300w, https:\/\/i0.wp.com\/cdnoticias.com\/wp-content\/uploads\/2024\/10\/acto-kicillof-17-de-octubre-dia-de-la-lealtad-liliana-schwindt-01.jpg?resize=768%2C427&amp;ssl=1 768w\" sizes=\"auto, (max-width: 800px) 100vw, 800px\" \/><\/p>\n<p><em>&#8211; \u00bfA d\u00f3nde ir? Est\u00e1 en lo inmediato la interna del PJ nacional y en el horizonte el 2025, \u00bfde qu\u00e9 habla Axel Kicillof?<\/em><\/p>\n<p>Habl\u00f3 claramente de que <strong>no va a participar de internas<\/strong>. Dijo que no va a subirse a internas porque tiene la responsabilidad de gobernar, de administrar la provincia que no es f\u00e1cil con los recursos que se tienen. <strong>Yo no vi un clima de interna.<\/strong><\/p>\n<p><em>&#8211; \u00bfHoy Kicillof representa al peronismo de la provincia de Buenos Aires?<\/em><\/p>\n<blockquote><p>No s\u00f3lo con este acto, \u00e9l representa mucho m\u00e1s que el peronismo. Es el gobernador, yo lo sacar\u00eda de esa representaci\u00f3n. Porque es hist\u00f3rico, el peronismo siempre para ganar, para ser gobierno, necesit\u00f3 de alianzas, de sumar otros pensamientos. Y tenemos que volver a eso, no abandonarlo. Kicillof lo dijo claro: habl\u00f3 de escuchar, de estar con los brazos abiertos, y eso significa que no tenemos que encerrarnos en el peronismo, tenemos que buscar a todos, a todas, a aquellos que piensan diferente, a los que votaron otra cosa y hoy est\u00e1n sufriendo, que a lo mejor es gente adherente del peronismo. Pero para m\u00ed es mucho m\u00e1s que eso. Kicillof y lo dijo claro en su discurso: tenemos que sumar y buscar. Si nos encerramos solamente en un partido pol\u00edtico sal\u00eds a la contienda muy acotado.<\/p><\/blockquote>\n<p><em>-Las menciones a Cristina Fern\u00e1ndez, sus frases, sus gobiernos, esta decisi\u00f3n de ubicarla como referente, \u00bflo esperabas? Mucho se esper\u00f3 su discurso para ver esa definici\u00f3n.<\/em><\/p>\n<p>Yo creo que <strong>es lo correcto. Es una l\u00edder important\u00edsima en el movimiento peronista<\/strong>, fue dos veces presidenta y una vez vicepresidenta. Ha dejado un legado y ella <strong>se merece respeto en nuestra fuerza<\/strong>. C\u00f3mo no la va a nombrar o mencionar, si en sus gobiernos \u00e9l fue ministro. Hablar\u00eda mal de Axel eso. <strong>Yo no fui al acto a esperar rupturas, ni que no la mencionara<\/strong>. Es algo que es parte, despu\u00e9s<strong> hay escaramuzas de quienes est\u00e1n alrededor<\/strong>, de los sat\u00e9lites de los l\u00edderes. En lo nuestro tambi\u00e9n, tal vez alrededor de Kicillof habr\u00e1 gente que tambi\u00e9n altera todo. Pero <strong>no es momento de eso, est\u00e1 claro: la gente est\u00e1 sufriendo y la patria est\u00e1 en peligro<\/strong>. Y no es un chiste cuando se dice, no es una frase as\u00ed nom\u00e1s. La patria est\u00e1 en peligro.<\/p>\n<p><img data-recalc-dims=\"1\" loading=\"lazy\" decoding=\"async\" class=\"aligncenter wp-image-128203\" src=\"https:\/\/i0.wp.com\/cdnoticias.com\/wp-content\/uploads\/2024\/10\/acto-kicillof-17-de-octubre-dia-de-la-lealtad-1.jpg?resize=800%2C445&#038;ssl=1\" alt=\"\" width=\"800\" height=\"445\" srcset=\"https:\/\/i0.wp.com\/cdnoticias.com\/wp-content\/uploads\/2024\/10\/acto-kicillof-17-de-octubre-dia-de-la-lealtad-1.jpg?w=1000&amp;ssl=1 1000w, https:\/\/i0.wp.com\/cdnoticias.com\/wp-content\/uploads\/2024\/10\/acto-kicillof-17-de-octubre-dia-de-la-lealtad-1.jpg?resize=300%2C167&amp;ssl=1 300w, https:\/\/i0.wp.com\/cdnoticias.com\/wp-content\/uploads\/2024\/10\/acto-kicillof-17-de-octubre-dia-de-la-lealtad-1.jpg?resize=768%2C427&amp;ssl=1 768w, https:\/\/i0.wp.com\/cdnoticias.com\/wp-content\/uploads\/2024\/10\/acto-kicillof-17-de-octubre-dia-de-la-lealtad-1.jpg?resize=800%2C445&amp;ssl=1 800w\" sizes=\"auto, (max-width: 800px) 100vw, 800px\" \/><\/p>\n<h3>Presencias, apoyos y los que \u201cno la ven\u201d<\/h3>\n<p><strong>\u201cAyer ten\u00edamos mucha gente de la S\u00e9ptima\u201d<\/strong> remarc\u00f3 Liliana Schwindt durante la entrevista y luego mencion\u00f3 a los presentes. <strong>Desde Olavarr\u00eda tambi\u00e9n asisti\u00f3 la concejal Telma Cazot y m\u00e1s militantes de La Corriente<\/strong>. El <em>intendente de Tapalqu\u00e9, Gustavo Cocconi<\/em>, estuvo en el palco principal. Tambi\u00e9n estuvieron los <em>ex intendentes de 25 de Mayo, Hern\u00e1n Ralinqueo, y de Alvear, Gaudencio Fern\u00e1ndez, la diputada provincial de Azul, Laura Aolisi, acompa\u00f1ada por concejales azule\u00f1os<\/em>.<\/p>\n<p>Consultada sobre el apoyo de la dirigencia sindical,<strong> la concejal olavarriense consider\u00f3 \u201cmuy bueno que la CGT en pleno estuviera acompa\u00f1ando<\/strong>, m\u00e1s en este momento en que los trabajadores son sometidos a quita de derechos y que los salarios est\u00e1n por el piso. Me pareci\u00f3 excelente, porque te guste o no, los trabajadores son una parte importante y la organizaci\u00f3n de los trabajadores tambi\u00e9n. <strong>Adem\u00e1s estaban las CTA, las dos, y los movimientos sociales, Movimiento Evita y vi a los diputados de Grabois\u201d<\/strong>.<\/p>\n<blockquote><p>En el \u00faltimo tramo de la entrevista, la ex diputada nacional subray\u00f3 la confrontaci\u00f3n con la gesti\u00f3n que encabeza el presidente Milei y que repas\u00f3 Kicillof en su discurso: \u201ctenemos ac\u00e1 a alguien que dice que va destruir el estado, que rompe las instituciones, no las respeta. A m\u00ed me dan ganas de llorar. A veces pienso \u00b4no la ven\u00b4, a eso no lo ven. Dijo que iba a ajustar a la casta. \u00bfA qu\u00e9 casta? Le sac\u00f3 transferencias a las provincias. Axel fue claro: eso no es ajustar a la casta, a nosotros nos quit\u00f3 educaci\u00f3n, nos quit\u00f3 seguridad, el boleto de colectivo\u201d.<\/p><\/blockquote>\n<p><img data-recalc-dims=\"1\" loading=\"lazy\" decoding=\"async\" class=\"aligncenter wp-image-128201\" src=\"https:\/\/i0.wp.com\/cdnoticias.com\/wp-content\/uploads\/2024\/10\/acto-kicillof-17-de-octubre-dia-de-la-lealtad-2.jpg?resize=800%2C445&#038;ssl=1\" alt=\"\" width=\"800\" height=\"445\" srcset=\"https:\/\/i0.wp.com\/cdnoticias.com\/wp-content\/uploads\/2024\/10\/acto-kicillof-17-de-octubre-dia-de-la-lealtad-2.jpg?w=1000&amp;ssl=1 1000w, https:\/\/i0.wp.com\/cdnoticias.com\/wp-content\/uploads\/2024\/10\/acto-kicillof-17-de-octubre-dia-de-la-lealtad-2.jpg?resize=300%2C167&amp;ssl=1 300w, https:\/\/i0.wp.com\/cdnoticias.com\/wp-content\/uploads\/2024\/10\/acto-kicillof-17-de-octubre-dia-de-la-lealtad-2.jpg?resize=768%2C427&amp;ssl=1 768w, https:\/\/i0.wp.com\/cdnoticias.com\/wp-content\/uploads\/2024\/10\/acto-kicillof-17-de-octubre-dia-de-la-lealtad-2.jpg?resize=800%2C445&amp;ssl=1 800w\" sizes=\"auto, (max-width: 800px) 100vw, 800px\" \/><\/p>\n","protected":false},"excerpt":{"rendered":"<p>La concejal de Olavarr\u00eda estuvo en el acto que encabez\u00f3 el Gobernador en Berisso por el D\u00eda de la Lealtad<\/p>\n","protected":false},"author":4,"featured_media":128234,"comment_status":"closed","ping_status":"closed","sticky":false,"template":"","format":"standard","meta":{"_jetpack_memberships_contains_paid_content":false,"footnotes":""},"categories":[4,1],"tags":[],"class_list":["post-128233","post","type-post","status-publish","format-standard","has-post-thumbnail","hentry","category-politica","category-portada"],"jetpack_featured_media_url":"https:\/\/i0.wp.com\/cdnoticias.com\/wp-content\/uploads\/2024\/10\/acto-kicillof-17-de-octubre-dia-de-la-lealtad-liliana-schwindt-00.jpg?fit=800%2C446&ssl=1","jetpack_sharing_enabled":true,"_links":{"self":[{"href":"https:\/\/cdnoticias.com\/index.php\/wp-json\/wp\/v2\/posts\/128233","targetHints":{"allow":["GET"]}}],"collection":[{"href":"https:\/\/cdnoticias.com\/index.php\/wp-json\/wp\/v2\/posts"}],"about":[{"href":"https:\/\/cdnoticias.com\/index.php\/wp-json\/wp\/v2\/types\/post"}],"author":[{"embeddable":true,"href":"https:\/\/cdnoticias.com\/index.php\/wp-json\/wp\/v2\/users\/4"}],"replies":[{"embeddable":true,"href":"https:\/\/cdnoticias.com\/index.php\/wp-json\/wp\/v2\/comments?post=128233"}],"version-history":[{"count":0,"href":"https:\/\/cdnoticias.com\/index.php\/wp-json\/wp\/v2\/posts\/128233\/revisions"}],"wp:featuredmedia":[{"embeddable":true,"href":"https:\/\/cdnoticias.com\/index.php\/wp-json\/wp\/v2\/media\/128234"}],"wp:attachment":[{"href":"https:\/\/cdnoticias.com\/index.php\/wp-json\/wp\/v2\/media?parent=128233"}],"wp:term":[{"taxonomy":"category","embeddable":true,"href":"https:\/\/cdnoticias.com\/index.php\/wp-json\/wp\/v2\/categories?post=128233"},{"taxonomy":"post_tag","embeddable":true,"href":"https:\/\/cdnoticias.com\/index.php\/wp-json\/wp\/v2\/tags?post=128233"}],"curies":[{"name":"wp","href":"https:\/\/api.w.org\/{rel}","templated":true}]}}