{"id":128213,"date":"2024-10-18T12:22:46","date_gmt":"2024-10-18T15:22:46","guid":{"rendered":"https:\/\/cdnoticias.com\/?p=128213"},"modified":"2024-10-18T17:30:50","modified_gmt":"2024-10-18T20:30:50","slug":"reinauguraron-el-edificio-de-las-secundarias-n-6-y-n-8-afectado-durante-los-temporales-de-diciembre","status":"publish","type":"post","link":"https:\/\/cdnoticias.com\/index.php\/2024\/10\/18\/reinauguraron-el-edificio-de-las-secundarias-n-6-y-n-8-afectado-durante-los-temporales-de-diciembre\/","title":{"rendered":"Reinauguraron el edificio de las Secundarias N\u00b06 y N\u00b08 afectado durante los temporales de diciembre"},"content":{"rendered":"\n<p>El acto fue encabezado por el intendente Wesner, autoridades educativas y la participaci\u00f3n de la comunidad de ambos establecimientos. La obra tuvo una inversi\u00f3n de m\u00e1s de 80 millones de pesos.<\/p>\n\n\n\n<hr class=\"wp-block-separator has-alpha-channel-opacity\"\/>\n\n\n\n<p>En la ma\u00f1ana de este viernes se desarroll\u00f3 un acto significativo que dio marco a la reinauguraci\u00f3n del edificio que comparten dos establecimientos educativos tradicionales y reconocidos de la ciudad de Olavarr\u00eda, como lo son la <strong>Escuela Secundaria N\u00b0 6 -ex Nacional- y la Escuela Secundaria N\u00b0 8 -ex Comercial-.<\/strong><\/p>\n\n\n\n<p><\/p>\n\n\n\n<p>La actividad fue <strong>encabezada por el intendente Maximiliano Wesner y autoridades de ambas instituciones<\/strong>, como as\u00ed tambi\u00e9n referentes del \u00e1mbito de la educaci\u00f3n. Adem\u00e1s, se cont\u00f3 con un importante acompa\u00f1amiento de la<strong> comunidad educativa.<\/strong><\/p>\n\n\n\n<p><\/p>\n\n\n\n<figure class=\"wp-block-image size-full\"><img data-recalc-dims=\"1\" loading=\"lazy\" decoding=\"async\" width=\"800\" height=\"532\" src=\"https:\/\/i0.wp.com\/cdnoticias.com\/wp-content\/uploads\/2024\/10\/reinauguracion-secundaria-6-y-8-01.jpg?resize=800%2C532&#038;ssl=1\" alt=\"\" class=\"wp-image-128221\" srcset=\"https:\/\/i0.wp.com\/cdnoticias.com\/wp-content\/uploads\/2024\/10\/reinauguracion-secundaria-6-y-8-01.jpg?w=800&amp;ssl=1 800w, https:\/\/i0.wp.com\/cdnoticias.com\/wp-content\/uploads\/2024\/10\/reinauguracion-secundaria-6-y-8-01.jpg?resize=300%2C200&amp;ssl=1 300w, https:\/\/i0.wp.com\/cdnoticias.com\/wp-content\/uploads\/2024\/10\/reinauguracion-secundaria-6-y-8-01.jpg?resize=768%2C511&amp;ssl=1 768w, https:\/\/i0.wp.com\/cdnoticias.com\/wp-content\/uploads\/2024\/10\/reinauguracion-secundaria-6-y-8-01.jpg?resize=272%2C182&amp;ssl=1 272w\" sizes=\"auto, (max-width: 800px) 100vw, 800px\" \/><\/figure>\n\n\n\n<p><\/p>\n\n\n\n<p>Se recuerda que la sede ubicada frente al Parque Mitre <a href=\"https:\/\/cdnoticias.com\/index.php\/2023\/12\/18\/educacion-las-cuatro-escuelas-con-danos-graves-y-el-ok-para-el-inicio\/\" data-type=\"link\" data-id=\"https:\/\/cdnoticias.com\/index.php\/2023\/12\/18\/educacion-las-cuatro-escuelas-con-danos-graves-y-el-ok-para-el-inicio\/\">fue uno de los sitios m\u00e1s afectados por los temporales de diciembre de 2023<\/a>, al punto de perder gran parte de su techo, lo cual afect\u00f3 severamente tambi\u00e9n el interior de lugar.<\/p>\n\n\n\n<p><\/p>\n\n\n\n<figure class=\"wp-block-embed is-type-wp-embed is-provider-central-de-noticias-olavarr-a wp-block-embed-central-de-noticias-olavarr-a\"><div class=\"wp-block-embed__wrapper\">\n<blockquote class=\"wp-embedded-content\" data-secret=\"VL4xHvTr5T\"><a href=\"https:\/\/cdnoticias.com\/index.php\/2023\/12\/18\/educacion-las-cuatro-escuelas-con-danos-graves-y-el-ok-para-el-inicio\/\">Educaci\u00f3n: las cuatro escuelas con da\u00f1os graves y \u201cel ok para el inicio\u201d<\/a><\/blockquote><iframe loading=\"lazy\" class=\"wp-embedded-content\" sandbox=\"allow-scripts\" security=\"restricted\" style=\"position: absolute; visibility: hidden;\" title=\"&#8220;Educaci\u00f3n: las cuatro escuelas con da\u00f1os graves y \u201cel ok para el inicio\u201d&#8221; &#8212; Central de Noticias | Olavarr\u00eda\" src=\"https:\/\/cdnoticias.com\/index.php\/2023\/12\/18\/educacion-las-cuatro-escuelas-con-danos-graves-y-el-ok-para-el-inicio\/embed\/#?secret=8XUcgf7K9n#?secret=VL4xHvTr5T\" data-secret=\"VL4xHvTr5T\" width=\"600\" height=\"338\" frameborder=\"0\" marginwidth=\"0\" marginheight=\"0\" scrolling=\"no\"><\/iframe>\n<\/div><\/figure>\n\n\n\n<p><\/p>\n\n\n\n<blockquote class=\"wp-block-quote is-layout-flow wp-block-quote-is-layout-flow\">\n<p>La recuperaci\u00f3n demand\u00f3 una inversi\u00f3n superior a los 80 millones de pesos, lo cual permiti\u00f3 no solo reparar da\u00f1os, sino mejorar tambi\u00e9n falencias estructurales.<\/p>\n<\/blockquote>\n\n\n\n<p><\/p>\n\n\n\n<p>Para llegar a este d\u00eda fueron necesarios tambi\u00e9n meses de labor, de gestiones, de vinculaci\u00f3n entre actores no s\u00f3lo del sector p\u00fablico, sino tambi\u00e9n del sector privado, como as\u00ed tambi\u00e9n el aporte de toda la comunidad educativa de ambas instituciones.<\/p>\n\n\n\n<p><\/p>\n\n\n\n<p>Por ello lo relevante del acto celebrado en el inicio de la ma\u00f1ana de este viernes, el cual se inici\u00f3 con el<strong> izado de la bandera Nacional, <\/strong>lo cual fue realizado <strong>de manera conjunta entre el jefe comunal de Olavarr\u00eda, los equipos directivos de ambas escuelas y a un alumno de cada centro de estudiantes.<\/strong><\/p>\n\n\n\n<p><\/p>\n\n\n\n<p>\u201c<strong>Atrapa la emoci\u00f3n sinceramente, fueron meses de gesti\u00f3n, de mucho trabajo. <\/strong>Anoche me tom\u00e9 el tiempo para venir, para dar una vuelta manzana y abrazar, si se quiere este edificio. No saben qu\u00e9 lindo que est\u00e1 de noche, 80 luminarias LED puestas ac\u00e1 que hacen que brille este edificio. Caminar reci\u00e9n para venir a este acto, ver la pintura, c\u00f3mo resalta, el resplandor que genera esta claridad en esta ma\u00f1ana, c\u00f3mo embellece y resalta el trabajo de manera conjunta que realmente pudimos construir. Cuidemos esto, es de todos\u201d, expres\u00f3 Maximiliano Wesner, con el acento en la gesta conjunta.<\/p>\n\n\n\n<p><\/p>\n\n\n\n<figure class=\"wp-block-image size-full\"><img data-recalc-dims=\"1\" loading=\"lazy\" decoding=\"async\" width=\"800\" height=\"445\" src=\"https:\/\/i0.wp.com\/cdnoticias.com\/wp-content\/uploads\/2024\/10\/reinauguracion-secundaria-6-y-8-02.jpg?resize=800%2C445&#038;ssl=1\" alt=\"\" class=\"wp-image-128220\" srcset=\"https:\/\/i0.wp.com\/cdnoticias.com\/wp-content\/uploads\/2024\/10\/reinauguracion-secundaria-6-y-8-02.jpg?w=800&amp;ssl=1 800w, https:\/\/i0.wp.com\/cdnoticias.com\/wp-content\/uploads\/2024\/10\/reinauguracion-secundaria-6-y-8-02.jpg?resize=300%2C167&amp;ssl=1 300w, https:\/\/i0.wp.com\/cdnoticias.com\/wp-content\/uploads\/2024\/10\/reinauguracion-secundaria-6-y-8-02.jpg?resize=768%2C427&amp;ssl=1 768w\" sizes=\"auto, (max-width: 800px) 100vw, 800px\" \/><\/figure>\n\n\n\n<p><\/p>\n\n\n\n<p>Si hubo algo que caracteriz\u00f3 lo dicho por cada interlocutor fueron los <strong>agradecimientos<\/strong> y en eso se detuvo tambi\u00e9n el intendente de Olavarr\u00eda. \u201cQuiero agradecer al ministro de educaci\u00f3n Alberto Sileoni, al Gobernador Axel Kicillof, a mi equipo de gesti\u00f3n, al gabinete municipal, porque todo lo hacen m\u00e1s f\u00e1cil todos los d\u00edas. Quiero agradecer a toda la comunidad educativa, a las familias, por no desesperar, por permitirnos esperar y ser solidarios, eso es lo m\u00e1s importante de todos. hay much\u00edsimos actores involucrados en esto\u201d, subray\u00f3.<\/p>\n\n\n\n<p><\/p>\n\n\n\n<p><strong>Fondo de Emergencia bonaerense<\/strong><\/p>\n\n\n\n<p><\/p>\n\n\n\n<p>La inversi\u00f3n fue proveniente de un <strong>Fondo de Emergencia proveniente del Gobierno de la Provincia, pero se cont\u00f3 adem\u00e1s con aportes de privados <\/strong>como de Cerro Negro, que don\u00f3 todo el piso del SUM y de las aulas rotas, adem\u00e1s de fondos del Consejo Escolar para la mano de obra y de otros trabajos, como as\u00ed tambi\u00e9n la recuperaci\u00f3n y la instalaci\u00f3n de luminarias exteriores gracias a gestiones con Coopelectric.<\/p>\n\n\n\n<p><\/p>\n\n\n\n<p>En ese detalle tambi\u00e9n se encuentran el <strong>Colegio San Antonio de Padua y la Sociedad de Fomento Mariano Moreno<\/strong>, instituciones que <strong>cedieron sus espacios para que las y los estudiantes puedan continuar con la curr\u00edcula.<\/strong><\/p>\n\n\n\n<p><\/p>\n\n\n\n<figure class=\"wp-block-image size-full\"><img data-recalc-dims=\"1\" loading=\"lazy\" decoding=\"async\" width=\"800\" height=\"445\" src=\"https:\/\/i0.wp.com\/cdnoticias.com\/wp-content\/uploads\/2024\/10\/reinauguracion-secundaria-6-y-8-04.jpg?resize=800%2C445&#038;ssl=1\" alt=\"\" class=\"wp-image-128218\" srcset=\"https:\/\/i0.wp.com\/cdnoticias.com\/wp-content\/uploads\/2024\/10\/reinauguracion-secundaria-6-y-8-04.jpg?w=800&amp;ssl=1 800w, https:\/\/i0.wp.com\/cdnoticias.com\/wp-content\/uploads\/2024\/10\/reinauguracion-secundaria-6-y-8-04.jpg?resize=300%2C167&amp;ssl=1 300w, https:\/\/i0.wp.com\/cdnoticias.com\/wp-content\/uploads\/2024\/10\/reinauguracion-secundaria-6-y-8-04.jpg?resize=768%2C427&amp;ssl=1 768w\" sizes=\"auto, (max-width: 800px) 100vw, 800px\" \/><\/figure>\n\n\n\n<p><\/p>\n\n\n\n<p>\u201c<strong>Queremos agradecer, fundamentalmente, a todos nuestros estudiantes, a los de la sede y a los que estuvieron ac\u00e1, <\/strong>por la buena onda y el esfuerzo que han puesto todos estos meses. Tambi\u00e9n a las familias que nos han acompa\u00f1ado y ayudado en este proceso. Les agradecemos el compromiso, la disponibilidad por gestionar los recursos y hacer que esto sea posible\u201d, se\u00f1al\u00f3 el director de la Escuela de Educaci\u00f3n Secundaria N\u00b0 6 Nicol\u00e1s Zangara.<\/p>\n\n\n\n<p><\/p>\n\n\n\n<p>\u201c<strong>Hoy reinauguramos el edificio, pero tambi\u00e9n refundamos la Escuela Secundaria 6 y el esp\u00edritu del nacio.<\/strong> Un nuevo edificio para una nueva escuela. Proyectamos una escuela en la comunidad, una escuela para el trabajo, para la ciudadan\u00eda y para los estudios superiores. Una escuela, en definitiva, que nos ense\u00f1e a pensar\u201d, asever\u00f3 Zangara.<\/p>\n\n\n\n<p><\/p>\n\n\n\n<figure class=\"wp-block-image size-full\"><img data-recalc-dims=\"1\" loading=\"lazy\" decoding=\"async\" width=\"800\" height=\"445\" src=\"https:\/\/i0.wp.com\/cdnoticias.com\/wp-content\/uploads\/2024\/10\/reinauguracion-secundaria-6-y-8-05.jpg?resize=800%2C445&#038;ssl=1\" alt=\"\" class=\"wp-image-128217\" srcset=\"https:\/\/i0.wp.com\/cdnoticias.com\/wp-content\/uploads\/2024\/10\/reinauguracion-secundaria-6-y-8-05.jpg?w=800&amp;ssl=1 800w, https:\/\/i0.wp.com\/cdnoticias.com\/wp-content\/uploads\/2024\/10\/reinauguracion-secundaria-6-y-8-05.jpg?resize=300%2C167&amp;ssl=1 300w, https:\/\/i0.wp.com\/cdnoticias.com\/wp-content\/uploads\/2024\/10\/reinauguracion-secundaria-6-y-8-05.jpg?resize=768%2C427&amp;ssl=1 768w\" sizes=\"auto, (max-width: 800px) 100vw, 800px\" \/><\/figure>\n\n\n\n<p><\/p>\n\n\n\n<p><strong>La ayuda tras el temporal<\/strong><\/p>\n\n\n\n<p><\/p>\n\n\n\n<p>Por su parte <strong>la directora de Escuela de Educaci\u00f3n Secundaria N\u00b0 8 Daniela Picazzo <\/strong>expres\u00f3 que \u201cel temporal nos sorprendi\u00f3 y nos dej\u00f3 en una muy mala situaci\u00f3n, <strong>nunca voy a olvidar la desolaci\u00f3n y la tristeza <\/strong>que sentimos los que formamos parte de ella. Tampoco voy a olvidar que fueron mucho las manos que estuvieron para volver a levantarla y permitirnos hoy estar ac\u00e1\u201d.<\/p>\n\n\n\n<p><\/p>\n\n\n\n<p>\u201cQuiero dejar de<strong> agradecer a cada una de las personas que hicieron posible llevar adelante la ense\u00f1anza <\/strong>de nuestros estudiantes a pesar de las circunstancias y a quienes hicieron posible que hoy estemos reinaugurando nuestra querida instituci\u00f3n. Produce una gran emoci\u00f3n estar aqu\u00ed y ahora, dispuestos a empezar una nueva etapa, dispuestos a seguir aprendiendo, construyendo y creciendo con alegr\u00eda y dedicaci\u00f3n todos juntos\u201d, agreg\u00f3.<\/p>\n\n\n\n<p><\/p>\n\n\n\n<figure class=\"wp-block-image size-full\"><img data-recalc-dims=\"1\" loading=\"lazy\" decoding=\"async\" width=\"800\" height=\"445\" src=\"https:\/\/i0.wp.com\/cdnoticias.com\/wp-content\/uploads\/2024\/10\/reinauguracion-secundaria-6-y-8-07.jpg?resize=800%2C445&#038;ssl=1\" alt=\"\" class=\"wp-image-128214\" srcset=\"https:\/\/i0.wp.com\/cdnoticias.com\/wp-content\/uploads\/2024\/10\/reinauguracion-secundaria-6-y-8-07.jpg?w=800&amp;ssl=1 800w, https:\/\/i0.wp.com\/cdnoticias.com\/wp-content\/uploads\/2024\/10\/reinauguracion-secundaria-6-y-8-07.jpg?resize=300%2C167&amp;ssl=1 300w, https:\/\/i0.wp.com\/cdnoticias.com\/wp-content\/uploads\/2024\/10\/reinauguracion-secundaria-6-y-8-07.jpg?resize=768%2C427&amp;ssl=1 768w\" sizes=\"auto, (max-width: 800px) 100vw, 800px\" \/><\/figure>\n\n\n\n<figure class=\"wp-block-image size-full\"><img data-recalc-dims=\"1\" loading=\"lazy\" decoding=\"async\" width=\"800\" height=\"445\" src=\"https:\/\/i0.wp.com\/cdnoticias.com\/wp-content\/uploads\/2024\/10\/reinauguracion-secundaria-6-y-8-06.jpg?resize=800%2C445&#038;ssl=1\" alt=\"\" class=\"wp-image-128216\" srcset=\"https:\/\/i0.wp.com\/cdnoticias.com\/wp-content\/uploads\/2024\/10\/reinauguracion-secundaria-6-y-8-06.jpg?w=800&amp;ssl=1 800w, https:\/\/i0.wp.com\/cdnoticias.com\/wp-content\/uploads\/2024\/10\/reinauguracion-secundaria-6-y-8-06.jpg?resize=300%2C167&amp;ssl=1 300w, https:\/\/i0.wp.com\/cdnoticias.com\/wp-content\/uploads\/2024\/10\/reinauguracion-secundaria-6-y-8-06.jpg?resize=768%2C427&amp;ssl=1 768w\" sizes=\"auto, (max-width: 800px) 100vw, 800px\" \/><\/figure>\n\n\n\n<p><\/p>\n\n\n\n<p>El acto cont\u00f3 con la participaci\u00f3n adem\u00e1s de la Inspectora Jefa Regional de gesti\u00f3n estatal Marta Casanella, la Inspectora Jefa Regional de gesti\u00f3n privada Romina Altafini, el Inspector Jefe Distrital de Olavarr\u00eda Julio Ben\u00edtez, el presidente del Consejo Escolar Ariel Rodr\u00edguez y responsables de Cerro Negro y firmas vinculadas a la obra.<\/p>\n","protected":false},"excerpt":{"rendered":"<p>El acto fue encabezado por el intendente Wesner, autoridades educativas y la participaci\u00f3n de la comunidad de ambos establecimientos. La<\/p>\n","protected":false},"author":2,"featured_media":128215,"comment_status":"closed","ping_status":"closed","sticky":false,"template":"","format":"standard","meta":{"_jetpack_memberships_contains_paid_content":false,"footnotes":""},"categories":[5,1],"tags":[],"class_list":["post-128213","post","type-post","status-publish","format-standard","has-post-thumbnail","hentry","category-informacion-general","category-portada"],"jetpack_featured_media_url":"https:\/\/i0.wp.com\/cdnoticias.com\/wp-content\/uploads\/2024\/10\/reinauguracion-secundaria-6-y-8-00.jpg?fit=800%2C445&ssl=1","jetpack_sharing_enabled":true,"_links":{"self":[{"href":"https:\/\/cdnoticias.com\/index.php\/wp-json\/wp\/v2\/posts\/128213","targetHints":{"allow":["GET"]}}],"collection":[{"href":"https:\/\/cdnoticias.com\/index.php\/wp-json\/wp\/v2\/posts"}],"about":[{"href":"https:\/\/cdnoticias.com\/index.php\/wp-json\/wp\/v2\/types\/post"}],"author":[{"embeddable":true,"href":"https:\/\/cdnoticias.com\/index.php\/wp-json\/wp\/v2\/users\/2"}],"replies":[{"embeddable":true,"href":"https:\/\/cdnoticias.com\/index.php\/wp-json\/wp\/v2\/comments?post=128213"}],"version-history":[{"count":0,"href":"https:\/\/cdnoticias.com\/index.php\/wp-json\/wp\/v2\/posts\/128213\/revisions"}],"wp:featuredmedia":[{"embeddable":true,"href":"https:\/\/cdnoticias.com\/index.php\/wp-json\/wp\/v2\/media\/128215"}],"wp:attachment":[{"href":"https:\/\/cdnoticias.com\/index.php\/wp-json\/wp\/v2\/media?parent=128213"}],"wp:term":[{"taxonomy":"category","embeddable":true,"href":"https:\/\/cdnoticias.com\/index.php\/wp-json\/wp\/v2\/categories?post=128213"},{"taxonomy":"post_tag","embeddable":true,"href":"https:\/\/cdnoticias.com\/index.php\/wp-json\/wp\/v2\/tags?post=128213"}],"curies":[{"name":"wp","href":"https:\/\/api.w.org\/{rel}","templated":true}]}}