{"id":128205,"date":"2024-10-18T11:07:33","date_gmt":"2024-10-18T14:07:33","guid":{"rendered":"https:\/\/cdnoticias.com\/?p=128205"},"modified":"2024-10-18T11:08:18","modified_gmt":"2024-10-18T14:08:18","slug":"ese-viernes-asamblea-en-el-isfd-22-en-contra-del-cierre-del-profesorado-de-filosofia","status":"publish","type":"post","link":"https:\/\/cdnoticias.com\/index.php\/2024\/10\/18\/ese-viernes-asamblea-en-el-isfd-22-en-contra-del-cierre-del-profesorado-de-filosofia\/","title":{"rendered":"Este viernes, asamblea en el ISFD 22 en contra del cierre del profesorado de Filosof\u00eda"},"content":{"rendered":"<p>La convocatoria del Centro de Estudiantes Paulo Freire es para las 19 e invitaron a m\u00e1s instituciones educativas para apoyarlos. Esperan a autoridades de Jefaturas Distrital y Regional de Educaci\u00f3n.<!--more--><\/p>\n<hr \/>\n<p><strong>Este viernes<\/strong> por la tarde se realizar\u00e1<strong> una asamblea de estudiantes y docentes del ISFD N\u00ba 22<\/strong> de Olavarr\u00eda en<strong> rechazo al cierre del profesorado de filosof\u00ed<\/strong>a, medida dada a conocer en los \u00faltimos d\u00edas y que<a href=\"https:\/\/cdnoticias.com\/index.php\/2024\/10\/16\/protesta-de-la-comunidad-educativa-por-el-posible-cierre-de-la-carrera-de-filosofia-del-isfd-n22\/\" target=\"_blank\" rel=\"noopener\"> ya ha convocado a manifestaciones p\u00fablicas en oposici\u00f3n<\/a>.<\/p>\n<p>La asamblea se realizar\u00e1 <strong>este viernes desde las 19<\/strong>, horario en que est\u00e1 prevista una <strong>reuni\u00f3n con autoridades de las Jefaturas Distrital y Regional de Educaci\u00f3n<\/strong>. La intenci\u00f3n es <strong>sumar apoyo desde otras instituciones educativas de la ciudad<\/strong>, tanto de estudiantes como de docentes.<\/p>\n<blockquote><p>Desde el Centro de Estudiantes Paulo Freire, impulsores de la convocatoria, se indic\u00f3 que la concentraci\u00f3n de asistentes se har\u00e1 desde 18.30. \u201cLa convocatoria es a las 19, horario de la reuni\u00f3n con Jefatura Distrital y Regional. Quienes puedan acercarse 18.30 h, pueden hacerlo para ser a\u00fan m\u00e1s antes de la llegada de la Jefatura\u201d se destac\u00f3.<\/p><\/blockquote>\n<p>Tras expresar el<strong> \u201ccompromiso\u201d con la asamblea<\/strong> a realizarse, desde la entidad estudiantil <strong>se valor\u00f3 que \u201cla participaci\u00f3n de estudiantes, docentes y centros de estudiantes de otros institutos y facultades<\/strong> es de suma importancia. Es trascendental que puedan estar acompa\u00f1ando\u201d.<\/p>\n<p>Definieron la jornada como<strong> \u201cun d\u00eda decisivo<\/strong>. En este momento para la carrera del Profesorado de Filosof\u00eda, pero<strong> ya dejaron explicitado que no va a ser la \u00fanica\u201d<\/strong>.<\/p>\n","protected":false},"excerpt":{"rendered":"<p>La convocatoria del Centro de Estudiantes Paulo Freire es para las 19 e invitaron a m\u00e1s instituciones educativas para apoyarlos.<\/p>\n","protected":false},"author":4,"featured_media":128106,"comment_status":"closed","ping_status":"closed","sticky":false,"template":"","format":"standard","meta":{"_jetpack_memberships_contains_paid_content":false,"footnotes":""},"categories":[5,1],"tags":[],"class_list":["post-128205","post","type-post","status-publish","format-standard","has-post-thumbnail","hentry","category-informacion-general","category-portada"],"jetpack_featured_media_url":"https:\/\/i0.wp.com\/cdnoticias.com\/wp-content\/uploads\/2024\/10\/reclamo-cierre-filosofia-20241.png?fit=892%2C530&ssl=1","jetpack_sharing_enabled":true,"_links":{"self":[{"href":"https:\/\/cdnoticias.com\/index.php\/wp-json\/wp\/v2\/posts\/128205","targetHints":{"allow":["GET"]}}],"collection":[{"href":"https:\/\/cdnoticias.com\/index.php\/wp-json\/wp\/v2\/posts"}],"about":[{"href":"https:\/\/cdnoticias.com\/index.php\/wp-json\/wp\/v2\/types\/post"}],"author":[{"embeddable":true,"href":"https:\/\/cdnoticias.com\/index.php\/wp-json\/wp\/v2\/users\/4"}],"replies":[{"embeddable":true,"href":"https:\/\/cdnoticias.com\/index.php\/wp-json\/wp\/v2\/comments?post=128205"}],"version-history":[{"count":0,"href":"https:\/\/cdnoticias.com\/index.php\/wp-json\/wp\/v2\/posts\/128205\/revisions"}],"wp:featuredmedia":[{"embeddable":true,"href":"https:\/\/cdnoticias.com\/index.php\/wp-json\/wp\/v2\/media\/128106"}],"wp:attachment":[{"href":"https:\/\/cdnoticias.com\/index.php\/wp-json\/wp\/v2\/media?parent=128205"}],"wp:term":[{"taxonomy":"category","embeddable":true,"href":"https:\/\/cdnoticias.com\/index.php\/wp-json\/wp\/v2\/categories?post=128205"},{"taxonomy":"post_tag","embeddable":true,"href":"https:\/\/cdnoticias.com\/index.php\/wp-json\/wp\/v2\/tags?post=128205"}],"curies":[{"name":"wp","href":"https:\/\/api.w.org\/{rel}","templated":true}]}}