{"id":128196,"date":"2024-10-19T09:27:08","date_gmt":"2024-10-19T12:27:08","guid":{"rendered":"https:\/\/cdnoticias.com\/?p=128196"},"modified":"2024-10-19T12:13:13","modified_gmt":"2024-10-19T15:13:13","slug":"con-diversas-propuestas-se-realizo-un-nuevo-festival-por-la-salud-mental","status":"publish","type":"post","link":"https:\/\/cdnoticias.com\/index.php\/2024\/10\/19\/con-diversas-propuestas-se-realizo-un-nuevo-festival-por-la-salud-mental\/","title":{"rendered":"Con diversas propuestas se realiz\u00f3 un nuevo \u201cFestival por la Salud Mental\u201d"},"content":{"rendered":"<p>En el marco de la continuidad de las actividades alusivas, se brindaron talleres sobre salud mental, higiene del sue\u00f1o, armado de juguetes con objetos reciclados, juegos sobre emociones, afectividad y ESI.<!--more--><\/p>\n<hr \/>\n<p>El Municipio de Olavarr\u00eda inform\u00f3 que en el marco de la <strong>continuidad de actividades alusivas al D\u00eda Mundial de la Salud Mental<\/strong>, que se conmemor\u00f3 el pasado 10 de octubre, este jueves por la ma\u00f1ana<strong> se realiz\u00f3 un nuevo \u201cFestival por la Salud Mental\u201d<\/strong>, que incluy\u00f3 diferentes propuestas que tuvieron como objetivo la <em>prevenci\u00f3n y promoci\u00f3n de la salud mental desde la recreaci\u00f3n<\/em>.<\/p>\n<p>En el <strong>Cors\u00f3dromo \u201cGabriel Antonio\u201d<\/strong>, en el sector de Guisasola y Necochea, el encuentro fue <strong>organizado por las instituciones y servicios municipales que forman parte de la Mesa de Gesti\u00f3n Territorial N\u00ba 2<\/strong>, dependiente de la Direcci\u00f3n de Gesti\u00f3n Territorial de la Subsecretar\u00eda de Desarrollo Social.<\/p>\n<p>Se brindaron <strong>talleres sobre salud mental, higiene del sue\u00f1o, armado de juguetes con objetos reciclados, juegos sobre emociones, afectividad y ESI<\/strong>. Como parte del cronograma previsto se llevaron adelante distintas <strong>propuestas por parte de las instituciones, que se distribuyeron en un circuito de postas<\/strong>.<\/p>\n<p><img data-recalc-dims=\"1\" loading=\"lazy\" decoding=\"async\" class=\"size-full wp-image-128198 aligncenter\" src=\"https:\/\/i0.wp.com\/cdnoticias.com\/wp-content\/uploads\/2024\/10\/Salud-Mental-1.jpeg?resize=800%2C450&#038;ssl=1\" alt=\"\" width=\"800\" height=\"450\" srcset=\"https:\/\/i0.wp.com\/cdnoticias.com\/wp-content\/uploads\/2024\/10\/Salud-Mental-1.jpeg?w=1000&amp;ssl=1 1000w, https:\/\/i0.wp.com\/cdnoticias.com\/wp-content\/uploads\/2024\/10\/Salud-Mental-1.jpeg?resize=300%2C169&amp;ssl=1 300w, https:\/\/i0.wp.com\/cdnoticias.com\/wp-content\/uploads\/2024\/10\/Salud-Mental-1.jpeg?resize=768%2C432&amp;ssl=1 768w\" sizes=\"auto, (max-width: 800px) 100vw, 800px\" \/><\/p>\n<p>En el cierre se present\u00f3 la <strong>Orquesta Escuela Municipal<\/strong> promoviendo la importancia que tiene la m\u00fasica para la salud mental.<\/p>\n<p>La jornada estuvo<strong> orientada a estudiantes de las distintas instituciones educativas del territorio<\/strong> como as\u00ed tambi\u00e9n a todos los <strong>vecinos de sectores aleda\u00f1os<\/strong>. Fue as\u00ed que participaron m\u00e1s de un centenar de personas, pertenecientes a establecimientos tales como <strong>CEC N\u00b0 801, Escuela Primaria N\u00b0 60, Escuela Primaria N\u00b0 53, Jard\u00edn de Infantes N\u00b0 915, Escuela para Personas Adultas 702 y Escuela Secundaria N\u00b0 14<\/strong>.<\/p>\n<blockquote><p>Por \u00faltimo, se destac\u00f3 que \u201cel objetivo de esta actividad es visibilizar la importancia de la salud mental comunitaria para la calidad de vida de las vecinas y vecinos\u201d.<\/p><\/blockquote>\n","protected":false},"excerpt":{"rendered":"<p>En el marco de la continuidad de las actividades alusivas, se brindaron talleres sobre salud mental, higiene del sue\u00f1o, armado<\/p>\n","protected":false},"author":4,"featured_media":128197,"comment_status":"closed","ping_status":"closed","sticky":false,"template":"","format":"standard","meta":{"_jetpack_memberships_contains_paid_content":false,"footnotes":""},"categories":[5,1],"tags":[],"class_list":["post-128196","post","type-post","status-publish","format-standard","has-post-thumbnail","hentry","category-informacion-general","category-portada"],"jetpack_featured_media_url":"https:\/\/i0.wp.com\/cdnoticias.com\/wp-content\/uploads\/2024\/10\/Salud-Mental-2.jpeg?fit=1000%2C556&ssl=1","jetpack_sharing_enabled":true,"_links":{"self":[{"href":"https:\/\/cdnoticias.com\/index.php\/wp-json\/wp\/v2\/posts\/128196","targetHints":{"allow":["GET"]}}],"collection":[{"href":"https:\/\/cdnoticias.com\/index.php\/wp-json\/wp\/v2\/posts"}],"about":[{"href":"https:\/\/cdnoticias.com\/index.php\/wp-json\/wp\/v2\/types\/post"}],"author":[{"embeddable":true,"href":"https:\/\/cdnoticias.com\/index.php\/wp-json\/wp\/v2\/users\/4"}],"replies":[{"embeddable":true,"href":"https:\/\/cdnoticias.com\/index.php\/wp-json\/wp\/v2\/comments?post=128196"}],"version-history":[{"count":0,"href":"https:\/\/cdnoticias.com\/index.php\/wp-json\/wp\/v2\/posts\/128196\/revisions"}],"wp:featuredmedia":[{"embeddable":true,"href":"https:\/\/cdnoticias.com\/index.php\/wp-json\/wp\/v2\/media\/128197"}],"wp:attachment":[{"href":"https:\/\/cdnoticias.com\/index.php\/wp-json\/wp\/v2\/media?parent=128196"}],"wp:term":[{"taxonomy":"category","embeddable":true,"href":"https:\/\/cdnoticias.com\/index.php\/wp-json\/wp\/v2\/categories?post=128196"},{"taxonomy":"post_tag","embeddable":true,"href":"https:\/\/cdnoticias.com\/index.php\/wp-json\/wp\/v2\/tags?post=128196"}],"curies":[{"name":"wp","href":"https:\/\/api.w.org\/{rel}","templated":true}]}}