{"id":128184,"date":"2024-10-19T12:52:23","date_gmt":"2024-10-19T15:52:23","guid":{"rendered":"https:\/\/cdnoticias.com\/?p=128184"},"modified":"2024-10-19T12:52:25","modified_gmt":"2024-10-19T15:52:25","slug":"madres-en-la-literatura-una-figura-explorada-desde-distintos-angulos","status":"publish","type":"post","link":"https:\/\/cdnoticias.com\/index.php\/2024\/10\/19\/madres-en-la-literatura-una-figura-explorada-desde-distintos-angulos\/","title":{"rendered":"Madres en la literatura: una figura explorada desde distintos \u00e1ngulos"},"content":{"rendered":"\n<p>Los matices son infinitos, el tema de la maternidad forma parte de la literatura universal. Una aproximaci\u00f3n a distintas madres a trav\u00e9s de 3 obras.<\/p>\n\n\n\n<hr class=\"wp-block-separator has-alpha-channel-opacity\"\/>\n\n\n\n<p><em>Yesica Guevara \/ del staff de Central de Noticias<\/em><\/p>\n\n\n\n<p><\/p>\n\n\n\n<p>En v\u00edsperas del <strong>D\u00eda de la madre <\/strong>recorremos algunas <strong>madres reflejas en la literatura.<\/strong> Una tem\u00e1tica universal, que se ha explorado con m\u00e1s matices en los \u00faltimos tiempos tanto en nuestro pa\u00eds como en Latinoam\u00e9rica.<\/p>\n\n\n\n<p><\/p>\n\n\n\n<p>&#8220;En esta \u00faltima d\u00e9cada el tema estall\u00f3, no solo en la Argentina&#8221;, resalt\u00f3 la investigadora <strong>Nora Dom\u00ednguez Rubio<\/strong>, pionera en estudios de g\u00e9nero en literatura, en una nota brindada en 2023 a T\u00e9lam.<\/p>\n\n\n\n<p><\/p>\n\n\n\n<p>Nora Dom\u00ednguez Rubio, estudia <strong>las representaciones de g\u00e9nero en las literaturas del pa\u00eds y de Am\u00e9rica Latina, y el lugar de la maternidad en la narrativa.<\/strong> En ese sentido, destaca que las representaciones de la maternidad adquieren distintas dimensiones con madres protagonistas, madres narradas por sus hijas, madres con problemas de salud, madres diversas, madres obsesivas.<\/p>\n\n\n\n<p><\/p>\n\n\n\n<p><em>\u201cEs lo que busqu\u00e9, Madre.<br>Darte, como en el Apocalipsis, un libro a comer\u201d.<\/em><\/p>\n\n\n\n<p><\/p>\n\n\n\n<p>En <strong>El coraz\u00f3n del da\u00f1o, Mar\u00eda Negroni<\/strong> escribe con palabras filosas, directas y a la vez, elegantes. En esta novela biogr\u00e1fica (si se me permite ese encasillamiento) nos presenta retazos de su vida. En el centro de la escritura, su madre. Una figura absoluta, dominante.<\/p>\n\n\n\n<p><\/p>\n\n\n\n<p>Las palabras de la infancia se esparcen por toda la narraci\u00f3n. A su vez, la autora reflexiona sobre su propia escritura, sobre el proceso creativo que lleva adelante y sobre <strong>el lenguaje materno que recibi\u00f3 como herencia.<\/strong><\/p>\n\n\n\n<p><\/p>\n\n\n\n<p><strong>Negroni no esconde sus contradicciones.<\/strong> Al igual que Delphine De Vigan en \u201cNada se opone a la noche\u201d, nos ofrece su verdad, sus recuerdos, sus heridas: \u201cun peque\u00f1o libro de mi pu\u00f1o y cuerpo, seguramente errado en su tristeza\u201d.<\/p>\n\n\n\n<p><\/p>\n\n\n\n<p><em>\u201cMi madre estaba azul, de un azul p\u00e1lido mezclado con ceniza, las manos extra\u00f1amente m\u00e1s oscuras que el rostro, cuando la encontr\u00e9 esa ma\u00f1ana de enero. Las manos como manchadas de tinta en los nudillos de las falanges.<\/em><\/p>\n\n\n\n<p><em>Mi madre llevaba varios d\u00edas muerta\u201d.<\/em><\/p>\n\n\n\n<p><\/p>\n\n\n\n<p>EL fragmento corresponde a <strong>Nada se opone a la noche<\/strong>. Luego de encontrar a su madre muerta, <strong>Delphine De Vigan<\/strong> emprende la tarea de reconstruir la vida de Lucile a trav\u00e9s de testimonios, fotograf\u00edas, textos, videos, audios y sus propios recuerdos: \u201cescribo con mis ojos de ni\u00f1a que creci\u00f3 demasiado de prisa\u201d.<\/p>\n\n\n\n<p><\/p>\n\n\n\n<p>En esta reconstrucci\u00f3n no solo escribe sobre su madre, sino tambi\u00e9n sobre su familia y sus secretos. <strong>Una cr\u00f3nica que atraviesa generaciones <\/strong>y que perturba a la autora en varios pasajes. A pesar de eso, contin\u00faa.<\/p>\n\n\n\n<p><\/p>\n\n\n\n<p>Durante el desarrollo de la novela, De Vigan <strong>reflexiona sobre el proceso creativo que enfrent\u00f3 como escritora-hija. <\/strong>\u201cTal como escribo estas frases, tal y como las yuxtapongo, ofrezco mi verdad. Solo me pertenece a m\u00ed\u201d.<\/p>\n\n\n\n<p><\/p>\n\n\n\n<p><em>\u201cTengo que irme de ac\u00e1, pienso. Eso es todo lo que pienso mientras la veo cerrar con dificultad la puerta del coche con la punta del pie, y caminar hacia la casa con mi hija a cuestas. Se tensa la distancia de rescate y el hilo que nos ata me pone a m\u00ed tambi\u00e9n de pie\u201d.<\/em><\/p>\n\n\n\n<p><\/p>\n\n\n\n<p>Por \u00faltimo, en <strong>Distancia de rescate, Samanta Schweblin<\/strong>, nos cuenta la historia de Amanda y su hija Nina, durante unas vacaciones en un pueblo rural de argentina. Una madre obsesionada con proteger a su peque\u00f1a todo el tiempo, a tal punto, de calcular la distancia de rescate necesaria para salvarla de cualquier peligro.<\/p>\n\n\n\n<p><\/p>\n\n\n\n<p>Tambi\u00e9n es la historia de Carla y su hijo David, un ni\u00f1o que sufri\u00f3 una intoxicaci\u00f3n debido al veneno que se expande en muchos campos de cultivos.<\/p>\n\n\n\n<p><\/p>\n\n\n\n<p><strong>La novela transcurre en el di\u00e1logo entre David y Amanda. <\/strong>Una conversaci\u00f3n que busca todo el tiempo \u201cllegar a lo importante\u201d, un encuentro entre la vida y la muerte.<\/p>\n","protected":false},"excerpt":{"rendered":"<p>Los matices son infinitos, el tema de la maternidad forma parte de la literatura universal. Una aproximaci\u00f3n a distintas madres<\/p>\n","protected":false},"author":2,"featured_media":128192,"comment_status":"closed","ping_status":"closed","sticky":false,"template":"","format":"standard","meta":{"_jetpack_memberships_contains_paid_content":false,"footnotes":""},"categories":[9,1],"tags":[],"class_list":["post-128184","post","type-post","status-publish","format-standard","has-post-thumbnail","hentry","category-cultura","category-portada"],"jetpack_featured_media_url":"https:\/\/i0.wp.com\/cdnoticias.com\/wp-content\/uploads\/2024\/10\/libros.jpg?fit=800%2C445&ssl=1","jetpack_sharing_enabled":true,"_links":{"self":[{"href":"https:\/\/cdnoticias.com\/index.php\/wp-json\/wp\/v2\/posts\/128184","targetHints":{"allow":["GET"]}}],"collection":[{"href":"https:\/\/cdnoticias.com\/index.php\/wp-json\/wp\/v2\/posts"}],"about":[{"href":"https:\/\/cdnoticias.com\/index.php\/wp-json\/wp\/v2\/types\/post"}],"author":[{"embeddable":true,"href":"https:\/\/cdnoticias.com\/index.php\/wp-json\/wp\/v2\/users\/2"}],"replies":[{"embeddable":true,"href":"https:\/\/cdnoticias.com\/index.php\/wp-json\/wp\/v2\/comments?post=128184"}],"version-history":[{"count":0,"href":"https:\/\/cdnoticias.com\/index.php\/wp-json\/wp\/v2\/posts\/128184\/revisions"}],"wp:featuredmedia":[{"embeddable":true,"href":"https:\/\/cdnoticias.com\/index.php\/wp-json\/wp\/v2\/media\/128192"}],"wp:attachment":[{"href":"https:\/\/cdnoticias.com\/index.php\/wp-json\/wp\/v2\/media?parent=128184"}],"wp:term":[{"taxonomy":"category","embeddable":true,"href":"https:\/\/cdnoticias.com\/index.php\/wp-json\/wp\/v2\/categories?post=128184"},{"taxonomy":"post_tag","embeddable":true,"href":"https:\/\/cdnoticias.com\/index.php\/wp-json\/wp\/v2\/tags?post=128184"}],"curies":[{"name":"wp","href":"https:\/\/api.w.org\/{rel}","templated":true}]}}