{"id":128183,"date":"2024-10-18T08:58:43","date_gmt":"2024-10-18T11:58:43","guid":{"rendered":"https:\/\/cdnoticias.com\/?p=128183"},"modified":"2024-10-18T12:23:17","modified_gmt":"2024-10-18T15:23:17","slug":"juicio-por-el-crimen-de-cordero-la-segunda-audiencia-clave-para-la-acusacion","status":"publish","type":"post","link":"https:\/\/cdnoticias.com\/index.php\/2024\/10\/18\/juicio-por-el-crimen-de-cordero-la-segunda-audiencia-clave-para-la-acusacion\/","title":{"rendered":"Juicio por el crimen de Cordero: la segunda audiencia, clave para la acusaci\u00f3n"},"content":{"rendered":"<p>Declararon 11 testigos. Mensajes, llamados, una reparaci\u00f3n de gas y dinero prestado: los elementos que sirvieron para relacionar a la v\u00edctima con los acusados. El lunes por la tarde se har\u00e1 la tercera audiencia.<!--more--><\/p>\n<hr \/>\n<p><em>Producci\u00f3n: Dar\u00edo Machado | Especial para Central de Noticias<\/em><\/p>\n<p>Este jueves por la ma\u00f1ana se llev\u00f3 adelante la <strong>segunda jornada del juicio oral por el homicidio de Carlos Cordero, ocurrido en 2019 en Olavarr\u00eda<\/strong>, y que tiene a dos <strong>personas imputadas, Claudio Ibarra Arrieta (44) y Anabella Landalde (27)<\/strong>. Fue una audiencia clave para la parte acusadora ya que se presentaron <strong>elementos probatorios con los que se establecieron los lugares por donde pas\u00f3 la v\u00edctima desde su muerte hasta el hallazgo del cuerpo<\/strong> y adem\u00e1s <strong>se ubic\u00f3 a los acusados tanto en esos puntos como en relaci\u00f3n con Cordero<\/strong>.<\/p>\n<p>El proceso oral se desarrolla desde el pasado 11 de octubre,<a href=\"https:\/\/cdnoticias.com\/index.php\/2024\/10\/11\/con-el-testimonio-de-familiares-amigos-y-policias-inicio-el-juicio-oral-por-el-homicidio-de-carlos-cordero\/\" target=\"_blank\" rel=\"noopener\"> cuando se concret\u00f3 la primera audiencia<\/a>, <strong>en el Tribunal Oral en lo Criminal N\u00ba 2 de Azul<\/strong> a cargo de las <strong>juezas Mar\u00eda Alejandra Raverta, Silvia Torres e In\u00e9s Olmedo<\/strong>.<\/p>\n<p>En esta segunda audiencia se presentaron <strong>11 testimonios<\/strong> citados por la acusaci\u00f3n que lleva adelante la <strong>fiscal Mar\u00eda Paula Serrano<\/strong>, quien a su vez encabez\u00f3 las averiguaciones penales desde el inicio del caso.<\/p>\n<p>Las defensas est\u00e1n a cargo de la <strong>defensora oficial de Olavarr\u00eda, Dra. Soledad Kelly, quien representa a Ibarra Arrieta<\/strong>, mientras que su par de Azul, <strong>Dra. Adriana Hern\u00e1ndez, asiste a Landalde<\/strong>. Ambos permanecen detenidos desde 2019 y est\u00e1n imputados como coautores del delito de<strong> \u201chomicidio doblemente agravado por el uso de arma de fuego y por su comisi\u00f3n con alevos\u00eda\u201d<\/strong>.<\/p>\n<p>Nuevamente se hicieron presentes los familiares de Cordero en la sala de audiencias. La actividad se extendi\u00f3 entre las 8.30 y las 13.20 aproximadamente.<\/p>\n<figure id=\"attachment_74116\" aria-describedby=\"caption-attachment-74116\" style=\"width: 861px\" class=\"wp-caption aligncenter\"><img data-recalc-dims=\"1\" loading=\"lazy\" decoding=\"async\" class=\"wp-image-74116 size-full\" src=\"https:\/\/i0.wp.com\/cdnoticias.com\/wp-content\/uploads\/2023\/01\/serrano.jpg?resize=800%2C532&#038;ssl=1\" alt=\"\" width=\"800\" height=\"532\" srcset=\"https:\/\/i0.wp.com\/cdnoticias.com\/wp-content\/uploads\/2023\/01\/serrano.jpg?w=861&amp;ssl=1 861w, https:\/\/i0.wp.com\/cdnoticias.com\/wp-content\/uploads\/2023\/01\/serrano.jpg?resize=300%2C200&amp;ssl=1 300w, https:\/\/i0.wp.com\/cdnoticias.com\/wp-content\/uploads\/2023\/01\/serrano.jpg?resize=768%2C511&amp;ssl=1 768w, https:\/\/i0.wp.com\/cdnoticias.com\/wp-content\/uploads\/2023\/01\/serrano.jpg?resize=272%2C182&amp;ssl=1 272w\" sizes=\"auto, (max-width: 800px) 100vw, 800px\" \/><figcaption id=\"caption-attachment-74116\" class=\"wp-caption-text\">La fiscal Paula Serrano lleva adelante la parte acusatoria.<\/figcaption><\/figure>\n<h3>Los principales testimonios<\/h3>\n<p><strong>Maximiliano Dietrich, perito de la DDI de Azul<\/strong>, expuso sobre los <strong>an\u00e1lisis de los tel\u00e9fonos<\/strong> realizados en el inicio del caso que permitieron <strong>relacionar a Carlos Cordero con Ibarra Arrieta<\/strong>. Se hizo hincapi\u00e9 en los<strong> llamados que hab\u00eda recibido Cordero el d\u00eda de su desaparici\u00f3n, el 26 de junio de 2019<\/strong>, y que a partir de all\u00ed se obtuvo el <strong>perfil de Whatsapp del hombre imputado<\/strong>. La hip\u00f3tesis de la fiscal\u00eda es que<strong> la v\u00edctima fue asesinada ese mismo d\u00eda<\/strong>.<\/p>\n<p>Asimismo, se detallaron <strong>distintos mensajes enviados a trav\u00e9s de la red social Facebook entre Landalde y Cordero<\/strong> que fueron obtenidos del<strong> tel\u00e9fono de Ibarra Arrieta.<\/strong><\/p>\n<p>El <strong>mayor Carlos Sotuyo de la Polic\u00eda Cient\u00edfica<\/strong> relat\u00f3 sobre la<strong> labor del personal de dicha divisi\u00f3n en cada uno de los lugares de inter\u00e9s<\/strong> para el caso: <em>el punto del hallazgo del auto de Cordero (en Col\u00f3n y calle 5), en el domicilio donde se habr\u00eda producido la muerte (la vivienda de Pourtal\u00e9 al 2246) y en el lugar del hallazgo del cuerpo (en inmediaciones de Jun\u00edn y ruta 226 el d\u00eda 6 de julio de 2019)<\/em>. Explic\u00f3 especialmente<strong> c\u00f3mo fue encontrado el cuerpo, los restos que se recuperaron y los rastros de ADN que se pudieron obtener<\/strong> a partir de los hisopados que hizo Polic\u00eda Cient\u00edfica para certificar la identidad.<\/p>\n<p>Otro aspecto que la acusaci\u00f3n destac\u00f3 en este testimonio durante la audiencia del jueves se relaciona con la <strong>importancia de la imagen tomada de Ibarra Arrieta y el cuerpo de Cordero<\/strong>, la cual se obtuvo del tel\u00e9fono del hombre imputado. Es que a partir de esa foto se hizo <strong>un cotejo para determinar el lugar donde se le hab\u00eda dado muerte<\/strong> al hombre de 60 a\u00f1os, en el domicilio de calle Pourtal\u00e9.<\/p>\n<figure id=\"attachment_128186\" aria-describedby=\"caption-attachment-128186\" style=\"width: 782px\" class=\"wp-caption aligncenter\"><img data-recalc-dims=\"1\" loading=\"lazy\" decoding=\"async\" class=\"wp-image-128186 size-full\" src=\"https:\/\/i0.wp.com\/cdnoticias.com\/wp-content\/uploads\/2024\/10\/jueza-alejandra-raverta-TOC-2-de-azul.jpg?resize=782%2C514&#038;ssl=1\" alt=\"\" width=\"782\" height=\"514\" srcset=\"https:\/\/i0.wp.com\/cdnoticias.com\/wp-content\/uploads\/2024\/10\/jueza-alejandra-raverta-TOC-2-de-azul.jpg?w=782&amp;ssl=1 782w, https:\/\/i0.wp.com\/cdnoticias.com\/wp-content\/uploads\/2024\/10\/jueza-alejandra-raverta-TOC-2-de-azul.jpg?resize=300%2C197&amp;ssl=1 300w, https:\/\/i0.wp.com\/cdnoticias.com\/wp-content\/uploads\/2024\/10\/jueza-alejandra-raverta-TOC-2-de-azul.jpg?resize=768%2C505&amp;ssl=1 768w\" sizes=\"auto, (max-width: 782px) 100vw, 782px\" \/><figcaption id=\"caption-attachment-128186\" class=\"wp-caption-text\">La jueza Alejandra Raverta, presidenta del TOC 2 de Azul.<\/figcaption><\/figure>\n<p>Otros testigos importantes de los que brindaron su declaraci\u00f3n en la segunda audiencia fueron el <strong>hermano de la v\u00edctima, quien trabajaba con \u00e9l<\/strong> en la reparaci\u00f3n de ca\u00f1er\u00edas de gas, y del <strong>maestro mayor de obra que tambi\u00e9n compart\u00eda trabajos con Cordero<\/strong>.<\/p>\n<p>Este segundo hombre dej\u00f3 expuesto que<strong> Carlos Cordero conoc\u00eda a Anabella Landalde y hab\u00eda una relaci\u00f3n previa entre ellos<\/strong>. La v\u00edctima le <strong>habr\u00eda pedido dinero prestado a este compa\u00f1ero de trabajo para d\u00e1rselo a la mujer<\/strong> y le dijo que era<strong> \u201cuna pendeja que le ped\u00eda plata a cada rato\u201d<\/strong>. Tambi\u00e9n afirm\u00f3 que<strong> d\u00edas antes del asesinato, junto a Cordero hab\u00edan estado en la vivienda de la mujer<\/strong> donde llevaron a cabo un trabajo vinculado con una instalaci\u00f3n de gas.<\/p>\n<p>Otros de los testigos importantes fueron <strong>personas que el d\u00eda 26 de junio mantuvieron comunicaci\u00f3n telef\u00f3nica con Landalde<\/strong>: puntualmente se refiri\u00f3 a <strong>un llamado de cinco minutos de duraci\u00f3n<\/strong> con la acusada. Los testigos describieron una relaci\u00f3n originada a partir de la venta de un terreno y afirmaron que la persona con quien dialogaban \u00fanicamente era la mujer imputada. La Fiscal\u00eda busc\u00f3 demostrar con estas declaraciones que <strong>el d\u00eda de la muerte de Cordero, el tel\u00e9fono de Landalde estaba en poder de la mujer y que fue ella quien contact\u00f3 a la v\u00edctima<\/strong> a la cita en la que termin\u00f3 perdiendo la vida.<\/p>\n<p>Por \u00faltimo, se presentaron los testimonios de <strong>efectivos policiales que participaron del relevamiento de las im\u00e1genes de c\u00e1maras de monitoreo<\/strong>. Expusieron acerca de los movimientos que se observaron el 26 de junio y que tuvieron a Ibarra Arrieta como protagonista para deshacerse del auto que utilizaba Cordero.<\/p>\n<h3>Pr\u00f3xima audiencia<\/h3>\n<p>La jueza Raverta fij\u00f3 la<strong> pr\u00f3xima audiencia para el lunes a las 14 horas en el TOC N\u00ba 2<\/strong> donde se espera que sigan las declaraciones de testigos.<\/p>\n<p><a href=\"https:\/\/cdnoticias.com\/index.php\/2024\/10\/03\/el-brutal-homicidio-de-carlos-cordero-llega-a-juicio-con-dos-imputados\/\" target=\"_blank\" rel=\"noopener\">Tal como se inform\u00f3<\/a>, <strong>la Fiscal\u00eda present\u00f3 inicialmente unos 30 testigos de parte. A\u00fan resta aproximadamente la mitad<\/strong> de ellos para exponer en el proceso oral.<\/p>\n","protected":false},"excerpt":{"rendered":"<p>Declararon 11 testigos. Mensajes, llamados, una reparaci\u00f3n de gas y dinero prestado: los elementos que sirvieron para relacionar a la<\/p>\n","protected":false},"author":4,"featured_media":79674,"comment_status":"closed","ping_status":"closed","sticky":false,"template":"","format":"standard","meta":{"_jetpack_memberships_contains_paid_content":false,"footnotes":""},"categories":[14,1],"tags":[],"class_list":["post-128183","post","type-post","status-publish","format-standard","has-post-thumbnail","hentry","category-policiales","category-portada"],"jetpack_featured_media_url":"https:\/\/i0.wp.com\/cdnoticias.com\/wp-content\/uploads\/2023\/03\/serrano-paula-conferencia-femicidio-sofia-3-scaled.jpg?fit=2560%2C1424&ssl=1","jetpack_sharing_enabled":true,"_links":{"self":[{"href":"https:\/\/cdnoticias.com\/index.php\/wp-json\/wp\/v2\/posts\/128183","targetHints":{"allow":["GET"]}}],"collection":[{"href":"https:\/\/cdnoticias.com\/index.php\/wp-json\/wp\/v2\/posts"}],"about":[{"href":"https:\/\/cdnoticias.com\/index.php\/wp-json\/wp\/v2\/types\/post"}],"author":[{"embeddable":true,"href":"https:\/\/cdnoticias.com\/index.php\/wp-json\/wp\/v2\/users\/4"}],"replies":[{"embeddable":true,"href":"https:\/\/cdnoticias.com\/index.php\/wp-json\/wp\/v2\/comments?post=128183"}],"version-history":[{"count":0,"href":"https:\/\/cdnoticias.com\/index.php\/wp-json\/wp\/v2\/posts\/128183\/revisions"}],"wp:featuredmedia":[{"embeddable":true,"href":"https:\/\/cdnoticias.com\/index.php\/wp-json\/wp\/v2\/media\/79674"}],"wp:attachment":[{"href":"https:\/\/cdnoticias.com\/index.php\/wp-json\/wp\/v2\/media?parent=128183"}],"wp:term":[{"taxonomy":"category","embeddable":true,"href":"https:\/\/cdnoticias.com\/index.php\/wp-json\/wp\/v2\/categories?post=128183"},{"taxonomy":"post_tag","embeddable":true,"href":"https:\/\/cdnoticias.com\/index.php\/wp-json\/wp\/v2\/tags?post=128183"}],"curies":[{"name":"wp","href":"https:\/\/api.w.org\/{rel}","templated":true}]}}