{"id":128171,"date":"2024-10-17T20:23:49","date_gmt":"2024-10-17T23:23:49","guid":{"rendered":"https:\/\/cdnoticias.com\/?p=128171"},"modified":"2024-10-18T11:11:13","modified_gmt":"2024-10-18T14:11:13","slug":"nueva-asamblea-universitaria-en-el-complejo-universitario-de-olavarria","status":"publish","type":"post","link":"https:\/\/cdnoticias.com\/index.php\/2024\/10\/17\/nueva-asamblea-universitaria-en-el-complejo-universitario-de-olavarria\/","title":{"rendered":"Nueva asamblea universitaria en el Complejo Universitario de Olavarr\u00eda"},"content":{"rendered":"\n<p>Hubo otra gran convocatoria en el Campus Universitario. Se solidarizaron con la comunidad educativa de la carrera de Filosof\u00eda del ISFD N\u00b022. Pidieron reforzar los planes de lucha con autoridades de Rectorado.<\/p>\n\n\n\n<hr class=\"wp-block-separator aligncenter has-alpha-channel-opacity\"\/>\n\n\n\n<p>Una nueva <strong>Asamblea interclaustros e interfacultades se desarroll\u00f3 este jueves por la tarde en el Campus Universitario<\/strong>, enmarcada en el plan de lucha que llevan adelante las Universidades p\u00fablicas de todo el pa\u00eds -y las sedes regionales de la UNICEN-, a ra\u00edz de la emergencia econ\u00f3mica que atraviesan.<\/p>\n\n\n\n<p>Las acciones de la comunidad universitaria se profundizaron la \u00faltima semana tras la ratificaci\u00f3n al veto de Milei a la Ley de Financiamiento en la C\u00e1mara de Diputados. <strong>En esta oportunidad, la asamblea se situ\u00f3 sobre avenida La Rioja y Del Valle, tal como se acord\u00f3 en el encuentro del lunes pasado, con la intenci\u00f3n de visibilizar a\u00fan m\u00e1s la congregaci\u00f3n.<\/strong><\/p>\n\n\n\n<figure class=\"wp-block-image size-large\"><img data-recalc-dims=\"1\" loading=\"lazy\" decoding=\"async\" width=\"800\" height=\"450\" src=\"https:\/\/i0.wp.com\/cdnoticias.com\/wp-content\/uploads\/2024\/10\/WhatsApp-Image-2024-10-17-at-18.31.21.jpeg?resize=800%2C450&#038;ssl=1\" alt=\"\" class=\"wp-image-128173\" srcset=\"https:\/\/i0.wp.com\/cdnoticias.com\/wp-content\/uploads\/2024\/10\/WhatsApp-Image-2024-10-17-at-18.31.21.jpeg?resize=1024%2C576&amp;ssl=1 1024w, https:\/\/i0.wp.com\/cdnoticias.com\/wp-content\/uploads\/2024\/10\/WhatsApp-Image-2024-10-17-at-18.31.21.jpeg?resize=300%2C169&amp;ssl=1 300w, https:\/\/i0.wp.com\/cdnoticias.com\/wp-content\/uploads\/2024\/10\/WhatsApp-Image-2024-10-17-at-18.31.21.jpeg?resize=768%2C432&amp;ssl=1 768w, https:\/\/i0.wp.com\/cdnoticias.com\/wp-content\/uploads\/2024\/10\/WhatsApp-Image-2024-10-17-at-18.31.21.jpeg?resize=1536%2C864&amp;ssl=1 1536w, https:\/\/i0.wp.com\/cdnoticias.com\/wp-content\/uploads\/2024\/10\/WhatsApp-Image-2024-10-17-at-18.31.21.jpeg?w=1599&amp;ssl=1 1599w\" sizes=\"auto, (max-width: 800px) 100vw, 800px\" \/><\/figure>\n\n\n\n<p>Estuvieron presentes autoridades de las Facultades de Ciencias Sociales, Ciencias de la Salud y de Ingenier\u00eda, el jard\u00edn maternal Upa La La y el secundario universitario ENAPE, as\u00ed como una gran cantidad de estudiantes, docentes, nodocentes y graduados\/as de la Universidad Nacional del Centro.<\/p>\n\n\n\n<figure class=\"wp-block-image size-large\"><img data-recalc-dims=\"1\" loading=\"lazy\" decoding=\"async\" width=\"800\" height=\"450\" src=\"https:\/\/i0.wp.com\/cdnoticias.com\/wp-content\/uploads\/2024\/10\/WhatsApp-Image-2024-10-17-at-18.31.22.jpeg?resize=800%2C450&#038;ssl=1\" alt=\"\" class=\"wp-image-128172\" srcset=\"https:\/\/i0.wp.com\/cdnoticias.com\/wp-content\/uploads\/2024\/10\/WhatsApp-Image-2024-10-17-at-18.31.22.jpeg?resize=1024%2C576&amp;ssl=1 1024w, https:\/\/i0.wp.com\/cdnoticias.com\/wp-content\/uploads\/2024\/10\/WhatsApp-Image-2024-10-17-at-18.31.22.jpeg?resize=300%2C169&amp;ssl=1 300w, https:\/\/i0.wp.com\/cdnoticias.com\/wp-content\/uploads\/2024\/10\/WhatsApp-Image-2024-10-17-at-18.31.22.jpeg?resize=768%2C432&amp;ssl=1 768w, https:\/\/i0.wp.com\/cdnoticias.com\/wp-content\/uploads\/2024\/10\/WhatsApp-Image-2024-10-17-at-18.31.22.jpeg?resize=1536%2C864&amp;ssl=1 1536w, https:\/\/i0.wp.com\/cdnoticias.com\/wp-content\/uploads\/2024\/10\/WhatsApp-Image-2024-10-17-at-18.31.22.jpeg?w=1599&amp;ssl=1 1599w\" sizes=\"auto, (max-width: 800px) 100vw, 800px\" \/><\/figure>\n\n\n\n<p>La jornada comenz\u00f3 con la menci\u00f3n de informaci\u00f3n respecto <strong>al cierre del Profesorado de Filosof\u00eda perteneciente al ISFD N\u00b022 en la ciudad de Olavarr\u00eda, dado a conocer hace unos d\u00edas. Por mayor\u00eda, la asamblea se sum\u00f3 al reclamo de docentes y estudiantes de la carrera, se pronunci\u00f3 sobre la importancia de acompa\u00f1ar y sostener la visibilizaci\u00f3n de los conflictos educativos y se solidariz\u00f3 con la comunidad del Instituto de Formaci\u00f3n Docente remarcando el valor de los debates en las comunidades que la integran.<\/strong><\/p>\n\n\n\n<p>Asimismo, <strong>se compartieron y repudiaron una serie de dichos del subsecretario de Pol\u00edticas Universitarias del Ministerio de Capital Humano de la Naci\u00f3n, Alejandro \u00c1lvarez,<\/strong> quien tild\u00f3 de corruptas a las gestiones universitarias y se pronunci\u00f3 contra las trayectorias estudiantiles. Tambi\u00e9n, se resolvi\u00f3 instar al Rectorado y al conjunto de autoridades de la UNICEN a participar de las actividades en las sedes y reforzar los planes de lucha en el complejo contexto.<\/p>\n\n\n\n<figure class=\"wp-block-image size-large\"><img data-recalc-dims=\"1\" loading=\"lazy\" decoding=\"async\" width=\"800\" height=\"450\" src=\"https:\/\/i0.wp.com\/cdnoticias.com\/wp-content\/uploads\/2024\/10\/WhatsApp-Image-2024-10-17-at-18.31.19.jpeg?resize=800%2C450&#038;ssl=1\" alt=\"\" class=\"wp-image-128175\" srcset=\"https:\/\/i0.wp.com\/cdnoticias.com\/wp-content\/uploads\/2024\/10\/WhatsApp-Image-2024-10-17-at-18.31.19.jpeg?resize=1024%2C576&amp;ssl=1 1024w, https:\/\/i0.wp.com\/cdnoticias.com\/wp-content\/uploads\/2024\/10\/WhatsApp-Image-2024-10-17-at-18.31.19.jpeg?resize=300%2C169&amp;ssl=1 300w, https:\/\/i0.wp.com\/cdnoticias.com\/wp-content\/uploads\/2024\/10\/WhatsApp-Image-2024-10-17-at-18.31.19.jpeg?resize=768%2C432&amp;ssl=1 768w, https:\/\/i0.wp.com\/cdnoticias.com\/wp-content\/uploads\/2024\/10\/WhatsApp-Image-2024-10-17-at-18.31.19.jpeg?resize=1536%2C864&amp;ssl=1 1536w, https:\/\/i0.wp.com\/cdnoticias.com\/wp-content\/uploads\/2024\/10\/WhatsApp-Image-2024-10-17-at-18.31.19.jpeg?w=1599&amp;ssl=1 1599w\" sizes=\"auto, (max-width: 800px) 100vw, 800px\" \/><\/figure>\n\n\n\n<p>Finalmente,<strong> se repas\u00f3 el cronograma de las diversas clases p\u00fablicas programadas para la semana que viene, y otras actividades, que se dar\u00e1n a conocer en los pr\u00f3ximos d\u00edas a trav\u00e9s de medios de comunicaci\u00f3n y redes sociales de las instituciones universitarias. <\/strong>En este sentido, se acord\u00f3 continuar trabajando en la propuesta de clases p\u00fablicas y acciones para visibilizar el trabajo que lleva a cabo la UNICEN, as\u00ed como garantizar las cursadas a estudiantes.<\/p>\n\n\n\n<p><strong>La siguiente asamblea se realizar\u00e1 el martes 22 de octubre a las 15 hs en el Paseo de la Salud,<\/strong> ubicado en Parque Mitre (esquina Belgrano y Brown).<\/p>\n","protected":false},"excerpt":{"rendered":"<p>Hubo otra gran convocatoria en el Campus Universitario. Se solidarizaron con la comunidad educativa de la carrera de Filosof\u00eda del<\/p>\n","protected":false},"author":2,"featured_media":128176,"comment_status":"closed","ping_status":"closed","sticky":false,"template":"","format":"standard","meta":{"_jetpack_memberships_contains_paid_content":false,"footnotes":""},"categories":[4,1],"tags":[],"class_list":["post-128171","post","type-post","status-publish","format-standard","has-post-thumbnail","hentry","category-politica","category-portada"],"jetpack_featured_media_url":"https:\/\/i0.wp.com\/cdnoticias.com\/wp-content\/uploads\/2024\/10\/WhatsApp-Image-2024-10-17-at-18.31.18.jpeg?fit=1599%2C899&ssl=1","jetpack_sharing_enabled":true,"_links":{"self":[{"href":"https:\/\/cdnoticias.com\/index.php\/wp-json\/wp\/v2\/posts\/128171","targetHints":{"allow":["GET"]}}],"collection":[{"href":"https:\/\/cdnoticias.com\/index.php\/wp-json\/wp\/v2\/posts"}],"about":[{"href":"https:\/\/cdnoticias.com\/index.php\/wp-json\/wp\/v2\/types\/post"}],"author":[{"embeddable":true,"href":"https:\/\/cdnoticias.com\/index.php\/wp-json\/wp\/v2\/users\/2"}],"replies":[{"embeddable":true,"href":"https:\/\/cdnoticias.com\/index.php\/wp-json\/wp\/v2\/comments?post=128171"}],"version-history":[{"count":0,"href":"https:\/\/cdnoticias.com\/index.php\/wp-json\/wp\/v2\/posts\/128171\/revisions"}],"wp:featuredmedia":[{"embeddable":true,"href":"https:\/\/cdnoticias.com\/index.php\/wp-json\/wp\/v2\/media\/128176"}],"wp:attachment":[{"href":"https:\/\/cdnoticias.com\/index.php\/wp-json\/wp\/v2\/media?parent=128171"}],"wp:term":[{"taxonomy":"category","embeddable":true,"href":"https:\/\/cdnoticias.com\/index.php\/wp-json\/wp\/v2\/categories?post=128171"},{"taxonomy":"post_tag","embeddable":true,"href":"https:\/\/cdnoticias.com\/index.php\/wp-json\/wp\/v2\/tags?post=128171"}],"curies":[{"name":"wp","href":"https:\/\/api.w.org\/{rel}","templated":true}]}}