{"id":128163,"date":"2024-10-17T20:26:38","date_gmt":"2024-10-17T23:26:38","guid":{"rendered":"https:\/\/cdnoticias.com\/?p=128163"},"modified":"2024-10-18T12:34:55","modified_gmt":"2024-10-18T15:34:55","slug":"corte-programado-de-luz-en-sierras-bayas-2","status":"publish","type":"post","link":"https:\/\/cdnoticias.com\/index.php\/2024\/10\/17\/corte-programado-de-luz-en-sierras-bayas-2\/","title":{"rendered":"Corte programado de luz en Sierras Bayas"},"content":{"rendered":"\n<p>Ser\u00e1 este viernes de 8:00 a 10:30 horas por tareas de mantenimiento.<\/p>\n\n\n\n<hr class=\"wp-block-separator aligncenter has-alpha-channel-opacity\"\/>\n\n\n\n<p>Desde Coopelectric se inform\u00f3 que <strong>este viernes se producir\u00e1 un corte de luz programado<\/strong> <strong>en Sierras Bayas.<\/strong><\/p>\n\n\n\n<p><\/p>\n\n\n\n<blockquote class=\"wp-block-quote is-layout-flow wp-block-quote-is-layout-flow\">\n<p>Se indic\u00f3 que ser\u00e1 en el horario de 8:00 a 10:30 y el sector afectado ser\u00e1 Villa Arrieta y la zona aleda\u00f1a en Sierras Bayas.<\/p>\n<\/blockquote>\n\n\n\n<p><\/p>\n\n\n\n<p>El <strong>motivo del corte es por mantenimiento<\/strong> y las tareas pueden reprogramarse si las condiciones clim\u00e1ticas son adversas.<\/p>\n\n\n\n<p><\/p>\n","protected":false},"excerpt":{"rendered":"<p>Ser\u00e1 este viernes de 8:00 a 10:30 horas por tareas de mantenimiento. Desde Coopelectric se inform\u00f3 que este viernes se<\/p>\n","protected":false},"author":6,"featured_media":100388,"comment_status":"closed","ping_status":"closed","sticky":false,"template":"","format":"standard","meta":{"_jetpack_memberships_contains_paid_content":false,"footnotes":""},"categories":[5],"tags":[],"class_list":["post-128163","post","type-post","status-publish","format-standard","has-post-thumbnail","hentry","category-informacion-general"],"jetpack_featured_media_url":"https:\/\/i0.wp.com\/cdnoticias.com\/wp-content\/uploads\/2023\/10\/coopelectric-camion1.webp?fit=800%2C445&ssl=1","jetpack_sharing_enabled":true,"_links":{"self":[{"href":"https:\/\/cdnoticias.com\/index.php\/wp-json\/wp\/v2\/posts\/128163","targetHints":{"allow":["GET"]}}],"collection":[{"href":"https:\/\/cdnoticias.com\/index.php\/wp-json\/wp\/v2\/posts"}],"about":[{"href":"https:\/\/cdnoticias.com\/index.php\/wp-json\/wp\/v2\/types\/post"}],"author":[{"embeddable":true,"href":"https:\/\/cdnoticias.com\/index.php\/wp-json\/wp\/v2\/users\/6"}],"replies":[{"embeddable":true,"href":"https:\/\/cdnoticias.com\/index.php\/wp-json\/wp\/v2\/comments?post=128163"}],"version-history":[{"count":0,"href":"https:\/\/cdnoticias.com\/index.php\/wp-json\/wp\/v2\/posts\/128163\/revisions"}],"wp:featuredmedia":[{"embeddable":true,"href":"https:\/\/cdnoticias.com\/index.php\/wp-json\/wp\/v2\/media\/100388"}],"wp:attachment":[{"href":"https:\/\/cdnoticias.com\/index.php\/wp-json\/wp\/v2\/media?parent=128163"}],"wp:term":[{"taxonomy":"category","embeddable":true,"href":"https:\/\/cdnoticias.com\/index.php\/wp-json\/wp\/v2\/categories?post=128163"},{"taxonomy":"post_tag","embeddable":true,"href":"https:\/\/cdnoticias.com\/index.php\/wp-json\/wp\/v2\/tags?post=128163"}],"curies":[{"name":"wp","href":"https:\/\/api.w.org\/{rel}","templated":true}]}}