{"id":128159,"date":"2024-10-19T16:00:34","date_gmt":"2024-10-19T19:00:34","guid":{"rendered":"https:\/\/cdnoticias.com\/?p=128159"},"modified":"2024-10-19T16:00:36","modified_gmt":"2024-10-19T19:00:36","slug":"queremos-conocer-la-remediacion-que-el-municipio-hizo-en-el-suelo","status":"publish","type":"post","link":"https:\/\/cdnoticias.com\/index.php\/2024\/10\/19\/queremos-conocer-la-remediacion-que-el-municipio-hizo-en-el-suelo\/","title":{"rendered":"\u201cQueremos conocer la remediaci\u00f3n que el Municipio hizo en el suelo\u201d"},"content":{"rendered":"\n<p>Lo se\u00f1alaron los concejales de la UCR sobre el comienzo de las obras en el ex Matadero Municipal. Insisten en el cumplimiento de la Ley Provincial N\u00b0 14343 que establece la realizaci\u00f3n de estudios de impacto ambiental en este tipo de terrenos.<\/p>\n\n\n\n<hr class=\"wp-block-separator aligncenter has-alpha-channel-opacity\"\/>\n\n\n\n<p>Los<strong> concejales de la Uni\u00f3n C\u00edvica Radical<\/strong>, <strong>Sebasti\u00e1n Matrella y Francisco Gonz\u00e1lez, <\/strong>insisten en el cumplimiento de la Ley Provincial N\u00b0 14343, la cual establece que en terrenos donde han funcionado establecimientos como el <strong>Matadero Municipal<\/strong> se deben<strong> realizar estudios de impacto ambiental.<\/strong><\/p>\n\n\n\n<p><\/p>\n\n\n\n<p>En este sentido, desde el radicalismo se\u00f1alaron que <strong>\u201cen el mes de agosto presentamos en el HCD un Pedido de Informe para conocer c\u00f3mo se hab\u00eda trabajado, y al d\u00eda de la fecha no hemos tenido respuestas\u201d.<\/strong><\/p>\n\n\n\n<p><\/p>\n\n\n\n<p>A trav\u00e9s de esta propuesta, <strong>aprobada por unanimidad<\/strong>, se solicitaba entre otras cosas informaci\u00f3n acerca de si el Municipio hab\u00eda realizado un estudio de impacto ambiental detallado sobre el predio y cu\u00e1les fueron los resultados obtenidos. <strong>Seg\u00fan informaron, al d\u00eda de la fecha no recibieron respuesta.<\/strong><\/p>\n\n\n\n<p><\/p>\n\n\n\n<blockquote class=\"wp-block-quote is-layout-flow wp-block-quote-is-layout-flow\">\n<p>\u201cLa obra ya est\u00e1 en marcha, y el Municipio no responde sobre algo tan grave y fundamental sobre el impacto ambiental en el predio y posibles consecuencias para quienes posteriormente hagan uso del espacio a construir\u201d, indicaron.<\/p>\n<\/blockquote>\n\n\n\n<p><\/p>\n\n\n\n<p>Por \u00faltimo, manifestaron: <strong><em>\u201cLe pedimos al Intendente Municipal Maximiliano Wesner que se ponga del lado de la salud de los vecinos del sector de la ciudad. Es una obra con la que estamos de acuerdo, recuperar este predio es algo necesario, pero tambi\u00e9n creemos que es responsabilidad de un Municipio hacer las cosas como corresponden\u201d.<\/em><\/strong><\/p>\n\n\n\n<p><\/p>\n","protected":false},"excerpt":{"rendered":"<p>Lo se\u00f1alaron los concejales de la UCR sobre el comienzo de las obras en el ex Matadero Municipal. Insisten en<\/p>\n","protected":false},"author":6,"featured_media":124077,"comment_status":"closed","ping_status":"closed","sticky":false,"template":"","format":"standard","meta":{"_jetpack_memberships_contains_paid_content":false,"footnotes":""},"categories":[4,1],"tags":[],"class_list":["post-128159","post","type-post","status-publish","format-standard","has-post-thumbnail","hentry","category-politica","category-portada"],"jetpack_featured_media_url":"https:\/\/i0.wp.com\/cdnoticias.com\/wp-content\/uploads\/2024\/08\/ucr-matadero1.png?fit=894%2C490&ssl=1","jetpack_sharing_enabled":true,"_links":{"self":[{"href":"https:\/\/cdnoticias.com\/index.php\/wp-json\/wp\/v2\/posts\/128159","targetHints":{"allow":["GET"]}}],"collection":[{"href":"https:\/\/cdnoticias.com\/index.php\/wp-json\/wp\/v2\/posts"}],"about":[{"href":"https:\/\/cdnoticias.com\/index.php\/wp-json\/wp\/v2\/types\/post"}],"author":[{"embeddable":true,"href":"https:\/\/cdnoticias.com\/index.php\/wp-json\/wp\/v2\/users\/6"}],"replies":[{"embeddable":true,"href":"https:\/\/cdnoticias.com\/index.php\/wp-json\/wp\/v2\/comments?post=128159"}],"version-history":[{"count":0,"href":"https:\/\/cdnoticias.com\/index.php\/wp-json\/wp\/v2\/posts\/128159\/revisions"}],"wp:featuredmedia":[{"embeddable":true,"href":"https:\/\/cdnoticias.com\/index.php\/wp-json\/wp\/v2\/media\/124077"}],"wp:attachment":[{"href":"https:\/\/cdnoticias.com\/index.php\/wp-json\/wp\/v2\/media?parent=128159"}],"wp:term":[{"taxonomy":"category","embeddable":true,"href":"https:\/\/cdnoticias.com\/index.php\/wp-json\/wp\/v2\/categories?post=128159"},{"taxonomy":"post_tag","embeddable":true,"href":"https:\/\/cdnoticias.com\/index.php\/wp-json\/wp\/v2\/tags?post=128159"}],"curies":[{"name":"wp","href":"https:\/\/api.w.org\/{rel}","templated":true}]}}