{"id":128126,"date":"2024-10-17T08:22:38","date_gmt":"2024-10-17T11:22:38","guid":{"rendered":"https:\/\/cdnoticias.com\/?p=128126"},"modified":"2024-10-17T09:47:38","modified_gmt":"2024-10-17T12:47:38","slug":"paritarias-provinciales-docentes-cerca-de-acordar-estatales-con-oferta","status":"publish","type":"post","link":"https:\/\/cdnoticias.com\/index.php\/2024\/10\/17\/paritarias-provinciales-docentes-cerca-de-acordar-estatales-con-oferta\/","title":{"rendered":"Paritarias provinciales: docentes cerca de acordar, estatales con oferta"},"content":{"rendered":"<p>La Provincia ofert\u00f3 a ambos sectores un aumento de 8% para el bimestre de octubre y noviembre. El Frente de Unidad Docente Bonaerense (FUDB) elevar\u00e1 la propuesta salarial a las bases.<!--more--><\/p>\n<hr \/>\n<p>En los \u00faltimos d\u00edas hubo <strong>avances en las negociaciones salariales de los empleados provinciales<\/strong>, puntualmente en los sectores <strong>docente y estatal<\/strong>.<\/p>\n<p>La Provincia ofert\u00f3 a ambos sectores un <strong>aumento de 8% sobre la base de junio para el bimestre de septiembre y octubre<\/strong>.<\/p>\n<p>En el caso de <strong>docentes elevaron la propuesta salarial a las bases<\/strong> y quedaron a un paso de cerrar el acuerdo. En tanto, los <strong>contactos con los estatales reci\u00e9n comenzaron<\/strong>.<\/p>\n<h3>Docentes<\/h3>\n<p>El <strong>Frente de Unidad Docente Bonaerense (FUDB)<\/strong> elevar\u00e1 la propuesta salarial a las bases y qued\u00f3 <strong>cerca de cerrar un acuerdo con el Gobierno de Axel Kicillof<\/strong>, que ofreci\u00f3 un 8% de incremento bimestral compuesto por<strong> 4% para octubre y otro 4% para noviembre<\/strong>, tomando como base de c\u00e1lculo el mes de junio.<\/p>\n<p>La reuni\u00f3n entre las partes se realiz\u00f3 este mi\u00e9rcoles en la sede platense del Ministerio de Trabajo. Estuvieron presentes representantes de los <em>Ministerios de Trabajo, Empleo P\u00fablico, Hacienda y de la Direcci\u00f3n General de Cultura y Educaci\u00f3n (DGCyE).<\/em><\/p>\n<p><img data-recalc-dims=\"1\" loading=\"lazy\" decoding=\"async\" class=\"size-full wp-image-108368 aligncenter\" src=\"https:\/\/i0.wp.com\/cdnoticias.com\/wp-content\/uploads\/2024\/02\/frente-unidad-docente-bonaerense-FUDB.jpg?resize=800%2C445&#038;ssl=1\" alt=\"\" width=\"800\" height=\"445\" srcset=\"https:\/\/i0.wp.com\/cdnoticias.com\/wp-content\/uploads\/2024\/02\/frente-unidad-docente-bonaerense-FUDB.jpg?w=800&amp;ssl=1 800w, https:\/\/i0.wp.com\/cdnoticias.com\/wp-content\/uploads\/2024\/02\/frente-unidad-docente-bonaerense-FUDB.jpg?resize=300%2C167&amp;ssl=1 300w, https:\/\/i0.wp.com\/cdnoticias.com\/wp-content\/uploads\/2024\/02\/frente-unidad-docente-bonaerense-FUDB.jpg?resize=768%2C427&amp;ssl=1 768w\" sizes=\"auto, (max-width: 800px) 100vw, 800px\" \/><\/p>\n<blockquote><p>\u201cDesde el Frente de Unidad Docente Bonaerense se elevar\u00e1 la propuesta a los diferentes \u00f3rganos de las organizaciones para su an\u00e1lisis y consideraci\u00f3n\u201d, indicaron los gremios en un comunicado.\u00a0Adem\u00e1s, el FUDB volvi\u00f3 a plantear que, en adelante, la base de c\u00e1lculo paritario sea el sueldo del mes anterior. \u201cAnte esto, el Ejecutivo provincial recibi\u00f3 la propuesta para su evaluaci\u00f3n\u201d, indicaron.<\/p><\/blockquote>\n<p>As\u00ed, tras el \u00faltimo encuentro que se hab\u00eda realizado el pasado 9 de octubre, la Provincia propuso entonces<strong> elevar el salario del maestro de grado inicial a $531.749 en octubre y a $553.076 en noviembre<\/strong>; y el de<strong> maestro de grado de jornada completa inicial a $1.063.498 y $1.106.152<\/strong>.<\/p>\n<p>Asimismo, el del <strong>profesor con 20 m\u00f3dulos a $713.010 en octubre y a $736.517 en noviembre<\/strong>, en todos los casos <strong>\u201ccon cl\u00e1usula de monitoreo<\/strong> en la primera quincena de noviembre y reapertura de paritarias en la primera quincena del mes de diciembre\u201d.<\/p>\n<p>Adem\u00e1s, los gremios consignaron que el Gobierno bonaerense respondi\u00f3 favorablemente al pedido de las organizaciones sindicales de <strong>equiparar el b\u00e1sico del PR de Educaci\u00f3n Agraria, PR Residentes, T\u00e9cnica a PR de jornada extendida<\/strong>.<\/p>\n<h3>Estatales<\/h3>\n<p>El Gobierno bonaerense les <strong>ofreci\u00f3 a los estatales de la ley 10.430 un incremento del 8% en dos tramos<\/strong>, en sinton\u00eda con la propuesta hecha a docentes, y las organizaciones sindicales quedaron en responder a la brevedad.<\/p>\n<p><img data-recalc-dims=\"1\" loading=\"lazy\" decoding=\"async\" class=\"size-full wp-image-113872 aligncenter\" src=\"https:\/\/i0.wp.com\/cdnoticias.com\/wp-content\/uploads\/2024\/04\/paritaria-estatales-01.jpg?resize=800%2C445&#038;ssl=1\" alt=\"\" width=\"800\" height=\"445\" srcset=\"https:\/\/i0.wp.com\/cdnoticias.com\/wp-content\/uploads\/2024\/04\/paritaria-estatales-01.jpg?w=1000&amp;ssl=1 1000w, https:\/\/i0.wp.com\/cdnoticias.com\/wp-content\/uploads\/2024\/04\/paritaria-estatales-01.jpg?resize=300%2C167&amp;ssl=1 300w, https:\/\/i0.wp.com\/cdnoticias.com\/wp-content\/uploads\/2024\/04\/paritaria-estatales-01.jpg?resize=768%2C427&amp;ssl=1 768w, https:\/\/i0.wp.com\/cdnoticias.com\/wp-content\/uploads\/2024\/04\/paritaria-estatales-01.jpg?resize=800%2C445&amp;ssl=1 800w\" sizes=\"auto, (max-width: 800px) 100vw, 800px\" \/><\/p>\n<p>Al igual que con los maestros, la gesti\u00f3n de Axel Kicillof qued\u00f3 este mi\u00e9rcoles a un paso de lograr un nuevo acuerdo salarial con los empleados p\u00fablicos de la administraci\u00f3n p\u00fablica central.<\/p>\n<p>El Ejecutivo recibi\u00f3 a los gremios pasadas las 14 horas y ofreci\u00f3 <strong>un incremento bimensual compuesto por un 4% para octubre y un 4% para noviembre<\/strong>, con el compromiso de <strong>reabrir las negociaciones en diciembre<\/strong>.<\/p>\n<p>La oferta tambi\u00e9n contempla la <em>absorci\u00f3n de la bonificaci\u00f3n del decreto 207\/04<\/em> para incorporarla al b\u00e1sico y el <em>incremento en un 26% para los tramos 2, 3 y 4 de las Asignaciones Familiares<\/em>, adem\u00e1s de un <em>aumento del 8% para el tramo 1<\/em>.<\/p>\n<p>Las organizaciones sindicales recibieron la propuesta de la Provincia y responder\u00e1n en los pr\u00f3ximos d\u00edas.<\/p>\n<p>Fuente: <em>Agencia DIB<\/em><\/p>\n","protected":false},"excerpt":{"rendered":"<p>La Provincia ofert\u00f3 a ambos sectores un aumento de 8% para el bimestre de octubre y noviembre. El Frente de<\/p>\n","protected":false},"author":4,"featured_media":123042,"comment_status":"closed","ping_status":"closed","sticky":false,"template":"","format":"standard","meta":{"_jetpack_memberships_contains_paid_content":false,"footnotes":""},"categories":[6,1],"tags":[],"class_list":["post-128126","post","type-post","status-publish","format-standard","has-post-thumbnail","hentry","category-nacionales","category-portada"],"jetpack_featured_media_url":"https:\/\/i0.wp.com\/cdnoticias.com\/wp-content\/uploads\/2024\/08\/docentes-paritarias-696x462-1.jpg?fit=696%2C462&ssl=1","jetpack_sharing_enabled":true,"_links":{"self":[{"href":"https:\/\/cdnoticias.com\/index.php\/wp-json\/wp\/v2\/posts\/128126","targetHints":{"allow":["GET"]}}],"collection":[{"href":"https:\/\/cdnoticias.com\/index.php\/wp-json\/wp\/v2\/posts"}],"about":[{"href":"https:\/\/cdnoticias.com\/index.php\/wp-json\/wp\/v2\/types\/post"}],"author":[{"embeddable":true,"href":"https:\/\/cdnoticias.com\/index.php\/wp-json\/wp\/v2\/users\/4"}],"replies":[{"embeddable":true,"href":"https:\/\/cdnoticias.com\/index.php\/wp-json\/wp\/v2\/comments?post=128126"}],"version-history":[{"count":0,"href":"https:\/\/cdnoticias.com\/index.php\/wp-json\/wp\/v2\/posts\/128126\/revisions"}],"wp:featuredmedia":[{"embeddable":true,"href":"https:\/\/cdnoticias.com\/index.php\/wp-json\/wp\/v2\/media\/123042"}],"wp:attachment":[{"href":"https:\/\/cdnoticias.com\/index.php\/wp-json\/wp\/v2\/media?parent=128126"}],"wp:term":[{"taxonomy":"category","embeddable":true,"href":"https:\/\/cdnoticias.com\/index.php\/wp-json\/wp\/v2\/categories?post=128126"},{"taxonomy":"post_tag","embeddable":true,"href":"https:\/\/cdnoticias.com\/index.php\/wp-json\/wp\/v2\/tags?post=128126"}],"curies":[{"name":"wp","href":"https:\/\/api.w.org\/{rel}","templated":true}]}}