{"id":128124,"date":"2024-10-17T07:47:08","date_gmt":"2024-10-17T10:47:08","guid":{"rendered":"https:\/\/cdnoticias.com\/?p=128124"},"modified":"2024-10-17T07:47:10","modified_gmt":"2024-10-17T10:47:10","slug":"emilia-garcia-hernandez-viuda-de-meliton-q-e-p-d","status":"publish","type":"post","link":"https:\/\/cdnoticias.com\/index.php\/2024\/10\/17\/emilia-garcia-hernandez-viuda-de-meliton-q-e-p-d\/","title":{"rendered":"Emilia Garc\u00eda Hern\u00e1ndez viuda de Melit\u00f3n (Q.E.P.D.)"},"content":{"rendered":"\n<p>Falleci\u00f3 en Olavarr\u00eda el 16 de octubre de 2024 a los 94 a\u00f1os de edad. Sus hijos: Alberto Leandro y Carlos Alberto Melit\u00f3n; sus hijas pol\u00edticas: Enriqueta Angela Elbey y Mar\u00eda Elena Berhouet; sus nietos: Leandro, Silvina, carolina y Mar\u00eda Emilia; sus nietos pol\u00edticos; sus bisnietos; sus sobrinos y dem\u00e1s deudos participan su fallecimiento.<\/p>\n\n\n\n<p><\/p>\n\n\n\n<p>Sus restos ser\u00e1n velados en Espa\u00f1a 2942, Departamento &#8220;D&#8221; este jueves de 10:00 a 10:30 y ser\u00e1n inhumados en el cementerio Loma de Paz a las 10:30, previo responso en la capilla ardiente. Vecina de barrio CECO I. Nacida en Urdampilleta. Docente jubilada y pensionada.<\/p>\n","protected":false},"excerpt":{"rendered":"<p>Falleci\u00f3 en Olavarr\u00eda el 16 de octubre de 2024 a los 94 a\u00f1os de edad. Sus hijos: Alberto Leandro y<\/p>\n","protected":false},"author":2,"featured_media":100390,"comment_status":"closed","ping_status":"closed","sticky":false,"template":"","format":"standard","meta":{"_jetpack_memberships_contains_paid_content":false,"footnotes":""},"categories":[10],"tags":[],"class_list":["post-128124","post","type-post","status-publish","format-standard","has-post-thumbnail","hentry","category-necrologicas"],"jetpack_featured_media_url":"https:\/\/i0.wp.com\/cdnoticias.com\/wp-content\/uploads\/2023\/10\/necrologicas-390-x-240.jpg?fit=390%2C240&ssl=1","jetpack_sharing_enabled":true,"_links":{"self":[{"href":"https:\/\/cdnoticias.com\/index.php\/wp-json\/wp\/v2\/posts\/128124","targetHints":{"allow":["GET"]}}],"collection":[{"href":"https:\/\/cdnoticias.com\/index.php\/wp-json\/wp\/v2\/posts"}],"about":[{"href":"https:\/\/cdnoticias.com\/index.php\/wp-json\/wp\/v2\/types\/post"}],"author":[{"embeddable":true,"href":"https:\/\/cdnoticias.com\/index.php\/wp-json\/wp\/v2\/users\/2"}],"replies":[{"embeddable":true,"href":"https:\/\/cdnoticias.com\/index.php\/wp-json\/wp\/v2\/comments?post=128124"}],"version-history":[{"count":0,"href":"https:\/\/cdnoticias.com\/index.php\/wp-json\/wp\/v2\/posts\/128124\/revisions"}],"wp:featuredmedia":[{"embeddable":true,"href":"https:\/\/cdnoticias.com\/index.php\/wp-json\/wp\/v2\/media\/100390"}],"wp:attachment":[{"href":"https:\/\/cdnoticias.com\/index.php\/wp-json\/wp\/v2\/media?parent=128124"}],"wp:term":[{"taxonomy":"category","embeddable":true,"href":"https:\/\/cdnoticias.com\/index.php\/wp-json\/wp\/v2\/categories?post=128124"},{"taxonomy":"post_tag","embeddable":true,"href":"https:\/\/cdnoticias.com\/index.php\/wp-json\/wp\/v2\/tags?post=128124"}],"curies":[{"name":"wp","href":"https:\/\/api.w.org\/{rel}","templated":true}]}}