{"id":128114,"date":"2024-10-17T13:15:25","date_gmt":"2024-10-17T16:15:25","guid":{"rendered":"https:\/\/cdnoticias.com\/?p=128114"},"modified":"2024-10-17T13:15:27","modified_gmt":"2024-10-17T16:15:27","slug":"aniversario-del-museo-emiliozzi-la-galera-se-pone-en-marcha","status":"publish","type":"post","link":"https:\/\/cdnoticias.com\/index.php\/2024\/10\/17\/aniversario-del-museo-emiliozzi-la-galera-se-pone-en-marcha\/","title":{"rendered":"Aniversario del Museo Emiliozzi: \u201cLa Galera\u201d se pone en marcha"},"content":{"rendered":"\n<p>Ser\u00e1 este s\u00e1bado 19 de octubre a las 18 horas, con entrada libre y gratuita.<\/p>\n\n\n\n<hr class=\"wp-block-separator aligncenter has-alpha-channel-opacity\"\/>\n\n\n\n<p>El <strong>Museo Municipal \u201cHermanos Emiliozzi\u201d<\/strong> es un Museo de Sitio emplazado en el<strong> mismo taller de los Gringos Emiliozzi. <\/strong>Asimismo, es un espacio que rinde homenaje a dos embajadores deportivos de nuestra ciudad y figuras referentes del automovilismo argentino, como son <strong>Dante y Torcuato Emiliozzi.<\/strong><\/p>\n\n\n\n<p><\/p>\n\n\n\n<p>Para celebrar esta fecha aniversario, <strong>la Galera, el Ford modelo 1939<\/strong> con el que los hermanos Emiliozzi obtuvieron 4 campeonatos consecutivos de Turismo Carretera y hoy es Patrimonio Hist\u00f3rico Cultural de Olavarr\u00eda, <strong>volver\u00e1 a rugir para todos los amantes de los fierros que se acerquen al Museo.<\/strong><\/p>\n\n\n\n<p><\/p>\n\n\n\n<blockquote class=\"wp-block-quote is-layout-flow wp-block-quote-is-layout-flow\">\n<p>El evento, ser\u00e1 en el marco del 11\u00b0 Aniversario este s\u00e1bado 19 de octubre a las 18 horas, con entrada libre y gratuita.<\/p>\n<\/blockquote>\n\n\n\n<p><\/p>\n\n\n\n<p class=\"has-medium-font-size\"><strong>Historia de la fecha<\/strong><\/p>\n\n\n\n<p>En el a\u00f1o 2005 la Municipalidad de Olavarr\u00eda, adquiri\u00f3 el edificio donde Dante y Torcuato Emiliozzi forjaron una trayectoria repleta de logros y r\u00e9cords: <strong>corrieron 183 carreras durante 20 a\u00f1os, obteniendo 4 t\u00edtulos consecutivos de Campe\u00f3n y uno de Subcampe\u00f3n<\/strong>. Adem\u00e1s, fueron ganadores hasta 1966, con su famosa \u201cGalera\u201d.<\/p>\n\n\n\n<p><\/p>\n\n\n\n<p>Mediante un proyecto en conjunto entre la familia Emiliozzi y la Municipalidad de Olavarr\u00eda el hist\u00f3rico taller de la calle Necochea fue recreado como Museo e <strong>inaugurado un 19 de octubre de 2013.<\/strong><\/p>\n\n\n\n<p><\/p>\n\n\n\n<p>El Museo Municipal Hermanos Emiliozzi tiene como objetivos honrar la trayectoria de Dante y Torcuato Emiliozzi, dos deportistas olavarrienses que llevaron la impronta de nuestra ciudad por todo el pa\u00eds.<\/p>\n\n\n\n<p><\/p>\n\n\n\n<p>Tambi\u00e9n busca <strong>conservar la memoria colectiva acerca de c\u00f3mo se construye la historia local <\/strong>a partir de ejemplos como los que distinguimos, promover actividades educativas utilizando el Museo como un espacio para la divulgaci\u00f3n de la cultura y transmitir a los j\u00f3venes el legado de los Emiliozzi: invenci\u00f3n, pasi\u00f3n, incontables horas de trabajo y esfuerzo m\u00e1s su proverbial humildad y hombr\u00eda de bien.<\/p>\n\n\n\n<p><\/p>\n","protected":false},"excerpt":{"rendered":"<p>Ser\u00e1 este s\u00e1bado 19 de octubre a las 18 horas, con entrada libre y gratuita. El Museo Municipal \u201cHermanos Emiliozzi\u201d<\/p>\n","protected":false},"author":6,"featured_media":85176,"comment_status":"closed","ping_status":"closed","sticky":false,"template":"","format":"standard","meta":{"_jetpack_memberships_contains_paid_content":false,"footnotes":""},"categories":[9,1],"tags":[],"class_list":["post-128114","post","type-post","status-publish","format-standard","has-post-thumbnail","hentry","category-cultura","category-portada"],"jetpack_featured_media_url":"https:\/\/i0.wp.com\/cdnoticias.com\/wp-content\/uploads\/2023\/05\/Cultura-TC-50-en-Emiliozzi-4-1024x673-1.jpg?fit=1024%2C673&ssl=1","jetpack_sharing_enabled":true,"_links":{"self":[{"href":"https:\/\/cdnoticias.com\/index.php\/wp-json\/wp\/v2\/posts\/128114","targetHints":{"allow":["GET"]}}],"collection":[{"href":"https:\/\/cdnoticias.com\/index.php\/wp-json\/wp\/v2\/posts"}],"about":[{"href":"https:\/\/cdnoticias.com\/index.php\/wp-json\/wp\/v2\/types\/post"}],"author":[{"embeddable":true,"href":"https:\/\/cdnoticias.com\/index.php\/wp-json\/wp\/v2\/users\/6"}],"replies":[{"embeddable":true,"href":"https:\/\/cdnoticias.com\/index.php\/wp-json\/wp\/v2\/comments?post=128114"}],"version-history":[{"count":0,"href":"https:\/\/cdnoticias.com\/index.php\/wp-json\/wp\/v2\/posts\/128114\/revisions"}],"wp:featuredmedia":[{"embeddable":true,"href":"https:\/\/cdnoticias.com\/index.php\/wp-json\/wp\/v2\/media\/85176"}],"wp:attachment":[{"href":"https:\/\/cdnoticias.com\/index.php\/wp-json\/wp\/v2\/media?parent=128114"}],"wp:term":[{"taxonomy":"category","embeddable":true,"href":"https:\/\/cdnoticias.com\/index.php\/wp-json\/wp\/v2\/categories?post=128114"},{"taxonomy":"post_tag","embeddable":true,"href":"https:\/\/cdnoticias.com\/index.php\/wp-json\/wp\/v2\/tags?post=128114"}],"curies":[{"name":"wp","href":"https:\/\/api.w.org\/{rel}","templated":true}]}}