{"id":128113,"date":"2024-10-16T19:30:39","date_gmt":"2024-10-16T22:30:39","guid":{"rendered":"https:\/\/cdnoticias.com\/?p=128113"},"modified":"2024-10-17T08:41:07","modified_gmt":"2024-10-17T11:41:07","slug":"protesta-de-la-comunidad-educativa-por-el-posible-cierre-de-la-carrera-de-filosofia-del-isfd-n22","status":"publish","type":"post","link":"https:\/\/cdnoticias.com\/index.php\/2024\/10\/16\/protesta-de-la-comunidad-educativa-por-el-posible-cierre-de-la-carrera-de-filosofia-del-isfd-n22\/","title":{"rendered":"Protesta de la comunidad educativa por el posible cierre de la carrera de Filosof\u00eda del ISFD N\u00b022"},"content":{"rendered":"\n<p>Fue en la tarde de este mi\u00e9rcoles en las puertas del Consejo Escolar. Buscaban una explicaci\u00f3n acerca de las razones del cierre: se indic\u00f3 que ser\u00eda reemplazada por la tecnicatura en electromec\u00e1nica.<\/p>\n\n\n\n<hr class=\"wp-block-separator aligncenter has-alpha-channel-opacity\"\/>\n\n\n\n<p><em>(Foto: En L\u00ednea Noticias)<\/em><\/p>\n\n\n\n<p>En la tarde de este mi\u00e9rcoles, <strong>un nutrido grupo de estudiantes e integrantes de la comunidad educativa del Instituto Superior de Formaci\u00f3n Docente N\u00b022 (ISFD) realiz\u00f3 una protesta en las puertas del Consejo Escolar manifestando su preocupaci\u00f3n por el posible cierre de la carrera de Filosof\u00eda.<\/strong> Denunciaron que es una decisi\u00f3n del Jefe Distrital, y que buscan reemplazarla por la carrera del profesorado en t\u00e9cnico en electromec\u00e1nica.<\/p>\n\n\n\n<p>En la previa de un encuentro que mantendr\u00edan con el jefe distrital Julio Ben\u00edtez y la jefa regional de educaci\u00f3n, Marta Casanella, <strong>desde la carrera explicaron que el reclamo es por el posible cierre y el reemplazo por una carrera vinculada a la electromec\u00e1nica.<\/strong><\/p>\n\n\n\n<p><em><strong>\u201cLos criterios no nos quedaron demasiado claros as\u00ed que venimos a pronunciarnos afuera del Consejo Escolar donde ahora hay una reuni\u00f3n\u201d.<\/strong><\/em> Se\u00f1alaron que participar\u00edan integrantes del \u201cConsejo Acad\u00e9mico del Instituto de Formaci\u00f3n Docente y el equipo de gesti\u00f3n junto a Jefatura\u201d. Se\u00f1alaron que se muestran en contra del cierre del profesorado \u201cque es \u00fanico en el distrito\u201d. En el lugar, hubo presentes estudiantes y docentes de la carrera.<\/p>\n\n\n\n<p>Se defendieron de las posibles razones y se\u00f1alaron que no tiene que ver con una cuesti\u00f3n de matr\u00edcula: <em><strong>\u201chay mucha demanda de la carrera de Filosof\u00eda y no tiene que ver con una cuesti\u00f3n de matr\u00edcula\u201d.<\/strong><\/em> De hecho, se mostraron preocupados porque corren riesgo otros profesorados como el de F\u00edsica y<em> \u201cquieren abrir un profesorado de Electromec\u00e1nica en el Instituto\u201d.<\/em><\/p>\n\n\n\n<blockquote class=\"wp-block-quote is-layout-flow wp-block-quote-is-layout-flow\">\n<p>\u201cHay demanda porque los que se grad\u00faan dan clases en Bol\u00edvar, Laprida, 25 de Mayo. No sobran profesores, al contrario, nos faltan\u201d.<\/p>\n<\/blockquote>\n\n\n\n<p>De la novedad fueron notificados hace pr\u00e1cticamente una semana, y que <strong>la decisi\u00f3n no es del Instituto sino del Jefe Distrital.<\/strong><\/p>\n\n\n\n<p>Insistieron en la cuesti\u00f3n de la matr\u00edcula sobre todo porque<em> \u201ccreemos que es importante poner en valor la tradici\u00f3n que tiene el Instituto en la formaci\u00f3n de docentes en Filosof\u00eda y que abre espacios de pensamiento y producci\u00f3n de ideas que nos parece importante poner en valor\u201d.<\/em><\/p>\n\n\n\n<p>De todas maneras, pidieron <em>\u201cabrir los canales para el dialogo que es lo que tuvimos hoy para reflexionar y tomar decisiones en base a criterios y argumentos s\u00f3lidos\u201d.<\/em><\/p>\n\n\n\n<p>En relaci\u00f3n a los recursos humanos<em><strong> \u201centendemos que hay un campo de la formaci\u00f3n general en los que parte de planta de Filosof\u00eda que podr\u00eda ser reasignado claramente en el campo de la formaci\u00f3n espec\u00edfica, por lo tanto implica tener que cubrir una serie de cargos para los cuales hoy no hay recursos\u201d.<\/strong><\/em><\/p>\n\n\n\n<p><strong>Tras se\u00f1alar que es el \u00fanico profesorado de Filosof\u00eda de la zona, se indic\u00f3 que el cierre se dar\u00e1 con el primer a\u00f1o de carrera del ciclo 2025 <\/strong>\u201cpara abrir el profesorado de educaci\u00f3n t\u00e9cnico en electromec\u00e1nica\u201d. Si bien indicaron que los que se encuentran cursando podr\u00edan finalizar sus estudios, ya no habr\u00e1 nuevos estudiantes en la carrera consumando su cierre.<\/p>\n\n\n\n<p>Se les dijo que es <em><strong>&#8220;parte de un plan de revisi\u00f3n de las ofertas de carreras de la regi\u00f3n&#8221;.<\/strong><\/em> Para cerrar, insistieron en reflexionar <em>\u201ccu\u00e1les son los criterios para abrir o cerrar una carrera\u201d.<\/em><\/p>\n\n\n\n<p>En la actividad acompa\u00f1aron, adem\u00e1s, integrantes de los centros de estudiantes de la Escuela de Artes Visuales y de la Facultad de Ciencias Sociales de Unicen.<\/p>\n","protected":false},"excerpt":{"rendered":"<p>Fue en la tarde de este mi\u00e9rcoles en las puertas del Consejo Escolar. Buscaban una explicaci\u00f3n acerca de las razones<\/p>\n","protected":false},"author":2,"featured_media":128106,"comment_status":"closed","ping_status":"closed","sticky":false,"template":"","format":"standard","meta":{"_jetpack_memberships_contains_paid_content":false,"footnotes":""},"categories":[5,1],"tags":[],"class_list":["post-128113","post","type-post","status-publish","format-standard","has-post-thumbnail","hentry","category-informacion-general","category-portada"],"jetpack_featured_media_url":"https:\/\/i0.wp.com\/cdnoticias.com\/wp-content\/uploads\/2024\/10\/reclamo-cierre-filosofia-20241.png?fit=892%2C530&ssl=1","jetpack_sharing_enabled":true,"_links":{"self":[{"href":"https:\/\/cdnoticias.com\/index.php\/wp-json\/wp\/v2\/posts\/128113","targetHints":{"allow":["GET"]}}],"collection":[{"href":"https:\/\/cdnoticias.com\/index.php\/wp-json\/wp\/v2\/posts"}],"about":[{"href":"https:\/\/cdnoticias.com\/index.php\/wp-json\/wp\/v2\/types\/post"}],"author":[{"embeddable":true,"href":"https:\/\/cdnoticias.com\/index.php\/wp-json\/wp\/v2\/users\/2"}],"replies":[{"embeddable":true,"href":"https:\/\/cdnoticias.com\/index.php\/wp-json\/wp\/v2\/comments?post=128113"}],"version-history":[{"count":0,"href":"https:\/\/cdnoticias.com\/index.php\/wp-json\/wp\/v2\/posts\/128113\/revisions"}],"wp:featuredmedia":[{"embeddable":true,"href":"https:\/\/cdnoticias.com\/index.php\/wp-json\/wp\/v2\/media\/128106"}],"wp:attachment":[{"href":"https:\/\/cdnoticias.com\/index.php\/wp-json\/wp\/v2\/media?parent=128113"}],"wp:term":[{"taxonomy":"category","embeddable":true,"href":"https:\/\/cdnoticias.com\/index.php\/wp-json\/wp\/v2\/categories?post=128113"},{"taxonomy":"post_tag","embeddable":true,"href":"https:\/\/cdnoticias.com\/index.php\/wp-json\/wp\/v2\/tags?post=128113"}],"curies":[{"name":"wp","href":"https:\/\/api.w.org\/{rel}","templated":true}]}}