{"id":128107,"date":"2024-10-16T19:11:30","date_gmt":"2024-10-16T22:11:30","guid":{"rendered":"https:\/\/cdnoticias.com\/?p=128107"},"modified":"2024-10-17T08:31:42","modified_gmt":"2024-10-17T11:31:42","slug":"wesner-recorrio-el-inicio-de-las-obras-en-el-jardin-de-infantes-no-912","status":"publish","type":"post","link":"https:\/\/cdnoticias.com\/index.php\/2024\/10\/16\/wesner-recorrio-el-inicio-de-las-obras-en-el-jardin-de-infantes-no-912\/","title":{"rendered":"Wesner recorri\u00f3 el inicio de las obras en el Jard\u00edn de Infantes N\u00ba 912"},"content":{"rendered":"\n<p>El Jard\u00edn N\u00ba 912 cuenta con una matr\u00edcula actual de 115 ni\u00f1os y ni\u00f1as que concurren a diario. La obra cuenta con un presupuesto oficial de $71.195.175,80.<\/p>\n\n\n\n<hr class=\"wp-block-separator aligncenter has-alpha-channel-opacity\"\/>\n\n\n\n<p>El<strong> intendente Maximiliano Wesner<\/strong> visit\u00f3 en la ma\u00f1ana de este mi\u00e9rcoles<strong> la sede del Jard\u00edn de Infantes N\u00ba 912 \u201cSan Ignacio de Loyola<\/strong>\u201d, ubicado en Laprida 4350, en inmediaciones al barrio Jard\u00edn, donde <strong>se iniciaron una serie de obras de reforma y mejoramiento en sus instalaciones.<\/strong><\/p>\n\n\n\n<p><\/p>\n\n\n\n<p>La obra de reforma comprende 224,50m2 y proyecta la reubicaci\u00f3n de la cocina con mayor espacio de trabajo, guardado y ventilaci\u00f3n y la construcci\u00f3n de cinco ba\u00f1os nuevos.<\/p>\n\n\n\n<p><\/p>\n\n\n\n<p>En cuanto a sanitarios espec\u00edficamente se indic\u00f3 que se realizar\u00e1n dos ba\u00f1os para uso de adultos y tres ba\u00f1os infantiles (ubicados dentro de cada sala y en el pasillo).<\/p>\n\n\n\n<p><\/p>\n\n\n\n<p>Como parte de la obra, se cambiar\u00e1n las carpinter\u00edas de las aulas por completo, se colocar\u00e1n nuevos revestimientos y junto con la construcci\u00f3n de los ba\u00f1os se construir\u00e1n muebles de guardado para las aulas.<\/p>\n\n\n\n<p><\/p>\n\n\n\n<figure class=\"wp-block-image aligncenter size-full\"><img data-recalc-dims=\"1\" loading=\"lazy\" decoding=\"async\" width=\"800\" height=\"459\" src=\"https:\/\/i0.wp.com\/cdnoticias.com\/wp-content\/uploads\/2024\/10\/wesner-jardin-obras.png?resize=800%2C459&#038;ssl=1\" alt=\"\" class=\"wp-image-128109\" srcset=\"https:\/\/i0.wp.com\/cdnoticias.com\/wp-content\/uploads\/2024\/10\/wesner-jardin-obras.png?w=890&amp;ssl=1 890w, https:\/\/i0.wp.com\/cdnoticias.com\/wp-content\/uploads\/2024\/10\/wesner-jardin-obras.png?resize=300%2C172&amp;ssl=1 300w, https:\/\/i0.wp.com\/cdnoticias.com\/wp-content\/uploads\/2024\/10\/wesner-jardin-obras.png?resize=768%2C441&amp;ssl=1 768w\" sizes=\"auto, (max-width: 800px) 100vw, 800px\" \/><\/figure>\n\n\n\n<p><\/p>\n\n\n\n<p>Durante la recorrida el Intendente estuvo acompa\u00f1ado por el secretario de Obras, Infraestructura y Servicios P\u00fablicos<strong> Orfel Fari\u00f1a<\/strong> y el presidente del Consejo Escolar <strong>Ariel Rodr\u00edguez<\/strong>.<\/p>\n\n\n\n<p><\/p>\n\n\n\n<p>En el lugar fueron recibidos por directivos y equipo docente del establecimiento quienes mostraron su satisfacci\u00f3n por la concreci\u00f3n de estas obras que permitir\u00e1n mejorar sustancialmente las condiciones de infraestructura para ni\u00f1os, docentes y para toda la comunidad educativa.<\/p>\n\n\n\n<p><\/p>\n\n\n\n<blockquote class=\"wp-block-quote is-layout-flow wp-block-quote-is-layout-flow\">\n<p>El Jard\u00edn N\u00ba 912 cuenta con una matr\u00edcula actual de 115 ni\u00f1os y ni\u00f1as que concurren a diario. La obra se encuentra a cargo de la empresa Vigas y Bloques SRL por una suma de $71.195.175,80.<\/p>\n<\/blockquote>\n\n\n\n<p><\/p>\n\n\n\n<figure class=\"wp-block-image aligncenter size-full\"><img data-recalc-dims=\"1\" loading=\"lazy\" decoding=\"async\" width=\"800\" height=\"457\" src=\"https:\/\/i0.wp.com\/cdnoticias.com\/wp-content\/uploads\/2024\/10\/wesner-jardin-obras2.png?resize=800%2C457&#038;ssl=1\" alt=\"\" class=\"wp-image-128111\" srcset=\"https:\/\/i0.wp.com\/cdnoticias.com\/wp-content\/uploads\/2024\/10\/wesner-jardin-obras2.png?w=881&amp;ssl=1 881w, https:\/\/i0.wp.com\/cdnoticias.com\/wp-content\/uploads\/2024\/10\/wesner-jardin-obras2.png?resize=300%2C171&amp;ssl=1 300w, https:\/\/i0.wp.com\/cdnoticias.com\/wp-content\/uploads\/2024\/10\/wesner-jardin-obras2.png?resize=768%2C438&amp;ssl=1 768w\" sizes=\"auto, (max-width: 800px) 100vw, 800px\" \/><\/figure>\n\n\n\n<p><\/p>\n\n\n\n<p>Cabe agregar que desde el inicio de la gesti\u00f3n del intendente Maximiliano Wesner hasta la actualidad <strong>se llevan adelante obras en una treinta de establecimientos educativos del Partido de Olavarr\u00eda.<\/strong> Las obras van desde reformas integrales, importantes remodelaciones, construcciones totalmente nuevas hasta tareas de mantenimiento de instalaciones, pinturas, arreglos de veredas y trabajos de impermeabilizaci\u00f3n.<\/p>\n\n\n\n<p><\/p>\n","protected":false},"excerpt":{"rendered":"<p>El Jard\u00edn N\u00ba 912 cuenta con una matr\u00edcula actual de 115 ni\u00f1os y ni\u00f1as que concurren a diario. La obra<\/p>\n","protected":false},"author":6,"featured_media":128110,"comment_status":"closed","ping_status":"closed","sticky":false,"template":"","format":"standard","meta":{"_jetpack_memberships_contains_paid_content":false,"footnotes":""},"categories":[5,1],"tags":[],"class_list":["post-128107","post","type-post","status-publish","format-standard","has-post-thumbnail","hentry","category-informacion-general","category-portada"],"jetpack_featured_media_url":"https:\/\/i0.wp.com\/cdnoticias.com\/wp-content\/uploads\/2024\/10\/wesner-jardin-obras1.png?fit=889%2C509&ssl=1","jetpack_sharing_enabled":true,"_links":{"self":[{"href":"https:\/\/cdnoticias.com\/index.php\/wp-json\/wp\/v2\/posts\/128107","targetHints":{"allow":["GET"]}}],"collection":[{"href":"https:\/\/cdnoticias.com\/index.php\/wp-json\/wp\/v2\/posts"}],"about":[{"href":"https:\/\/cdnoticias.com\/index.php\/wp-json\/wp\/v2\/types\/post"}],"author":[{"embeddable":true,"href":"https:\/\/cdnoticias.com\/index.php\/wp-json\/wp\/v2\/users\/6"}],"replies":[{"embeddable":true,"href":"https:\/\/cdnoticias.com\/index.php\/wp-json\/wp\/v2\/comments?post=128107"}],"version-history":[{"count":0,"href":"https:\/\/cdnoticias.com\/index.php\/wp-json\/wp\/v2\/posts\/128107\/revisions"}],"wp:featuredmedia":[{"embeddable":true,"href":"https:\/\/cdnoticias.com\/index.php\/wp-json\/wp\/v2\/media\/128110"}],"wp:attachment":[{"href":"https:\/\/cdnoticias.com\/index.php\/wp-json\/wp\/v2\/media?parent=128107"}],"wp:term":[{"taxonomy":"category","embeddable":true,"href":"https:\/\/cdnoticias.com\/index.php\/wp-json\/wp\/v2\/categories?post=128107"},{"taxonomy":"post_tag","embeddable":true,"href":"https:\/\/cdnoticias.com\/index.php\/wp-json\/wp\/v2\/tags?post=128107"}],"curies":[{"name":"wp","href":"https:\/\/api.w.org\/{rel}","templated":true}]}}