{"id":128102,"date":"2024-10-16T18:37:06","date_gmt":"2024-10-16T21:37:06","guid":{"rendered":"https:\/\/cdnoticias.com\/?p=128102"},"modified":"2024-10-16T18:42:26","modified_gmt":"2024-10-16T21:42:26","slug":"el-municipio-convoca-a-instituciones-para-participar-del-aplauso-al-asador","status":"publish","type":"post","link":"https:\/\/cdnoticias.com\/index.php\/2024\/10\/16\/el-municipio-convoca-a-instituciones-para-participar-del-aplauso-al-asador\/","title":{"rendered":"El Municipio convoca a instituciones para participar del \u201cAplauso al Asador\u201d"},"content":{"rendered":"\n<p>La 39\u00ba edici\u00f3n se realizar\u00e1 en el Parque Helios Eseverri, el domingo 10 de noviembre. La inscripci\u00f3n se encuentra abierta hasta este viernes 18 de octubre inclusive.<\/p>\n\n\n\n<hr class=\"wp-block-separator aligncenter has-alpha-channel-opacity\"\/>\n\n\n\n<p>Desde el Municipio <strong>se convoca a instituciones de nuestra ciudad para participar del \u201cAplauso al Asador\u201d<\/strong>. La 39\u00ba edici\u00f3n del evento se realizar\u00e1 en el <strong>Parque Helios Eseverri<\/strong>, el <strong>domingo 10 de noviembre.<\/strong><\/p>\n\n\n\n<p><\/p>\n\n\n\n<p>Podr\u00e1n participar entidades de bien p\u00fablico que est\u00e9n debidamente acreditadas, clubes de madres y asociaciones cooperadoras, sociedades de fomento, juntas vecinales, agrupaciones tradicionalistas, etc.<\/p>\n\n\n\n<p><\/p>\n\n\n\n<blockquote class=\"wp-block-quote is-layout-flow wp-block-quote-is-layout-flow\">\n<p>La inscripci\u00f3n se encuentra abierta hasta este viernes 18 de octubre inclusive, de 8 a 13 horas, en la Direcci\u00f3n de Relaciones con la Comunidad ubicada en el Palacio San Mart\u00edn (Rivadavia 2801), planta baja.<\/p>\n<\/blockquote>\n\n\n\n<p><\/p>\n\n\n\n<p>Los interesados deber\u00e1n acercar una nota de la instituci\u00f3n a la que pertenecen en la que conste la solicitud para participar del evento y los datos de contactos del referente (n\u00famero de tel\u00e9fono y direcci\u00f3n de correo electr\u00f3nico), as\u00ed como tambi\u00e9n la documentaci\u00f3n que avale a la instituci\u00f3n. <strong>Los cupos son limitados.<\/strong><\/p>\n\n\n\n<p><\/p>\n","protected":false},"excerpt":{"rendered":"<p>La 39\u00ba edici\u00f3n se realizar\u00e1 en el Parque Helios Eseverri, el domingo 10 de noviembre. La inscripci\u00f3n se encuentra abierta<\/p>\n","protected":false},"author":6,"featured_media":101088,"comment_status":"closed","ping_status":"closed","sticky":false,"template":"","format":"standard","meta":{"_jetpack_memberships_contains_paid_content":false,"footnotes":""},"categories":[5,1],"tags":[],"class_list":["post-128102","post","type-post","status-publish","format-standard","has-post-thumbnail","hentry","category-informacion-general","category-portada"],"jetpack_featured_media_url":"https:\/\/i0.wp.com\/cdnoticias.com\/wp-content\/uploads\/2023\/11\/aplauso-al-asador-noviembre-2023-5.jpg?fit=1000%2C750&ssl=1","jetpack_sharing_enabled":true,"_links":{"self":[{"href":"https:\/\/cdnoticias.com\/index.php\/wp-json\/wp\/v2\/posts\/128102","targetHints":{"allow":["GET"]}}],"collection":[{"href":"https:\/\/cdnoticias.com\/index.php\/wp-json\/wp\/v2\/posts"}],"about":[{"href":"https:\/\/cdnoticias.com\/index.php\/wp-json\/wp\/v2\/types\/post"}],"author":[{"embeddable":true,"href":"https:\/\/cdnoticias.com\/index.php\/wp-json\/wp\/v2\/users\/6"}],"replies":[{"embeddable":true,"href":"https:\/\/cdnoticias.com\/index.php\/wp-json\/wp\/v2\/comments?post=128102"}],"version-history":[{"count":0,"href":"https:\/\/cdnoticias.com\/index.php\/wp-json\/wp\/v2\/posts\/128102\/revisions"}],"wp:featuredmedia":[{"embeddable":true,"href":"https:\/\/cdnoticias.com\/index.php\/wp-json\/wp\/v2\/media\/101088"}],"wp:attachment":[{"href":"https:\/\/cdnoticias.com\/index.php\/wp-json\/wp\/v2\/media?parent=128102"}],"wp:term":[{"taxonomy":"category","embeddable":true,"href":"https:\/\/cdnoticias.com\/index.php\/wp-json\/wp\/v2\/categories?post=128102"},{"taxonomy":"post_tag","embeddable":true,"href":"https:\/\/cdnoticias.com\/index.php\/wp-json\/wp\/v2\/tags?post=128102"}],"curies":[{"name":"wp","href":"https:\/\/api.w.org\/{rel}","templated":true}]}}