{"id":128089,"date":"2024-10-16T13:25:15","date_gmt":"2024-10-16T16:25:15","guid":{"rendered":"https:\/\/cdnoticias.com\/?p=128089"},"modified":"2024-10-16T13:25:17","modified_gmt":"2024-10-16T16:25:17","slug":"el-curso-de-la-vida-en-el-ciclo-de-cine-frances","status":"publish","type":"post","link":"https:\/\/cdnoticias.com\/index.php\/2024\/10\/16\/el-curso-de-la-vida-en-el-ciclo-de-cine-frances\/","title":{"rendered":"\u201cEl curso de la vida\u201d en el ciclo de cine franc\u00e9s"},"content":{"rendered":"<p>Se proyectar\u00e1 el viernes en la sede de la Alianza Francesa. Habr\u00e1 servicio de buffet.<!--more--><\/p>\n<hr \/>\n<p><strong>Alianza Francesa Olavarr\u00eda<\/strong> contin\u00faa con su <strong>ciclo de cine franc\u00e9s<\/strong> con el apoyo del <strong>Instituto Franc\u00e9s de Argentina<\/strong> y la <strong>Embajada de Francia en Argentina<\/strong>.<\/p>\n<p>En esta oportunidad, <strong>el cine aborda la vida como si fuera una pel\u00edcula, y \u00e9sta como si fuera la vida<\/strong>. Se proyectar\u00e1 el filme <strong>\u201cEl curso de la vida\u201d<\/strong> (2022- Francia, 90 minutos) del director Fr\u00e9d\u00e9ric Sojcher.<\/p>\n<p>Este<strong> viernes<\/strong> la funci\u00f3n comenzar\u00e1 a las <strong>20.30 horas<\/strong> en la sede de <strong>Dorrego 3161<\/strong>. Habr\u00e1 servicio de buffet.<\/p>\n<h3>La pel\u00edcula<\/h3>\n<p><strong>T\u00edtulo original:<\/strong> Le cours de la vie<br \/>\n<strong>A\u00f1o<\/strong>: 2022<br \/>\n<strong>Duraci\u00f3n<\/strong>: 90 min.<br \/>\n<strong>Pa\u00eds<\/strong>: Francia<br \/>\n<strong>Direcci\u00f3n<\/strong>: Fr\u00e9d\u00e9ric Sojcher<br \/>\n<strong>Gui\u00f3n<\/strong>: Alain Layrac.<br \/>\n<strong>Reparto<\/strong>: Agn\u00e8s Jaoui, Jonathan Zacca\u00ef, G\u00e9raldine Nakache, St\u00e9phane Henon, Lise Lomi, Guillaume Douat, Nastasjia Sojcher<br \/>\n<strong>G\u00e9nero<\/strong>: Drama<br \/>\n<strong>Sinopsis<\/strong>: No\u00e9mie, una guionista experimentada, se encuentra con Vincent, su primer amor, en la escuela de cine de la que es actualmente el director. A trav\u00e9s de una clase magistral fuera de lo com\u00fan, en la que la vida privada se mezcla con la vida mundana y la realidad con la ficci\u00f3n, No\u00e9mie va a ense\u00f1ar a los alumnos y a Vincent que el arte de escribir un guion es como el arte de vivir apasionadamente.<\/p>\n","protected":false},"excerpt":{"rendered":"<p>Se proyectar\u00e1 el viernes en la sede de la Alianza Francesa. Habr\u00e1 servicio de buffet.<\/p>\n","protected":false},"author":4,"featured_media":79859,"comment_status":"closed","ping_status":"closed","sticky":false,"template":"","format":"standard","meta":{"_jetpack_memberships_contains_paid_content":false,"footnotes":""},"categories":[9,1],"tags":[],"class_list":["post-128089","post","type-post","status-publish","format-standard","has-post-thumbnail","hentry","category-cultura","category-portada"],"jetpack_featured_media_url":"https:\/\/i0.wp.com\/cdnoticias.com\/wp-content\/uploads\/2023\/03\/alianza-francesa-01.jpg?fit=800%2C445&ssl=1","jetpack_sharing_enabled":true,"_links":{"self":[{"href":"https:\/\/cdnoticias.com\/index.php\/wp-json\/wp\/v2\/posts\/128089","targetHints":{"allow":["GET"]}}],"collection":[{"href":"https:\/\/cdnoticias.com\/index.php\/wp-json\/wp\/v2\/posts"}],"about":[{"href":"https:\/\/cdnoticias.com\/index.php\/wp-json\/wp\/v2\/types\/post"}],"author":[{"embeddable":true,"href":"https:\/\/cdnoticias.com\/index.php\/wp-json\/wp\/v2\/users\/4"}],"replies":[{"embeddable":true,"href":"https:\/\/cdnoticias.com\/index.php\/wp-json\/wp\/v2\/comments?post=128089"}],"version-history":[{"count":0,"href":"https:\/\/cdnoticias.com\/index.php\/wp-json\/wp\/v2\/posts\/128089\/revisions"}],"wp:featuredmedia":[{"embeddable":true,"href":"https:\/\/cdnoticias.com\/index.php\/wp-json\/wp\/v2\/media\/79859"}],"wp:attachment":[{"href":"https:\/\/cdnoticias.com\/index.php\/wp-json\/wp\/v2\/media?parent=128089"}],"wp:term":[{"taxonomy":"category","embeddable":true,"href":"https:\/\/cdnoticias.com\/index.php\/wp-json\/wp\/v2\/categories?post=128089"},{"taxonomy":"post_tag","embeddable":true,"href":"https:\/\/cdnoticias.com\/index.php\/wp-json\/wp\/v2\/tags?post=128089"}],"curies":[{"name":"wp","href":"https:\/\/api.w.org\/{rel}","templated":true}]}}