{"id":128068,"date":"2024-10-16T08:40:00","date_gmt":"2024-10-16T11:40:00","guid":{"rendered":"https:\/\/cdnoticias.com\/?p=128068"},"modified":"2024-10-16T11:25:02","modified_gmt":"2024-10-16T14:25:02","slug":"martin-endere-brindo-una-capacitacion-sobre-boleta-unica-de-papel","status":"publish","type":"post","link":"https:\/\/cdnoticias.com\/index.php\/2024\/10\/16\/martin-endere-brindo-una-capacitacion-sobre-boleta-unica-de-papel\/","title":{"rendered":"Mart\u00edn Endere brind\u00f3 una capacitaci\u00f3n sobre Boleta \u00danica de Papel"},"content":{"rendered":"<p>El legislador olavarriense hizo hincapi\u00e9 en el proyecto de ley para modificar la forma de votaci\u00f3n en la Provincia: \u201cel gobierno de Axel Kicillof debe acompa\u00f1ar\u201d tras la capacitaci\u00f3n.<!--more--><\/p>\n<hr \/>\n<p>El<strong> diputado provincial del PRO Mart\u00edn Endere<\/strong> brind\u00f3 este lunes, junto a legisladores y dirigentes del Instituto Rep\u00fablica, una<strong> capacitaci\u00f3n denominada \u201cCambio de paradigma: en la manera de votar: la Boleta \u00danica de Papel\u201d<\/strong>.<\/p>\n<p>La jornada, que cont\u00f3 con la participaci\u00f3n de la <em>diputada provincial Julieta Quinteros y los referentes del Instituto Rep\u00fablica David Cohen y Gast\u00f3n Corti<\/em>, fue el primer paso para interiorizar a la ciudadan\u00eda sobre una transformaci\u00f3n que ya es una realidad.<\/p>\n<blockquote><p>\u201cEl Congreso de la Naci\u00f3n ya transform\u00f3 en Ley la Boleta \u00danica de Papel y estamos convencidos que el gobierno de Axel Kicillof debe acompa\u00f1ar el proyecto que presentamos los bloques PRO, UCR y Coalici\u00f3n C\u00edvica en la C\u00e1mara de Diputados de la Provincia para terminar con las especulaciones electorales\u201d, dijo Endere tras la capacitaci\u00f3n.<\/p><\/blockquote>\n<p>En este sentido, el legislador expres\u00f3: \u201clos dirigentes pol\u00edticos tenemos la obligaci\u00f3n de <strong>que el acto electoral sea lo m\u00e1s sencillo posible<\/strong> y hacerles la vida m\u00e1s sencilla a los vecinos de la provincia de Buenos Aires\u201d.<\/p>\n<p>\u201cLos <strong>casos exitosos<\/strong> y con aprobaci\u00f3n de los vecinos desde 2011 en C\u00f3rdoba y Santa Fe y, recientemente, en Mendoza justifican este cambio en el sistema electoral que genera <strong>eficiencia, equidad, modernizaci\u00f3n, transparencia y, fundamentalmente, un enorme ahorro para las arcas del Estado<\/strong>\u201d, agreg\u00f3 el propio Endere.<\/p>\n","protected":false},"excerpt":{"rendered":"<p>El legislador olavarriense hizo hincapi\u00e9 en el proyecto de ley para modificar la forma de votaci\u00f3n en la Provincia: \u201cel<\/p>\n","protected":false},"author":4,"featured_media":119287,"comment_status":"closed","ping_status":"closed","sticky":false,"template":"","format":"standard","meta":{"_jetpack_memberships_contains_paid_content":false,"footnotes":""},"categories":[4,1],"tags":[],"class_list":["post-128068","post","type-post","status-publish","format-standard","has-post-thumbnail","hentry","category-politica","category-portada"],"jetpack_featured_media_url":"https:\/\/i0.wp.com\/cdnoticias.com\/wp-content\/uploads\/2024\/06\/endere-martin.jpg?fit=800%2C445&ssl=1","jetpack_sharing_enabled":true,"_links":{"self":[{"href":"https:\/\/cdnoticias.com\/index.php\/wp-json\/wp\/v2\/posts\/128068","targetHints":{"allow":["GET"]}}],"collection":[{"href":"https:\/\/cdnoticias.com\/index.php\/wp-json\/wp\/v2\/posts"}],"about":[{"href":"https:\/\/cdnoticias.com\/index.php\/wp-json\/wp\/v2\/types\/post"}],"author":[{"embeddable":true,"href":"https:\/\/cdnoticias.com\/index.php\/wp-json\/wp\/v2\/users\/4"}],"replies":[{"embeddable":true,"href":"https:\/\/cdnoticias.com\/index.php\/wp-json\/wp\/v2\/comments?post=128068"}],"version-history":[{"count":0,"href":"https:\/\/cdnoticias.com\/index.php\/wp-json\/wp\/v2\/posts\/128068\/revisions"}],"wp:featuredmedia":[{"embeddable":true,"href":"https:\/\/cdnoticias.com\/index.php\/wp-json\/wp\/v2\/media\/119287"}],"wp:attachment":[{"href":"https:\/\/cdnoticias.com\/index.php\/wp-json\/wp\/v2\/media?parent=128068"}],"wp:term":[{"taxonomy":"category","embeddable":true,"href":"https:\/\/cdnoticias.com\/index.php\/wp-json\/wp\/v2\/categories?post=128068"},{"taxonomy":"post_tag","embeddable":true,"href":"https:\/\/cdnoticias.com\/index.php\/wp-json\/wp\/v2\/tags?post=128068"}],"curies":[{"name":"wp","href":"https:\/\/api.w.org\/{rel}","templated":true}]}}