{"id":128011,"date":"2024-10-15T11:14:31","date_gmt":"2024-10-15T14:14:31","guid":{"rendered":"https:\/\/cdnoticias.com\/?p=128011"},"modified":"2024-10-15T14:00:21","modified_gmt":"2024-10-15T17:00:21","slug":"un-corte-de-luz-afecta-a-numerosos-barrios-de-olavarria-y-el-sistema-rural","status":"publish","type":"post","link":"https:\/\/cdnoticias.com\/index.php\/2024\/10\/15\/un-corte-de-luz-afecta-a-numerosos-barrios-de-olavarria-y-el-sistema-rural\/","title":{"rendered":"Un corte de luz afecta a numerosos barrios de Olavarr\u00eda y el sistema rural"},"content":{"rendered":"\n<p>Este martes por la ma\u00f1ana sali\u00f3 de servicio la l\u00ednea N\u00b0 1 de Media Tensi\u00f3n. El servicio fue repuesto en una parte de la zona pero contin\u00faan trabajando en numerosos sectores.<\/p>\n\n\n\n<hr class=\"wp-block-separator has-alpha-channel-opacity\"\/>\n\n\n\n<p>Durante la ma\u00f1ana de este martes, se registr\u00f3 la salida de servicio de la <strong>l\u00ednea N\u00ba1 de Media Tensi\u00f3n,<\/strong> afectando a distintos <strong>sectores de la planta urbana y el sistema rural.<\/strong><\/p>\n\n\n\n<p><\/p>\n\n\n\n<p>El personal operativo de Coopelectric realiz\u00f3 maniobras t\u00e9cnicas <strong>logrando reponer el suministro en una parte de la zona afectada.<\/strong><\/p>\n\n\n\n<p><\/p>\n\n\n\n<p>Actualmente contin\u00faan realiz\u00e1ndose tareas para poder normalizar el servicio el\u00e9ctrico en:<\/p>\n\n\n\n<p><\/p>\n\n\n\n<p>-Barrios Isaura, Norte, Los Eucaliptos, Mataderos, La Candela, Militares, La Casiana, La Rural, Los Barrancos.<\/p>\n\n\n\n<p><\/p>\n\n\n\n<p>-Parte de los barrios Sarmiento, Circunvalaci\u00f3n Oeste, Independencia y San Lorenzo.<\/p>\n\n\n\n<p><\/p>\n\n\n\n<p>-Bin Baires, Parque de Granos y ZALO.<\/p>\n\n\n\n<p><\/p>\n\n\n\n<p>-Sector donde se ubican varios pozos de extracci\u00f3n del Servicio Sanitario.<\/p>\n\n\n\n<p><\/p>\n\n\n\n<p>-Sistemas Rurales de Crotto, Blanca Grande (localidades de Blanca Grande, Espigas y Recalde), Ruta 60 y Pourtal\u00e9.<\/p>\n","protected":false},"excerpt":{"rendered":"<p>Este martes por la ma\u00f1ana sali\u00f3 de servicio la l\u00ednea N\u00b0 1 de Media Tensi\u00f3n. El servicio fue repuesto en<\/p>\n","protected":false},"author":2,"featured_media":100388,"comment_status":"closed","ping_status":"closed","sticky":false,"template":"","format":"standard","meta":{"_jetpack_memberships_contains_paid_content":false,"footnotes":""},"categories":[5,1],"tags":[],"class_list":["post-128011","post","type-post","status-publish","format-standard","has-post-thumbnail","hentry","category-informacion-general","category-portada"],"jetpack_featured_media_url":"https:\/\/i0.wp.com\/cdnoticias.com\/wp-content\/uploads\/2023\/10\/coopelectric-camion1.webp?fit=800%2C445&ssl=1","jetpack_sharing_enabled":true,"_links":{"self":[{"href":"https:\/\/cdnoticias.com\/index.php\/wp-json\/wp\/v2\/posts\/128011","targetHints":{"allow":["GET"]}}],"collection":[{"href":"https:\/\/cdnoticias.com\/index.php\/wp-json\/wp\/v2\/posts"}],"about":[{"href":"https:\/\/cdnoticias.com\/index.php\/wp-json\/wp\/v2\/types\/post"}],"author":[{"embeddable":true,"href":"https:\/\/cdnoticias.com\/index.php\/wp-json\/wp\/v2\/users\/2"}],"replies":[{"embeddable":true,"href":"https:\/\/cdnoticias.com\/index.php\/wp-json\/wp\/v2\/comments?post=128011"}],"version-history":[{"count":0,"href":"https:\/\/cdnoticias.com\/index.php\/wp-json\/wp\/v2\/posts\/128011\/revisions"}],"wp:featuredmedia":[{"embeddable":true,"href":"https:\/\/cdnoticias.com\/index.php\/wp-json\/wp\/v2\/media\/100388"}],"wp:attachment":[{"href":"https:\/\/cdnoticias.com\/index.php\/wp-json\/wp\/v2\/media?parent=128011"}],"wp:term":[{"taxonomy":"category","embeddable":true,"href":"https:\/\/cdnoticias.com\/index.php\/wp-json\/wp\/v2\/categories?post=128011"},{"taxonomy":"post_tag","embeddable":true,"href":"https:\/\/cdnoticias.com\/index.php\/wp-json\/wp\/v2\/tags?post=128011"}],"curies":[{"name":"wp","href":"https:\/\/api.w.org\/{rel}","templated":true}]}}