{"id":128008,"date":"2024-10-15T14:57:43","date_gmt":"2024-10-15T17:57:43","guid":{"rendered":"https:\/\/cdnoticias.com\/?p=128008"},"modified":"2024-10-15T14:57:45","modified_gmt":"2024-10-15T17:57:45","slug":"tres-veces-esta-semana-remada-luna-llena-como-participar","status":"publish","type":"post","link":"https:\/\/cdnoticias.com\/index.php\/2024\/10\/15\/tres-veces-esta-semana-remada-luna-llena-como-participar\/","title":{"rendered":"Tres veces esta semana, Remada Luna Llena: c\u00f3mo participar"},"content":{"rendered":"<p>Es una propuesta de Remada Verde con salida desde el Parque Sur. Abierto a todo p\u00fablico y con colaboraci\u00f3n voluntaria.<!--more--><\/p>\n<hr \/>\n<p><strong>Remada Verde<\/strong> dar\u00e1 comienzo este martes a su<strong> ciclo de remadas con luna llena <\/strong>que se llevar\u00e1n a cabo esta semana <strong>este\u00a0martes, mi\u00e9rcoles y jueves<\/strong>, si las condiciones del tiempo lo permiten.<\/p>\n<p>Es la <strong>temporada de Remada Luna Llena<\/strong> que, <strong>desde las 19 horas <\/strong>se inician en el <strong>Patio de los Kayaks en el Parque Sur<\/strong> (Parque Ra\u00fal Alfons\u00edn).<\/p>\n<blockquote><p>La propuesta es abierta para todo p\u00fablico y se recomend\u00f3 llegar un rato antes del inicio para conseguir lugar ya que se disponen de 25 lugares y se aclar\u00f3 que no se reservan kayaks. \u201cQuien tenga kayaks y se quiera sumar, es bienvenido\u201d aclar\u00f3 Remada Verde.<\/p><\/blockquote>\n<p>La actividad recreativa se hace a <strong>colaboraci\u00f3n voluntaria<\/strong>. Se recomend\u00f3 abonar <em>\u201ccomo valor simb\u00f3lico un alfajor por adulto o dos chicos por kayaks, para el traslado diario de los kayaks y el mantenimiento del lugar\u201d.<\/em><\/p>\n<p>La traves\u00eda dura m\u00e1s o menos<strong> una hora y media<\/strong>. Los asistentes pueden<strong> llevar mate y algo para comer<\/strong> en los kayaks. Adem\u00e1s, se recomend\u00f3<strong> usar repelente<\/strong> y llevar<strong> ropas para cambiarse<\/strong> por si se mojan.<\/p>\n","protected":false},"excerpt":{"rendered":"<p>Es una propuesta de Remada Verde con salida desde el Parque Sur. Abierto a todo p\u00fablico y con colaboraci\u00f3n voluntaria.<\/p>\n","protected":false},"author":4,"featured_media":102642,"comment_status":"closed","ping_status":"closed","sticky":false,"template":"","format":"standard","meta":{"_jetpack_memberships_contains_paid_content":false,"footnotes":""},"categories":[5,1],"tags":[],"class_list":["post-128008","post","type-post","status-publish","format-standard","has-post-thumbnail","hentry","category-informacion-general","category-portada"],"jetpack_featured_media_url":"https:\/\/i0.wp.com\/cdnoticias.com\/wp-content\/uploads\/2023\/11\/REMADA-11.jpg?fit=1200%2C727&ssl=1","jetpack_sharing_enabled":true,"_links":{"self":[{"href":"https:\/\/cdnoticias.com\/index.php\/wp-json\/wp\/v2\/posts\/128008","targetHints":{"allow":["GET"]}}],"collection":[{"href":"https:\/\/cdnoticias.com\/index.php\/wp-json\/wp\/v2\/posts"}],"about":[{"href":"https:\/\/cdnoticias.com\/index.php\/wp-json\/wp\/v2\/types\/post"}],"author":[{"embeddable":true,"href":"https:\/\/cdnoticias.com\/index.php\/wp-json\/wp\/v2\/users\/4"}],"replies":[{"embeddable":true,"href":"https:\/\/cdnoticias.com\/index.php\/wp-json\/wp\/v2\/comments?post=128008"}],"version-history":[{"count":0,"href":"https:\/\/cdnoticias.com\/index.php\/wp-json\/wp\/v2\/posts\/128008\/revisions"}],"wp:featuredmedia":[{"embeddable":true,"href":"https:\/\/cdnoticias.com\/index.php\/wp-json\/wp\/v2\/media\/102642"}],"wp:attachment":[{"href":"https:\/\/cdnoticias.com\/index.php\/wp-json\/wp\/v2\/media?parent=128008"}],"wp:term":[{"taxonomy":"category","embeddable":true,"href":"https:\/\/cdnoticias.com\/index.php\/wp-json\/wp\/v2\/categories?post=128008"},{"taxonomy":"post_tag","embeddable":true,"href":"https:\/\/cdnoticias.com\/index.php\/wp-json\/wp\/v2\/tags?post=128008"}],"curies":[{"name":"wp","href":"https:\/\/api.w.org\/{rel}","templated":true}]}}