{"id":128003,"date":"2024-10-15T10:31:39","date_gmt":"2024-10-15T13:31:39","guid":{"rendered":"https:\/\/cdnoticias.com\/?p=128003"},"modified":"2024-10-15T16:15:58","modified_gmt":"2024-10-15T19:15:58","slug":"salud-comenzo-con-las-clases-publicas-en-el-marco-del-plan-de-lucha","status":"publish","type":"post","link":"https:\/\/cdnoticias.com\/index.php\/2024\/10\/15\/salud-comenzo-con-las-clases-publicas-en-el-marco-del-plan-de-lucha\/","title":{"rendered":"Salud comenz\u00f3 con las clases p\u00fablicas en el marco del plan de lucha"},"content":{"rendered":"\n<p>Unicen resolvi\u00f3 impulsar este tipo de acciones para exponer el conflicto salarial y presupuestario de la universidad.<\/p>\n\n\n\n<hr class=\"wp-block-separator has-alpha-channel-opacity\"\/>\n\n\n\n<p>Este martes por la ma\u00f1ana <strong>la Facultad de Ciencias de la Salud comenz\u00f3 con las clases p\u00fablicas <\/strong>que se dictar\u00e1n en el marco del <strong>plan de lucha<\/strong> que lleva adelante la Unicen en Olavarr\u00eda.<\/p>\n\n\n\n<p><\/p>\n\n\n\n<p>La primera clase corresponde al<strong> M\u00f3dulo I<\/strong> a cargo de las docentes Roc\u00edo Larreche, Carolina Cura y Ver\u00f3nica Ramos. En tanto, <strong>de 13 a 14 se concretar\u00e1 el M\u00f3dulo VI <\/strong>a cargo de Gustavo Zanelli.<\/p>\n\n\n\n<p><\/p>\n\n\n\n<p><strong>La propuesta de clases p\u00fabicas se decidi\u00f3 el lunes en asamblea <\/strong>como parte de las acciones para exponer el conflicto salarial y presupuestario de la universidad. Luego de tres horas de discusiones y cruce de miradas sobre la situaci\u00f3n con las universidades, la comunidad educativa de la Unicen decidi\u00f3 sostener las aulas abiertas.<\/p>\n\n\n\n<p><\/p>\n\n\n\n<figure class=\"wp-block-image size-full\"><img data-recalc-dims=\"1\" loading=\"lazy\" decoding=\"async\" width=\"800\" height=\"445\" src=\"https:\/\/i0.wp.com\/cdnoticias.com\/wp-content\/uploads\/2024\/10\/clases-publicas-salud-03.jpg?resize=800%2C445&#038;ssl=1\" alt=\"\" class=\"wp-image-128004\" srcset=\"https:\/\/i0.wp.com\/cdnoticias.com\/wp-content\/uploads\/2024\/10\/clases-publicas-salud-03.jpg?w=800&amp;ssl=1 800w, https:\/\/i0.wp.com\/cdnoticias.com\/wp-content\/uploads\/2024\/10\/clases-publicas-salud-03.jpg?resize=300%2C167&amp;ssl=1 300w, https:\/\/i0.wp.com\/cdnoticias.com\/wp-content\/uploads\/2024\/10\/clases-publicas-salud-03.jpg?resize=768%2C427&amp;ssl=1 768w\" sizes=\"auto, (max-width: 800px) 100vw, 800px\" \/><\/figure>\n\n\n\n<p><\/p>\n\n\n\n<p>En una extensa presentaci\u00f3n,<strong> la asamblea ten\u00eda como fin evaluar y definir diversas l\u00edneas de acci\u00f3n en rechazo y repudio al veto \u2013ratificado en el Congreso- de Javier Milei a la Ley de Financiamiento Universitario.<\/strong> Entre esos puntos a discutir, estaba la posibilidad de una toma de las facultades de Unicen, continuar con un cronograma de cierres sumados a los paros u otras formas de visibilizar la lucha, como las clases p\u00fablicas y otras medidas en la v\u00eda p\u00fablica.<\/p>\n\n\n\n<p><\/p>\n\n\n\n<p>Finalmente, <strong>se decidi\u00f3 no tomar ninguna Facultad, abrir todas las sedes de la Unicen Olavarr\u00eda este martes, comenzar a impulsar clases p\u00fablicas<\/strong> en \u201cpuntos estrat\u00e9gicos\u201d de la ciudad.<\/p>\n\n\n\n<p><\/p>\n\n\n\n<figure class=\"wp-block-embed is-type-wp-embed is-provider-central-de-noticias-olavarr-a wp-block-embed-central-de-noticias-olavarr-a\"><div class=\"wp-block-embed__wrapper\">\n<blockquote class=\"wp-embedded-content\" data-secret=\"TEU7v1tX5I\"><a href=\"https:\/\/cdnoticias.com\/index.php\/2024\/10\/14\/unicen-en-olavarria-decidio-sostener-las-aulas-abiertas-y-un-plan-de-lucha-en-las-calles\/\">Unicen en Olavarr\u00eda decidi\u00f3 \u201csostener las aulas abiertas\u201d y un plan de lucha en las calles<\/a><\/blockquote><iframe loading=\"lazy\" class=\"wp-embedded-content\" sandbox=\"allow-scripts\" security=\"restricted\" style=\"position: absolute; visibility: hidden;\" title=\"&#8220;Unicen en Olavarr\u00eda decidi\u00f3 \u201csostener las aulas abiertas\u201d y un plan de lucha en las calles&#8221; &#8212; Central de Noticias | Olavarr\u00eda\" src=\"https:\/\/cdnoticias.com\/index.php\/2024\/10\/14\/unicen-en-olavarria-decidio-sostener-las-aulas-abiertas-y-un-plan-de-lucha-en-las-calles\/embed\/#?secret=IhXWUuFcZQ#?secret=TEU7v1tX5I\" data-secret=\"TEU7v1tX5I\" width=\"600\" height=\"338\" frameborder=\"0\" marginwidth=\"0\" marginheight=\"0\" scrolling=\"no\"><\/iframe>\n<\/div><\/figure>\n","protected":false},"excerpt":{"rendered":"<p>Unicen resolvi\u00f3 impulsar este tipo de acciones para exponer el conflicto salarial y presupuestario de la universidad. Este martes por<\/p>\n","protected":false},"author":2,"featured_media":128006,"comment_status":"closed","ping_status":"closed","sticky":false,"template":"","format":"standard","meta":{"_jetpack_memberships_contains_paid_content":false,"footnotes":""},"categories":[5,1],"tags":[],"class_list":["post-128003","post","type-post","status-publish","format-standard","has-post-thumbnail","hentry","category-informacion-general","category-portada"],"jetpack_featured_media_url":"https:\/\/i0.wp.com\/cdnoticias.com\/wp-content\/uploads\/2024\/10\/clases-publicas-salud-01.jpg?fit=800%2C445&ssl=1","jetpack_sharing_enabled":true,"_links":{"self":[{"href":"https:\/\/cdnoticias.com\/index.php\/wp-json\/wp\/v2\/posts\/128003","targetHints":{"allow":["GET"]}}],"collection":[{"href":"https:\/\/cdnoticias.com\/index.php\/wp-json\/wp\/v2\/posts"}],"about":[{"href":"https:\/\/cdnoticias.com\/index.php\/wp-json\/wp\/v2\/types\/post"}],"author":[{"embeddable":true,"href":"https:\/\/cdnoticias.com\/index.php\/wp-json\/wp\/v2\/users\/2"}],"replies":[{"embeddable":true,"href":"https:\/\/cdnoticias.com\/index.php\/wp-json\/wp\/v2\/comments?post=128003"}],"version-history":[{"count":0,"href":"https:\/\/cdnoticias.com\/index.php\/wp-json\/wp\/v2\/posts\/128003\/revisions"}],"wp:featuredmedia":[{"embeddable":true,"href":"https:\/\/cdnoticias.com\/index.php\/wp-json\/wp\/v2\/media\/128006"}],"wp:attachment":[{"href":"https:\/\/cdnoticias.com\/index.php\/wp-json\/wp\/v2\/media?parent=128003"}],"wp:term":[{"taxonomy":"category","embeddable":true,"href":"https:\/\/cdnoticias.com\/index.php\/wp-json\/wp\/v2\/categories?post=128003"},{"taxonomy":"post_tag","embeddable":true,"href":"https:\/\/cdnoticias.com\/index.php\/wp-json\/wp\/v2\/tags?post=128003"}],"curies":[{"name":"wp","href":"https:\/\/api.w.org\/{rel}","templated":true}]}}