{"id":1280,"date":"2020-09-10T18:07:58","date_gmt":"2020-09-10T21:07:58","guid":{"rendered":"http:\/\/www.centraldenoticias.com.ar\/?p=1280"},"modified":"2020-09-10T19:22:43","modified_gmt":"2020-09-10T22:22:43","slug":"la-continuidad-de-la-protesta-policial-sujeta-a-lo-que-suceda-en-puente-12","status":"publish","type":"post","link":"https:\/\/cdnoticias.com\/index.php\/2020\/09\/10\/la-continuidad-de-la-protesta-policial-sujeta-a-lo-que-suceda-en-puente-12\/","title":{"rendered":"La continuidad de la protesta policial sujeta a lo que suceda en Puente 12"},"content":{"rendered":"<p>As\u00ed fue confirmado por distintas fuentes consultadas por Central de Noticias. En nuestra ciudad la convocatoria hab\u00eda sido pautada para las 19, pero <strong>no se descarta que se reprograme para las 22 a partir de lo que suceda en Buenos Aires.<\/strong><\/p>\n<hr \/>\n<p>&nbsp;<\/p>\n<p><strong>El denominado Puente 12 se ha convertido en el lugar clave del conflicto policial que desde hace ya varios d\u00edas tiene en vilo a la provincia<\/strong> e inclusive al pa\u00eds a partir de la manifestaci\u00f3n que se llev\u00f3 a cabo frente a la residencia presidencial de Olivos.<\/p>\n<p>&nbsp;<\/p>\n<p>Tal es as\u00ed que la continuidad, o no, de las marchas en nuestra ciudad se encuentran sujetas a lo que se resuelva en la asamblea que se desarrollar\u00e1 all\u00ed a partir de las 20 de este jueves. <strong>En Olavarr\u00eda la convocatoria se hab\u00eda realizado para las 19, con la particularidad de que el punto de encuentro no era el Parque Mitre, frente a la Estaci\u00f3n de Polic\u00eda, sino el acceso al casco urbano local de avenida Pringles y Ruta Nacional 226.<\/strong><\/p>\n<p>&nbsp;<\/p>\n<p><img data-recalc-dims=\"1\" loading=\"lazy\" decoding=\"async\" class=\"alignnone size-large wp-image-1208\" src=\"https:\/\/i0.wp.com\/cdnoticias.com\/wp-content\/uploads\/2020\/09\/DSC_8795.jpg?resize=800%2C534&#038;ssl=1\" alt=\"\" width=\"800\" height=\"534\" srcset=\"https:\/\/i0.wp.com\/cdnoticias.com\/wp-content\/uploads\/2020\/09\/DSC_8795.jpg?resize=1024%2C683&amp;ssl=1 1024w, https:\/\/i0.wp.com\/cdnoticias.com\/wp-content\/uploads\/2020\/09\/DSC_8795.jpg?resize=300%2C200&amp;ssl=1 300w, https:\/\/i0.wp.com\/cdnoticias.com\/wp-content\/uploads\/2020\/09\/DSC_8795.jpg?resize=768%2C512&amp;ssl=1 768w, https:\/\/i0.wp.com\/cdnoticias.com\/wp-content\/uploads\/2020\/09\/DSC_8795.jpg?resize=272%2C182&amp;ssl=1 272w, https:\/\/i0.wp.com\/cdnoticias.com\/wp-content\/uploads\/2020\/09\/DSC_8795.jpg?w=1600&amp;ssl=1 1600w, https:\/\/i0.wp.com\/cdnoticias.com\/wp-content\/uploads\/2020\/09\/DSC_8795.jpg?w=2400&amp;ssl=1 2400w\" sizes=\"auto, (max-width: 800px) 100vw, 800px\" \/><\/p>\n<p>&nbsp;<\/p>\n<p>Las fuentes consultadas por Central de Noticias coincidieron en que la movilizaci\u00f3n local por ahora est\u00e1 pausada, no cancelada. Restar\u00e1 ver qu\u00e9 se decide en Buenos Aires y a partir de all\u00ed se resolver\u00e1 qu\u00e9 medida se toma en lo local. Tal es as\u00ed que<strong> no se descarta que la movilizaci\u00f3n se reprograme, en principio, para las 22.<\/strong><\/p>\n<p>&nbsp;<\/p>\n<p>Vale recordar que tras la conferencia del gobernador Axel Kicillof, quien anunci\u00f3 diversas medidas para responder al reclamo policial, la recepci\u00f3n de la misma fue dispar en los distritos bonaerenses. <strong>Si bien en varias ciudades se opt\u00f3 por levantar la protestas, en otras el descontento sigue vigente. Olavarr\u00eda, por lo pronto, en pausa.<\/strong><\/p>\n","protected":false},"excerpt":{"rendered":"<p>As\u00ed fue confirmado por distintas fuentes consultadas por Central de Noticias. En nuestra ciudad la convocatoria hab\u00eda sido pautada para<\/p>\n","protected":false},"author":3,"featured_media":1205,"comment_status":"closed","ping_status":"closed","sticky":false,"template":"","format":"standard","meta":{"_jetpack_memberships_contains_paid_content":false,"footnotes":""},"categories":[5,1],"tags":[],"class_list":["post-1280","post","type-post","status-publish","format-standard","has-post-thumbnail","hentry","category-informacion-general","category-portada"],"jetpack_featured_media_url":"https:\/\/i0.wp.com\/cdnoticias.com\/wp-content\/uploads\/2020\/09\/DSC_8784.jpg?fit=4608%2C3072&ssl=1","jetpack_sharing_enabled":true,"_links":{"self":[{"href":"https:\/\/cdnoticias.com\/index.php\/wp-json\/wp\/v2\/posts\/1280","targetHints":{"allow":["GET"]}}],"collection":[{"href":"https:\/\/cdnoticias.com\/index.php\/wp-json\/wp\/v2\/posts"}],"about":[{"href":"https:\/\/cdnoticias.com\/index.php\/wp-json\/wp\/v2\/types\/post"}],"author":[{"embeddable":true,"href":"https:\/\/cdnoticias.com\/index.php\/wp-json\/wp\/v2\/users\/3"}],"replies":[{"embeddable":true,"href":"https:\/\/cdnoticias.com\/index.php\/wp-json\/wp\/v2\/comments?post=1280"}],"version-history":[{"count":0,"href":"https:\/\/cdnoticias.com\/index.php\/wp-json\/wp\/v2\/posts\/1280\/revisions"}],"wp:featuredmedia":[{"embeddable":true,"href":"https:\/\/cdnoticias.com\/index.php\/wp-json\/wp\/v2\/media\/1205"}],"wp:attachment":[{"href":"https:\/\/cdnoticias.com\/index.php\/wp-json\/wp\/v2\/media?parent=1280"}],"wp:term":[{"taxonomy":"category","embeddable":true,"href":"https:\/\/cdnoticias.com\/index.php\/wp-json\/wp\/v2\/categories?post=1280"},{"taxonomy":"post_tag","embeddable":true,"href":"https:\/\/cdnoticias.com\/index.php\/wp-json\/wp\/v2\/tags?post=1280"}],"curies":[{"name":"wp","href":"https:\/\/api.w.org\/{rel}","templated":true}]}}