{"id":127943,"date":"2024-10-14T19:55:03","date_gmt":"2024-10-14T22:55:03","guid":{"rendered":"https:\/\/cdnoticias.com\/?p=127943"},"modified":"2024-10-15T08:40:36","modified_gmt":"2024-10-15T11:40:36","slug":"wesner-recorrio-el-polo-judicial-la-obra-tiene-un-avance-de-casi-el-40","status":"publish","type":"post","link":"https:\/\/cdnoticias.com\/index.php\/2024\/10\/14\/wesner-recorrio-el-polo-judicial-la-obra-tiene-un-avance-de-casi-el-40\/","title":{"rendered":"Wesner recorri\u00f3 el Polo Judicial: la obra tiene un avance de casi el 40%"},"content":{"rendered":"\n<p>El intendente destac\u00f3 que \u201ctrabajan 60 personas, con un importante movimiento de maquinaria y contrataci\u00f3n de servicios locales\u201d. Adem\u00e1s, se refiri\u00f3 a las obras del barrio CECO III y la Casa de la Provincia.<\/p>\n\n\n\n<hr class=\"wp-block-separator has-alpha-channel-opacity\"\/>\n\n\n\n<p>El intendente Maximiliano Wesner encabez\u00f3 este lunes por la ma\u00f1ana una<strong> recorrida por la obra del futuro Polo Judicial de Olavarr\u00eda<\/strong>, una de las obras m\u00e1s significativas para la ciudad que se encuentra en plena ejecuci\u00f3n.<\/p>\n\n\n\n<p><\/p>\n\n\n\n<p>La construcci\u00f3n fue reiniciada por el gobierno bonaerense que encabeza Axel Kicillof, a principios del mes de junio del 2023 luego de haberse paralizado en 2019, con una<strong> inversi\u00f3n que supera los 4.000 millones de pesos.<\/strong><\/p>\n\n\n\n<p><\/p>\n\n\n\n<p>El intendente Wesner estuvo acompa\u00f1ado por el <strong>secretario de Obras, Infraestructura y Servicios P\u00fablicos de la Municipalidad Orfel Fari\u00f1a, el ingeniero Ricardo Mattaini responsable de la obra y la arquitecta Roc\u00edo Parra inspectora de obra.<\/strong><\/p>\n\n\n\n<p><\/p>\n\n\n\n<figure class=\"wp-block-image size-full\"><img data-recalc-dims=\"1\" loading=\"lazy\" decoding=\"async\" width=\"800\" height=\"445\" src=\"https:\/\/i0.wp.com\/cdnoticias.com\/wp-content\/uploads\/2024\/10\/polo-judicial-obra-02.jpg?resize=800%2C445&#038;ssl=1\" alt=\"\" class=\"wp-image-127945\" srcset=\"https:\/\/i0.wp.com\/cdnoticias.com\/wp-content\/uploads\/2024\/10\/polo-judicial-obra-02.jpg?w=800&amp;ssl=1 800w, https:\/\/i0.wp.com\/cdnoticias.com\/wp-content\/uploads\/2024\/10\/polo-judicial-obra-02.jpg?resize=300%2C167&amp;ssl=1 300w, https:\/\/i0.wp.com\/cdnoticias.com\/wp-content\/uploads\/2024\/10\/polo-judicial-obra-02.jpg?resize=768%2C427&amp;ssl=1 768w\" sizes=\"auto, (max-width: 800px) 100vw, 800px\" \/><\/figure>\n\n\n\n<p><\/p>\n\n\n\n<p>El edificio, que cuenta con tres pisos y una superficie cubierta de 11.800 metros cuadrados, alojar\u00e1 all\u00ed a los<strong> Fueros Civil y Comercial; Penal, Laboral, Responsabilidad Penal y Juvenil; y de Familia, con sus instituciones vinculadas y dependencias de la Corte.<\/strong><\/p>\n\n\n\n<p><\/p>\n\n\n\n<blockquote class=\"wp-block-quote is-layout-flow wp-block-quote-is-layout-flow\">\n<p>Cabe destacar que actualmente la obra cuenta con 60 puestos de trabajo de mano de obra local y adem\u00e1s la totalidad de los proveedores de materiales y servicios a la construcci\u00f3n son olavarrienses. <\/p>\n<\/blockquote>\n\n\n\n<p><\/p>\n\n\n\n<p>\u201c<strong>Estamos aproximadamente en un 39% de la obra de avance.<\/strong> Actualmente estamos haciendo todo lo que es revoque exterior, instalaciones de cloacas y pluviales y agua. Estamos tambi\u00e9n instalando todo lo que es el sistema de aire y calefacci\u00f3n y tambi\u00e9n los ascensores\u201d, dijo el Ing. Mattaini.<\/p>\n\n\n\n<p><\/p>\n\n\n\n<p><strong>Las caracter\u00edsticas de la obra<\/strong><\/p>\n\n\n\n<p><\/p>\n\n\n\n<p>\u201cLa obra va a permitir la <strong>centralizaci\u00f3n de la administraci\u00f3n de la Justicia en un lugar muy importante para Olavarr\u00eda<\/strong>, con una comodidad -como mencionaba reci\u00e9n tanto la inspectora y el encargado de la obra- de 9 ascensores, una distribuci\u00f3n en 3 plantas, para quienes utilizan el servicio de Justicia como as\u00ed tambi\u00e9n para el personal administrativo\u201d, explic\u00f3.<\/p>\n\n\n\n<p><\/p>\n\n\n\n<figure class=\"wp-block-image size-full\"><img data-recalc-dims=\"1\" loading=\"lazy\" decoding=\"async\" width=\"800\" height=\"445\" src=\"https:\/\/i0.wp.com\/cdnoticias.com\/wp-content\/uploads\/2024\/10\/polo-judicial-obra-01.jpg?resize=800%2C445&#038;ssl=1\" alt=\"\" class=\"wp-image-127944\" srcset=\"https:\/\/i0.wp.com\/cdnoticias.com\/wp-content\/uploads\/2024\/10\/polo-judicial-obra-01.jpg?w=800&amp;ssl=1 800w, https:\/\/i0.wp.com\/cdnoticias.com\/wp-content\/uploads\/2024\/10\/polo-judicial-obra-01.jpg?resize=300%2C167&amp;ssl=1 300w, https:\/\/i0.wp.com\/cdnoticias.com\/wp-content\/uploads\/2024\/10\/polo-judicial-obra-01.jpg?resize=768%2C427&amp;ssl=1 768w\" sizes=\"auto, (max-width: 800px) 100vw, 800px\" \/><\/figure>\n\n\n\n<p><\/p>\n\n\n\n<p>\u201cEs algo muy importante, un reclamo hist\u00f3rico para quienes conocemos hoy donde funciona el Poder Judicial, con un deterioro en su edificio, por lo que esta obra es una noticia muy pero muy positiva, muy buena para el sector de la Justicia y, obviamente, para todo el Departamento Judicial&#8221;, agreg\u00f3.<\/p>\n\n\n\n<p><\/p>\n\n\n\n<p>Por otra parte, Wesner habl\u00f3 del <strong>impacto de la obra en cuanto a la cantidad de puestos de trabajos empleados y a los servicios dedicados a la construcci\u00f3n que son mayoritariamente local. <\/strong>\u201cEl ingeniero Ricardo Mattaini mencionaba claramente la cantidad de personas que trabajan a diario, pero tambi\u00e9n la contrataci\u00f3n o la subcontrataci\u00f3n de pymes de Olavarr\u00eda, eso se da en un contexto nacional donde hay retracci\u00f3n de obra p\u00fablica, una respuesta de la Provincia en contraposici\u00f3n de lo que sucede. En el Polo Judicial trabajan 60 personas, con un importante movimiento de maquinaria y contrataci\u00f3n de servicios locales que dinamizan toda la econom\u00eda\u201d.<\/p>\n\n\n\n<p><\/p>\n\n\n\n<blockquote class=\"wp-block-quote is-layout-flow wp-block-quote-is-layout-flow\">\n<p>Sobre la <strong>paralizaci\u00f3n de la obra p\u00fablica <\/strong>por parte del gobierno nivel nacional se\u00f1al\u00f3 que \u201ct<strong>enemos tres obras con financiamiento nacional que est\u00e1n truncas,<\/strong> que han quedado paralizadas. Una es el <strong>acceso a Sierras Bayas, la otra es el colector Cloacal Norte<\/strong>, que no pudo comenzar, pero s\u00ed se hab\u00eda adjudicado, dos de las tres etapas, y la otra obra es la <strong>Facultad de Ciencias de la Salud<\/strong>, que ha quedado por la mitad\u201d.<\/p>\n<\/blockquote>\n\n\n\n<p><\/p>\n\n\n\n<p>A nivel de desaf\u00edo personal la <strong>arquitecta Roc\u00edo Parra <\/strong>que se encuentra al frente de la inspecci\u00f3n de obra se\u00f1al\u00f3 que \u201cen mi caso es la primera vez que tengo el desaf\u00edo de inspeccionar una obra tan grande. Siempre hab\u00eda estado m\u00e1s del lado del proyecto de obras de este tipo y ahora me toca la parte m\u00e1s din\u00e1mica y exigida que es estar en obra y verla crecer y cumpliendo siempre los par\u00e1metros proyectados. <strong>Es una obra que viene con un cronograma acertado<\/strong>\u201d.<\/p>\n\n\n\n<p><\/p>\n\n\n\n<figure class=\"wp-block-image size-full\"><img data-recalc-dims=\"1\" loading=\"lazy\" decoding=\"async\" width=\"800\" height=\"445\" src=\"https:\/\/i0.wp.com\/cdnoticias.com\/wp-content\/uploads\/2024\/10\/polo-judicial-obra-05.jpg?resize=800%2C445&#038;ssl=1\" alt=\"\" class=\"wp-image-127948\" srcset=\"https:\/\/i0.wp.com\/cdnoticias.com\/wp-content\/uploads\/2024\/10\/polo-judicial-obra-05.jpg?w=800&amp;ssl=1 800w, https:\/\/i0.wp.com\/cdnoticias.com\/wp-content\/uploads\/2024\/10\/polo-judicial-obra-05.jpg?resize=300%2C167&amp;ssl=1 300w, https:\/\/i0.wp.com\/cdnoticias.com\/wp-content\/uploads\/2024\/10\/polo-judicial-obra-05.jpg?resize=768%2C427&amp;ssl=1 768w\" sizes=\"auto, (max-width: 800px) 100vw, 800px\" \/><\/figure>\n\n\n\n<p><\/p>\n\n\n\n<p><strong>El barrio CECO III y la Casa de la Provincia<\/strong><\/p>\n\n\n\n<p><\/p>\n\n\n\n<p>Por \u00faltimo, Wesner destac\u00f3 que &#8220;tenemos en ejecuci\u00f3n las 1<strong>00 casas del CECO III<\/strong> con el Instituto de la Vivienda del Ministerio de H\u00e1bitat de la Provincia de Buenos Aires, pr\u00f3ximas a terminarse, con un<strong> avance de m\u00e1s del 75%. <\/strong>La otra obra es la <strong>Casa de la Provincia, tambi\u00e9n pr\u00f3xima a finalizar<\/strong>, pero de envergadura y en magnitud presupuestaria la obra del Polo Judicial es la m\u00e1s importante\u201d.<\/p>\n\n\n\n<p><\/p>\n","protected":false},"excerpt":{"rendered":"<p>El intendente destac\u00f3 que \u201ctrabajan 60 personas, con un importante movimiento de maquinaria y contrataci\u00f3n de servicios locales\u201d. Adem\u00e1s, se<\/p>\n","protected":false},"author":2,"featured_media":127947,"comment_status":"closed","ping_status":"closed","sticky":false,"template":"","format":"standard","meta":{"_jetpack_memberships_contains_paid_content":false,"footnotes":""},"categories":[5,1],"tags":[],"class_list":["post-127943","post","type-post","status-publish","format-standard","has-post-thumbnail","hentry","category-informacion-general","category-portada"],"jetpack_featured_media_url":"https:\/\/i0.wp.com\/cdnoticias.com\/wp-content\/uploads\/2024\/10\/polo-judicial-obra-04.jpg?fit=800%2C445&ssl=1","jetpack_sharing_enabled":true,"_links":{"self":[{"href":"https:\/\/cdnoticias.com\/index.php\/wp-json\/wp\/v2\/posts\/127943","targetHints":{"allow":["GET"]}}],"collection":[{"href":"https:\/\/cdnoticias.com\/index.php\/wp-json\/wp\/v2\/posts"}],"about":[{"href":"https:\/\/cdnoticias.com\/index.php\/wp-json\/wp\/v2\/types\/post"}],"author":[{"embeddable":true,"href":"https:\/\/cdnoticias.com\/index.php\/wp-json\/wp\/v2\/users\/2"}],"replies":[{"embeddable":true,"href":"https:\/\/cdnoticias.com\/index.php\/wp-json\/wp\/v2\/comments?post=127943"}],"version-history":[{"count":0,"href":"https:\/\/cdnoticias.com\/index.php\/wp-json\/wp\/v2\/posts\/127943\/revisions"}],"wp:featuredmedia":[{"embeddable":true,"href":"https:\/\/cdnoticias.com\/index.php\/wp-json\/wp\/v2\/media\/127947"}],"wp:attachment":[{"href":"https:\/\/cdnoticias.com\/index.php\/wp-json\/wp\/v2\/media?parent=127943"}],"wp:term":[{"taxonomy":"category","embeddable":true,"href":"https:\/\/cdnoticias.com\/index.php\/wp-json\/wp\/v2\/categories?post=127943"},{"taxonomy":"post_tag","embeddable":true,"href":"https:\/\/cdnoticias.com\/index.php\/wp-json\/wp\/v2\/tags?post=127943"}],"curies":[{"name":"wp","href":"https:\/\/api.w.org\/{rel}","templated":true}]}}