{"id":127862,"date":"2024-10-14T09:42:37","date_gmt":"2024-10-14T12:42:37","guid":{"rendered":"https:\/\/cdnoticias.com\/?p=127862"},"modified":"2024-10-14T17:33:05","modified_gmt":"2024-10-14T20:33:05","slug":"la-municipalidad-fijo-planes-de-pago-para-deudas-tributarias","status":"publish","type":"post","link":"https:\/\/cdnoticias.com\/index.php\/2024\/10\/14\/la-municipalidad-fijo-planes-de-pago-para-deudas-tributarias\/","title":{"rendered":"La Municipalidad fij\u00f3 planes de pago para deudas tributarias"},"content":{"rendered":"<p>Mediante un decreto firmado por el intendente Wesner se dispuso una nueva reglamentaci\u00f3n con quita de la tasa de inter\u00e9s y pagos en cuotas. El Ejecutivo tom\u00f3 en cuenta el \u201ccontexto inflacionario del pa\u00eds\u201d.<!--more--><\/p>\n<hr \/>\n<p>La Municipalidad estableci\u00f3 <strong>planes de pago para deudas tributarias<\/strong>. Se contemplaron tanto<strong> facilidades de pago como tasas de recargos diferenciales<\/strong>.<\/p>\n<p>El Ejecutivo emiti\u00f3 y promulg\u00f3 el <strong>decreto 4.562<\/strong> fechado el 2 de octubre que, concretamente, reglamenta el art\u00edculo 35 de la Ordenanza Fiscal y que <em>modifica la normativa vigente desde 2014<\/em>. All\u00ed se establecen<strong> \u201cfacilidades de pago de las obligaciones tributarias por parte de los contribuyentes\u201d<\/strong>.<\/p>\n<p>Para el c\u00e1lculo de los cobros <strong>rige la tasa de 1% mensual<\/strong> y se prev\u00e9 en la misma ordenanza que no puede ser superior a la Tasa Activa Promedio Mensual del Banco de la Provincia (la cual tiene variaci\u00f3n mensual y es de 3,21% en septiembre).<\/p>\n<blockquote><p>Para quienes cancelen la deuda en un pago \u00fanico se aplicar\u00e1 esa tasa con una quita del 50%. Para los contribuyentes que regularicen con planes de pagos parciales se prev\u00e9 una quita del 30% en la tasa cuando el plan sea entre 3 y 8 cuotas, mientras que desde las 9 cuotas en adelante se pagar\u00e1 la tasa completa. El m\u00e1ximo es de 18 cuotas. Se fij\u00f3 tambi\u00e9n que el pago m\u00ednimo de las cuotas es de dos periodos mensuales del tributo adeudado.<\/p><\/blockquote>\n<p>Tambi\u00e9n se contempl\u00f3 que existan <strong>excepciones para \u201cotorgar un plan especial de financiaci\u00f3n\u201d<\/strong> distinto, aunque la tasa de recargo permanecer\u00e1 sin cambios.<\/p>\n<p>Finalmente, el decreto prev\u00e9 que estos planes de pago se apliquen tambi\u00e9n para los contribuyentes que tengan<strong> procesos judiciales y extrajudiciales<\/strong>, aunque se establecieron condiciones previas para poder acceder a los beneficios.<\/p>\n<p>El decreto 4.562 plantea en sus considerandos que es <em>el Ejecutivo el que debe fijar \u201cciertas facilidades instrumentadas en planes de pago en cuotas\u201d<\/em> para los pagos que se efect\u00faen fuera del mes de vencimiento. Est\u00e1 <strong>firmado por el intendente Maximiliano Wesner<\/strong> y por las secretarias Mercedes Land\u00edvar de Jefatura de Gabinete y Eugenia Bezzoni de Econom\u00eda y Hacienda.<\/p>\n<blockquote><p>Adem\u00e1s, se tom\u00f3 en cuenta el \u201ccontexto inflacionario del pa\u00eds\u201d y se plante\u00f3 el objetivo de \u201cbrindar a los contribuyentes alternativas y facilidades para el pago de las obligaciones tributarias, como asimismo la necesidad de que la Comuna se adecue a la situaci\u00f3n macroecon\u00f3mica actual evitando que los montos adeudados por los contribuyentes se desactualicen con el transcurso del tiempo\u201d.<\/p><\/blockquote>\n","protected":false},"excerpt":{"rendered":"<p>Mediante un decreto firmado por el intendente Wesner se dispuso una nueva reglamentaci\u00f3n con quita de la tasa de inter\u00e9s<\/p>\n","protected":false},"author":4,"featured_media":127610,"comment_status":"closed","ping_status":"closed","sticky":false,"template":"","format":"standard","meta":{"_jetpack_memberships_contains_paid_content":false,"footnotes":""},"categories":[5,1],"tags":[],"class_list":["post-127862","post","type-post","status-publish","format-standard","has-post-thumbnail","hentry","category-informacion-general","category-portada"],"jetpack_featured_media_url":"https:\/\/i0.wp.com\/cdnoticias.com\/wp-content\/uploads\/2024\/10\/municipalidad-fachada-carpa-01.jpg?fit=1000%2C556&ssl=1","jetpack_sharing_enabled":true,"_links":{"self":[{"href":"https:\/\/cdnoticias.com\/index.php\/wp-json\/wp\/v2\/posts\/127862","targetHints":{"allow":["GET"]}}],"collection":[{"href":"https:\/\/cdnoticias.com\/index.php\/wp-json\/wp\/v2\/posts"}],"about":[{"href":"https:\/\/cdnoticias.com\/index.php\/wp-json\/wp\/v2\/types\/post"}],"author":[{"embeddable":true,"href":"https:\/\/cdnoticias.com\/index.php\/wp-json\/wp\/v2\/users\/4"}],"replies":[{"embeddable":true,"href":"https:\/\/cdnoticias.com\/index.php\/wp-json\/wp\/v2\/comments?post=127862"}],"version-history":[{"count":0,"href":"https:\/\/cdnoticias.com\/index.php\/wp-json\/wp\/v2\/posts\/127862\/revisions"}],"wp:featuredmedia":[{"embeddable":true,"href":"https:\/\/cdnoticias.com\/index.php\/wp-json\/wp\/v2\/media\/127610"}],"wp:attachment":[{"href":"https:\/\/cdnoticias.com\/index.php\/wp-json\/wp\/v2\/media?parent=127862"}],"wp:term":[{"taxonomy":"category","embeddable":true,"href":"https:\/\/cdnoticias.com\/index.php\/wp-json\/wp\/v2\/categories?post=127862"},{"taxonomy":"post_tag","embeddable":true,"href":"https:\/\/cdnoticias.com\/index.php\/wp-json\/wp\/v2\/tags?post=127862"}],"curies":[{"name":"wp","href":"https:\/\/api.w.org\/{rel}","templated":true}]}}