{"id":127836,"date":"2024-10-13T19:29:43","date_gmt":"2024-10-13T22:29:43","guid":{"rendered":"https:\/\/cdnoticias.com\/?p=127836"},"modified":"2024-10-13T20:47:02","modified_gmt":"2024-10-13T23:47:02","slug":"el-centro-de-dia-municipal-mujeres-adolescentes-impulsa-una-feria-artesanal","status":"publish","type":"post","link":"https:\/\/cdnoticias.com\/index.php\/2024\/10\/13\/el-centro-de-dia-municipal-mujeres-adolescentes-impulsa-una-feria-artesanal\/","title":{"rendered":"El Centro de D\u00eda Municipal Mujeres Adolescentes impulsa una feria artesanal"},"content":{"rendered":"\n<p>Ser\u00e1 desde este lunes 14 hasta el viernes 18 de octubre en la sede de General Paz 4227.<\/p>\n\n\n\n<hr class=\"wp-block-separator has-alpha-channel-opacity\"\/>\n\n\n\n<p>El <strong>Centro de D\u00eda Municipal Mujeres Adolescentes<\/strong> realizar\u00e1 nuevamente una <strong>feria de artesan\u00edas y productos elaborados<\/strong> por las chicas que participan del espacio.<\/p>\n\n\n\n<p><\/p>\n\n\n\n<blockquote class=\"wp-block-quote is-layout-flow wp-block-quote-is-layout-flow\">\n<p>Ser\u00e1 desde el pr\u00f3ximo lunes 14 hasta el viernes 18 de octubre en la sede institucional de General Paz 4227, en el horario de 10 a 16 horas.<\/p>\n<\/blockquote>\n\n\n\n<p><\/p>\n\n\n\n<p>La propuesta es abierta a la comunidad, e incluye <strong>exposici\u00f3n y venta de producciones realizadas en los talleres de costura, arte, peluquer\u00eda y pasteler\u00eda. <\/strong>Habr\u00e1 sets materos, almohaditas t\u00e9rmicas, llaveros, accesorios, macetas y plantas, entre otras.<\/p>\n\n\n\n<p><\/p>\n\n\n\n<p>Desde la Direcci\u00f3n de Ni\u00f1eces y Adolescencias municipal, <strong>Silvana Sonn felicit\u00f3 a las chicas por su compromiso y dedicaci\u00f3n <\/strong>de llevar adelante la jornada de feria y las alent\u00f3 \u201ca seguir desarrollando sus iniciativas productivas e intereses personales junto al equipo de profesionales que con tanto amor acompa\u00f1an cada d\u00eda sus trayectorias\u201d.<\/p>\n\n\n\n<p><\/p>\n\n\n\n<p>El Centro de D\u00eda Mujeres Adolescentes es un espacio municipal dedicado al <strong>acompa\u00f1amiento integral de j\u00f3venes de entre 12 y 18 a\u00f1os. <\/strong>Cuenta con una variada oferta de talleres socioeducativos, apoyo escolar, y distintas actividades recreativas. Adem\u00e1s brinda desayuno, almuerzo y merienda a las chicas que concurren a la sede.<\/p>\n\n\n\n<p><\/p>\n\n\n\n<p>Por consultas y mayor informaci\u00f3n las personas interesadas pueden llamar al 410073, de lunes a viernes en el horario de 8 a 16 horas.<\/p>\n","protected":false},"excerpt":{"rendered":"<p>Ser\u00e1 desde este lunes 14 hasta el viernes 18 de octubre en la sede de General Paz 4227. El Centro<\/p>\n","protected":false},"author":2,"featured_media":127837,"comment_status":"closed","ping_status":"closed","sticky":false,"template":"","format":"standard","meta":{"_jetpack_memberships_contains_paid_content":false,"footnotes":""},"categories":[5,1],"tags":[],"class_list":["post-127836","post","type-post","status-publish","format-standard","has-post-thumbnail","hentry","category-informacion-general","category-portada"],"jetpack_featured_media_url":"https:\/\/i0.wp.com\/cdnoticias.com\/wp-content\/uploads\/2024\/10\/GRAN-FERIA-CENTRO-DE-DIA-1024x1024-1.jpg?fit=800%2C445&ssl=1","jetpack_sharing_enabled":true,"_links":{"self":[{"href":"https:\/\/cdnoticias.com\/index.php\/wp-json\/wp\/v2\/posts\/127836","targetHints":{"allow":["GET"]}}],"collection":[{"href":"https:\/\/cdnoticias.com\/index.php\/wp-json\/wp\/v2\/posts"}],"about":[{"href":"https:\/\/cdnoticias.com\/index.php\/wp-json\/wp\/v2\/types\/post"}],"author":[{"embeddable":true,"href":"https:\/\/cdnoticias.com\/index.php\/wp-json\/wp\/v2\/users\/2"}],"replies":[{"embeddable":true,"href":"https:\/\/cdnoticias.com\/index.php\/wp-json\/wp\/v2\/comments?post=127836"}],"version-history":[{"count":0,"href":"https:\/\/cdnoticias.com\/index.php\/wp-json\/wp\/v2\/posts\/127836\/revisions"}],"wp:featuredmedia":[{"embeddable":true,"href":"https:\/\/cdnoticias.com\/index.php\/wp-json\/wp\/v2\/media\/127837"}],"wp:attachment":[{"href":"https:\/\/cdnoticias.com\/index.php\/wp-json\/wp\/v2\/media?parent=127836"}],"wp:term":[{"taxonomy":"category","embeddable":true,"href":"https:\/\/cdnoticias.com\/index.php\/wp-json\/wp\/v2\/categories?post=127836"},{"taxonomy":"post_tag","embeddable":true,"href":"https:\/\/cdnoticias.com\/index.php\/wp-json\/wp\/v2\/tags?post=127836"}],"curies":[{"name":"wp","href":"https:\/\/api.w.org\/{rel}","templated":true}]}}