{"id":127820,"date":"2024-10-13T17:26:42","date_gmt":"2024-10-13T20:26:42","guid":{"rendered":"https:\/\/cdnoticias.com\/?p=127820"},"modified":"2024-10-13T19:55:19","modified_gmt":"2024-10-13T22:55:19","slug":"la-semana-en-la-que-todo-empeoro-la-escalada","status":"publish","type":"post","link":"https:\/\/cdnoticias.com\/index.php\/2024\/10\/13\/la-semana-en-la-que-todo-empeoro-la-escalada\/","title":{"rendered":"La semana en la que todo empeor\u00f3: la escalada"},"content":{"rendered":"\n<p>Un nuevo episodio entre el sindicato de Trabajadores Municipales y el Ejecutivo. Este episodio no es cualquiera. Es entre un llamado de atenci\u00f3n, y un sinceramiento de lo que realmente est\u00e1 en discusi\u00f3n en esta disputa. Pero vayamos, tal como los tenemos acostumbrados, en orden.<\/p>\n\n\n\n<hr class=\"wp-block-separator has-alpha-channel-opacity\"\/>\n\n\n\n<p><em>Por Volver a las Fuentes, de Josefina Bargas y Alexis Grierson<\/em><\/p>\n\n\n\n<p><\/p>\n\n\n\n<p>Primero el conflicto de <strong>la carpa y la m\u00fasica. <\/strong>La polic\u00eda lleg\u00f3 tras denuncias del Colegio C\u00e1neva y de vecinos de la zona -presuntamente- por ruidos molestos y pidi\u00f3 que bajen la m\u00fasica, en una nueva contravenci\u00f3n al gremio. Desde que se instal\u00f3 la carpa, la polic\u00eda labr\u00f3 varias multas por superar el l\u00edmite de decibeles.<\/p>\n\n\n\n<p><\/p>\n\n\n\n<p>Hasta ah\u00ed, una escena m\u00e1s del conflicto. Lo que modific\u00f3 -y escal\u00f3 en violencia- con respecto a otras situaciones es que, <strong>seg\u00fan los trascendidos, desde el gremio habr\u00edan ingresado los parlantes a la carpa y as\u00ed volvieron a poner la m\u00fasica a alto volumen<\/strong>, pocos minutos despu\u00e9s de haberse retirado la polic\u00eda.<\/p>\n\n\n\n<p><\/p>\n\n\n\n<p>Lo concreto es que, m\u00e1s all\u00e1 de la versi\u00f3n que gan\u00f3 fuerza,<strong> la polic\u00eda volvi\u00f3 decidida a secuestrar los parlantes.<\/strong> Lo que sigui\u00f3 fue una escena muy violenta de intento de ingreso a la carpa, impedimento desde dentro, empujones, forcejeos y una tensa calma con negociaciones. La polic\u00eda parec\u00eda decidida a llevarse los parlantes (o a alguien preso), discusiones, llamados y mucha tensi\u00f3n.<\/p>\n\n\n\n<p><\/p>\n\n\n\n<blockquote class=\"wp-block-quote is-layout-flow wp-block-quote-is-layout-flow\">\n<p>Finalmente, y casi una hora despu\u00e9s, se acord\u00f3 que el sindicato se llevar\u00eda los parlantes y fin del conflicto. Fueron cargados en una camioneta y volvieron a la sede gremial. No volvieron a sonar en la carpa de los municipales.<\/p>\n<\/blockquote>\n\n\n\n<p><\/p>\n\n\n\n<p>En paralelo, y entre situaciones de confusi\u00f3n y consultas,<a href=\"https:\/\/cdnoticias.com\/index.php\/2024\/10\/07\/el-municipio-nego-haber-denunciado-a-la-carpa\/\" data-type=\"link\" data-id=\"https:\/\/cdnoticias.com\/index.php\/2024\/10\/07\/el-municipio-nego-haber-denunciado-a-la-carpa\/\"> el Municipio aclar\u00f3 que no hab\u00eda denunciado a la carpa por ruidos molestos,<\/a> y que estaba al tanto del malestar de la comunidad educativa de C\u00e1neva y, tambi\u00e9n, de varios vecinos que escuchaban los hits de la carpa. La \u00faltima vez que sonaron los parlantes, se escuchaba el discurso de asunci\u00f3n del intendente Wesner dirigido a los trabajadores municipales.<\/p>\n\n\n\n<p><\/p>\n\n\n\n<p>Y m\u00e1s all\u00e1 de que la comuna se deslig\u00f3 de la situaci\u00f3n, <strong>Jos\u00e9 Stuppia sali\u00f3 con los tapones de punta a acusar \u2026al Municipio,<\/strong> en un intento de seguir profundizando el conflicto: \u201cmolest\u00f3 demasiado, porque la polic\u00eda la tenemos ya hace dos o tres horas dando vueltas ac\u00e1\u201d. Hasta que, insisti\u00f3 Stuppia, \u201cpidieron desde el Ejecutivo que entren a sacar los parlantes de adentro de la carpa. Les pedimos orden judicial, dijeron que no y que estaban en un lugar p\u00fablico y les dijimos que si bien estamos en un lugar p\u00fablico, nosotros tenemos derecho a hacer la protesta y que esto nunca hab\u00eda sucedido.<a href=\"https:\/\/cdnoticias.com\/index.php\/2024\/10\/07\/stuppia-en-20-anos-nunca-sucedio-lo-que-nos-paso-hoy\/\" data-type=\"link\" data-id=\"https:\/\/cdnoticias.com\/index.php\/2024\/10\/07\/stuppia-en-20-anos-nunca-sucedio-lo-que-nos-paso-hoy\/\"> En 20 a\u00f1os nunca sucedi\u00f3 lo que nos pas\u00f3 hoy<\/a>\u201d.<\/p>\n\n\n\n<p><\/p>\n\n\n\n<p>\u201c<strong>Ante esa agresi\u00f3n nosotros desde adentro tambi\u00e9n nos defend\u00edamos. <\/strong>Al compa\u00f1ero adjunto le pegaron un bastonazo en el brazo, el compa\u00f1ero estaba dentro de la carpa, para poder ingresar. Resistimos todo lo que pudimos\u201d justific\u00f3 Stuppia la postura que tom\u00f3 el sindicato.<\/p>\n\n\n\n<p><\/p>\n\n\n\n<p>Dijo que sumar\u00e1n entre las acusaciones a Wesner de \u201crepresor\u201d y confirm\u00f3 que profundizar\u00edan las medidas durante la semana: adem\u00e1s de la presencia de los payasos en todos los actos o eventos de los que participe el Intendente, confirmaron que rotar\u00edan los lugares de asamblea permanente, de Jardines Maternales a los CAPS, por ejemplo, y que podr\u00eda terminar en el Hospital Municipal.<\/p>\n\n\n\n<p><\/p>\n\n\n\n<p>Del super\u00e1vit a la \u201cgrav\u00edsima situaci\u00f3n econ\u00f3mica\u201d, Stuppia tambi\u00e9n se\u00f1al\u00f3 que tienen en el gremio un observatorio econ\u00f3mico y acus\u00f3 que<strong> \u201cla Municipalidad de Olavarr\u00eda est\u00e1 siendo inconducida econ\u00f3mica y financieramente\u201d. <\/strong>De hecho, buscar\u00e1n explicar la situaci\u00f3n econ\u00f3mico-financiera en una charla en la que ser\u00e1n invitados los concejales de todos los bloques.<\/p>\n\n\n\n<p><\/p>\n\n\n\n<p><strong>El sindicato SOEMO, reciente aliado del STMO, se pronunci\u00f3 con un \u201crepudio\u201d sobre el caso: <\/strong>definieron que se trat\u00f3 de una \u201crepresi\u00f3n absurda e innecesaria\u201d. \u201cInvitamos al ejecutivo a considerar el cese de la persecuci\u00f3n expl\u00edcita y simb\u00f3lica que se ejerce sobre los trabajadores que llevan adelante una lucha genuina\u201d plantearon.<\/p>\n\n\n\n<p><\/p>\n\n\n\n<p>Si con esta escalada de violencia no alcanzaba,<a href=\"https:\/\/cdnoticias.com\/index.php\/2024\/10\/08\/el-municipio-denuncio-hechos-de-violencia-del-stmo-en-un-jardin-maternal\/\" data-type=\"link\" data-id=\"https:\/\/cdnoticias.com\/index.php\/2024\/10\/08\/el-municipio-denuncio-hechos-de-violencia-del-stmo-en-un-jardin-maternal\/\"> el Municipio denunci\u00f3, 24 horas despu\u00e9s de todo este hecho, una grave situaci\u00f3n en un Jard\u00edn Maternal Municipal. <\/a>En hora de clases, integrantes del sindicato ingresaron de forma violenta a una sede de estas instituciones y que hubo \u201cgritos y amedrentamientos\u201d por la postura de las trabajadoras de cesar la asamblea permanente y, por consiguiente, reanudar las clases.<\/p>\n\n\n\n<p><\/p>\n\n\n\n<p>\u201cLos trabajadores tienen absoluta libertad de adherir o no a una medida de fuerza, lo que no puede existir es una obligaci\u00f3n, y menos generar un malestar generalizado en un jard\u00edn maternal, con docentes, padres y ni\u00f1os por continuar prestando servicios\u201d explic\u00f3 el Municipio en un comunicado.<\/p>\n\n\n\n<p><\/p>\n\n\n\n<p>Este newsletter logr\u00f3 corroborar el hecho, e incluso tambi\u00e9n tom\u00f3 contacto con padres que se encontraban, en ese momento, afuera de la instituci\u00f3n. Hubo mucho enojo por la actitud:<strong> los propios padres admitieron que no era una situaci\u00f3n ideal pero que entend\u00edan la medida de fuerza. \u201cEsto le quita credibilidad a todo\u201d a\u00f1adieron.<\/strong><\/p>\n\n\n\n<p><\/p>\n\n\n\n<p>Lo curioso del caso es que por el hecho hubo un extenso silencio del gremio, que se cort\u00f3 con \u2026<\/p>\n\n\n\n<p><\/p>\n\n\n\n<p><strong>La lucha pol\u00edtica<\/strong><\/p>\n\n\n\n<p><\/p>\n\n\n\n<p>Ya en el comunicado del Municipio algo se avizoraba: \u201cEst\u00e1 claro que discuten la p\u00e9rdida de beneficios que no son los de los trabajadores, apelando a insultos, agravios y generando hechos p\u00fablicos que van en contra de la paz social que necesitan los vecinos\u201d. Sobre este tema profundiz\u00f3 la Jefa de Gabinete, <a href=\"https:\/\/cdnoticias.com\/index.php\/2024\/10\/09\/esta-gestion-pudo-advertir-un-monton-de-concesiones-que-se-daban-al-sindicato-y-no-estamos-dispuestos-a-darlas\/\" data-type=\"link\" data-id=\"https:\/\/cdnoticias.com\/index.php\/2024\/10\/09\/esta-gestion-pudo-advertir-un-monton-de-concesiones-que-se-daban-al-sindicato-y-no-estamos-dispuestos-a-darlas\/\">Mercedes Land\u00edvar, que en di\u00e1logo con Radio Olavarr\u00eda<\/a> puso el reclamo salarial en un lugar secundario (no menos importante) y qued\u00f3 de relieve que el reclamo real pasa por lo pol\u00edtico.<\/p>\n\n\n\n<p><\/p>\n\n\n\n<p>Se\u00f1al\u00f3 que hay una <strong>denuncia radicada en fiscal\u00eda <\/strong>por el hecho en el Jard\u00edn Maternal Municipal, y que la situaci\u00f3n se dio porque 24 horas antes dicha sede hab\u00eda decidido retomar las clases, es decir, dejar de hacer asambleas durante el horario de dictado de clases. Apunt\u00f3 contra Jos\u00e9 Stuppia y \u201cuna mujer de la comisi\u00f3n\u201d y en su relato (que ac\u00e1 lo pueden escuchar completo) fue explicando, de a poco, que el sindicato tom\u00f3 una postura inestable en torno a los reclamos.<\/p>\n\n\n\n<p><\/p>\n\n\n\n<figure class=\"wp-block-embed is-type-wp-embed is-provider-central-de-noticias-olavarr-a wp-block-embed-central-de-noticias-olavarr-a\"><div class=\"wp-block-embed__wrapper\">\n<blockquote class=\"wp-embedded-content\" data-secret=\"BUKVfGTT9O\"><a href=\"https:\/\/cdnoticias.com\/index.php\/2024\/10\/09\/esta-gestion-pudo-advertir-un-monton-de-concesiones-que-se-daban-al-sindicato-y-no-estamos-dispuestos-a-darlas\/\">\u201cEsta gesti\u00f3n pudo advertir un mont\u00f3n de concesiones que se daban al sindicato y no estamos dispuestos a darlas\u201d<\/a><\/blockquote><iframe loading=\"lazy\" class=\"wp-embedded-content\" sandbox=\"allow-scripts\" security=\"restricted\" style=\"position: absolute; visibility: hidden;\" title=\"&#8220;\u201cEsta gesti\u00f3n pudo advertir un mont\u00f3n de concesiones que se daban al sindicato y no estamos dispuestos a darlas\u201d&#8221; &#8212; Central de Noticias | Olavarr\u00eda\" src=\"https:\/\/cdnoticias.com\/index.php\/2024\/10\/09\/esta-gestion-pudo-advertir-un-monton-de-concesiones-que-se-daban-al-sindicato-y-no-estamos-dispuestos-a-darlas\/embed\/#?secret=oPCUYKHKeU#?secret=BUKVfGTT9O\" data-secret=\"BUKVfGTT9O\" width=\"600\" height=\"338\" frameborder=\"0\" marginwidth=\"0\" marginheight=\"0\" scrolling=\"no\"><\/iframe>\n<\/div><\/figure>\n\n\n\n<p><\/p>\n\n\n\n<p>Hasta que lo fue llevando a la tesis del Ejecutivo en la relaci\u00f3n con el STMO: \u201cse elige generar angustia a los trabajadores y falsas expectativas al solo efecto de decir que se est\u00e1 dando una discusi\u00f3n laboral o salarial, cuando tengo que decir que esta discusi\u00f3n no es salarial, no es laboral. Y en el medio est\u00e1n los trabajadores. Ac\u00e1 la discusi\u00f3n es de otro tipo\u201d.<\/p>\n\n\n\n<p><\/p>\n\n\n\n<p>\u00bfCu\u00e1l es esa discusi\u00f3n? \u201ces una tensi\u00f3n pol\u00edtica que se viene dando producto de que esta gesti\u00f3n, desde el primer momento, <strong>pudo advertir un mont\u00f3n de concesiones que se le daban al sindicato que no est\u00e1bamos dispuestos a darlas. <\/strong>Porque vamos a trabajar con transparencia y responsabilidad no dando concesiones a nadie\u201d.<\/p>\n\n\n\n<p><\/p>\n\n\n\n<p>Y si bien parec\u00eda una generalidad, Land\u00edvar profundiz\u00f3 con ejemplos: \u201c<strong>Los trabajadores saben bien de paquetes de horas extras que exist\u00edan y ahora no existen, <\/strong>que se lleg\u00f3 a negociar lugares de funcionarios que nosotros no le vamos a dar a ning\u00fan sindicato, que antes no pod\u00eda funcionar ning\u00fan sindicato m\u00e1s que el \u00fanico que hab\u00eda. Y un mont\u00f3n de concesiones m\u00e1s que hacen a la tensi\u00f3n pol\u00edtica\u201d.<\/p>\n\n\n\n<p><\/p>\n\n\n\n<p>De todas maneras, la funcionaria<strong> insisti\u00f3 en que el di\u00e1logo est\u00e1 abierto para reunirse y discutir.<\/strong> Incluso, afirm\u00f3 que hubo entre 15 y 20 encuentros entre formales, informales e institucionales. \u201cDe nuestra parte el di\u00e1logo est\u00e1 vigente, lo que no vamos a permitir es dialogar con estas formas\u201d.<\/p>\n\n\n\n<p><\/p>\n\n\n\n<p>La primera declaraci\u00f3n p\u00fablica del Ejecutivo sobre el tema paritarias hizo \u201csaltar\u201d al Sindicato que sali\u00f3 con todo a posicionarse contra los dichos de Land\u00edvar. <a href=\"https:\/\/cdnoticias.com\/index.php\/2024\/10\/09\/falsas-denuncias-mentiras-y-fake-news-respondio-el-stmo-al-ejecutivo\/\" data-type=\"link\" data-id=\"https:\/\/cdnoticias.com\/index.php\/2024\/10\/09\/falsas-denuncias-mentiras-y-fake-news-respondio-el-stmo-al-ejecutivo\/\">\u201cFalsas denuncias, mentiras, y fake news\u201d expresaron en un comunicado.<\/a><\/p>\n\n\n\n<p><\/p>\n\n\n\n<p>Se\u00f1alaron que el hecho en el Jard\u00edn Maternal no existi\u00f3 y que, por el contrario, \u201cse les brinda y garantiza a todos los compa\u00f1eros y compa\u00f1eras, tanto de los jardines maternales municipales como del resto de las \u00e1reas y servicios, la <strong>absoluta libertad de definir y decidir adoptar o no acciones gremiales<\/strong>. Todas las decisiones han sido tomadas por los equipos de trabajo, con un esp\u00edritu democr\u00e1tico y sin presiones de ning\u00fan tipo\u201d.<\/p>\n\n\n\n<p><\/p>\n\n\n\n<p>Sin \u00e1nimo de generar debate, lo concreto es que <strong>un grupo de padres sostiene lo contrario<\/strong>, que el hecho existi\u00f3. La causa en la Justicia tambi\u00e9n existe, por lo que de m\u00ednima la situaci\u00f3n no tendr\u00eda, en torno a una postura externa al Ejecutivo y el Sindicato, car\u00e1cter de fake news.<\/p>\n\n\n\n<p><\/p>\n\n\n\n<p>Pero en lo concreto el fondo de los dichos del Sindicato buscan exponer que el Municipio quiere \u201cdeslegitimar\u201d el reclamo salarial y \u201ccriminalizar\u201d la protesta con denuncias.<\/p>\n\n\n\n<p><\/p>\n\n\n\n<p>Una reflexi\u00f3n: han quedado claras desde las dos partes dos cuestiones a tener en cuenta. Por un lado, que hay salarios muy bajos en el \u00e1mbito municipal. Quiz\u00e1s, alarmantes. Por el otro, que la situaci\u00f3n econ\u00f3mica del Municipio est\u00e1 en estado agud\u00edsimo. \u00bfEs suficiente para no aumentar este tipo de salarios? Desconocemos, pero todos hablan -m\u00e1s all\u00e1 de las responsabilidades- de que el panorama es muy complicado.<\/p>\n\n\n\n<p><\/p>\n\n\n\n<p>Lo concreto es que la semana termin\u00f3 con unos cambios m\u00e1s abajo de c\u00f3mo comenz\u00f3. Pero en este conflicto, no es garant\u00eda de absolutamente nada.<\/p>\n\n\n\n<p><\/p>\n\n\n\n<p><strong>Meter la interna<\/strong><\/p>\n\n\n\n<p><\/p>\n\n\n\n<p>El lunes frente a la carpa despu\u00e9s de que se hab\u00eda retirado la Polic\u00eda, en la entrevista con los medios Jos\u00e9 Stuppia dio un dato al pasar, pero que no fue nada menor.<\/p>\n\n\n\n<p><\/p>\n\n\n\n<p>Mientras se desarrollaba la intervenci\u00f3n de los efectivos, <strong>justo lo llamaron \u201cde la Gobernaci\u00f3n\u201d <\/strong>-una conversaci\u00f3n por Whatsapp que Jos\u00e9 Stuppia despu\u00e9s mostr\u00f3 a algunos periodistas- con una invitaci\u00f3n: \u201cpara el 17 de octubre ir a Berisso. Cuando contest\u00e9 que est\u00e1bamos rodeados por la polic\u00eda dijeron que se iban a poner en contacto en forma urgente para que la polic\u00eda deponga la actitud que estaba teniendo. As\u00ed que bueno, quedamos en eso y que nos comprometimos a retirar los parlantes\u201d dijo.<\/p>\n\n\n\n<p><\/p>\n\n\n\n<p>Doble cuesti\u00f3n en esas palabras. <strong>Stuppia se present\u00f3 con proyecci\u00f3n en la Gobernaci\u00f3n y adem\u00e1s, a la Gobernaci\u00f3n, al menos al tanto del conflicto local.<\/strong><\/p>\n\n\n\n<p><\/p>\n\n\n\n<p>El acto del D\u00eda de la Lealtad tendr\u00e1 a Axel Kicillof como \u00fanico orador. Se organiza con el lema \u201cLealtad con el Pueblo. La Patria no se vende\u201d, se esperan intendentes, funcionarios provinciales y muchos dirigentes sindicales que apoyan el posicionamiento del gobernador como referencia del peronismo. \u00bfAsistir\u00e1 Cristina Fern\u00e1ndez?<\/p>\n\n\n\n<p><\/p>\n\n\n\n<p>En esa interna planteada entre Kicillof y La C\u00e1mpora, Stuppia y Wesner (y las principales referencias del oficialismo local) quedan en distintos m\u00e1rgenes del peronismo.<\/p>\n\n\n\n<p><\/p>\n\n\n\n<p>La interna peronista tuvo m\u00e1s novedades esta semana con la disputa por la conducci\u00f3n del PJ nacional: son tiempos de definiciones. Dos d\u00edas despu\u00e9s del acto de Berisso vencer\u00e1 el plazo para presentar las candidaturas en el partido.<\/p>\n\n\n\n<p><\/p>\n\n\n\n<p>Vale recordar dos datos con todo este tema: el primero es que la comuna -en di\u00e1logos informales con este newsletter- insisti\u00f3 en que la relaci\u00f3n institucional con la Provincia est\u00e1 intacta y de hecho, en muy buenos t\u00e9rminos. \u201cViene un ministro, secretario o director por semana\u201d fue el textual. El otro dato es que en una de las llegadas de Kicillof a Olavarr\u00eda, a principios de a\u00f1o, integrantes del STMO tuvieron un encontronazo en la puerta del Palacio San Mart\u00edn con \u2026 la seguridad del gobernador, al de intentar abordarlo por este mismo reclamo salarial. \u00bfTe acord\u00e1s que se demor\u00f3 m\u00e1s de una hora un acto hasta que los ministros recibieron a Jos\u00e9 Suppia? Cambia todo cambia.<\/p>\n\n\n\n<p><\/p>\n\n\n\n<p><strong>El newsletter<\/strong><\/p>\n\n\n\n<p>Esta publicaci\u00f3n es la edici\u00f3n de este domingo del newsletter Volver a las Fuentes <a href=\"https:\/\/mailchi.mp\/895575ae9fde\/la-escalada?e=7390b1bfea\" data-type=\"link\" data-id=\"https:\/\/mailchi.mp\/895575ae9fde\/la-escalada?e=7390b1bfea\">\u2013aqu\u00ed la edici\u00f3n completa\u2013<\/a> que escriben Alexis Grierson y Josefina Bargas. Tiene un<a href=\"https:\/\/linktr.ee\/volveralasfuentes\" data-type=\"link\" data-id=\"https:\/\/linktr.ee\/volveralasfuentes\"> sistema de suscripci\u00f3n econ\u00f3mica y aportes \u00fanicos al que se puede acceder aqu\u00ed.<\/a><\/p>\n\n\n\n<p><\/p>\n","protected":false},"excerpt":{"rendered":"<p>Un nuevo episodio entre el sindicato de Trabajadores Municipales y el Ejecutivo. Este episodio no es cualquiera. Es entre un<\/p>\n","protected":false},"author":2,"featured_media":127821,"comment_status":"closed","ping_status":"closed","sticky":false,"template":"","format":"standard","meta":{"_jetpack_memberships_contains_paid_content":false,"footnotes":""},"categories":[4,1],"tags":[],"class_list":["post-127820","post","type-post","status-publish","format-standard","has-post-thumbnail","hentry","category-politica","category-portada"],"jetpack_featured_media_url":"https:\/\/i0.wp.com\/cdnoticias.com\/wp-content\/uploads\/2024\/10\/unnamed-2.jpg?fit=800%2C445&ssl=1","jetpack_sharing_enabled":true,"_links":{"self":[{"href":"https:\/\/cdnoticias.com\/index.php\/wp-json\/wp\/v2\/posts\/127820","targetHints":{"allow":["GET"]}}],"collection":[{"href":"https:\/\/cdnoticias.com\/index.php\/wp-json\/wp\/v2\/posts"}],"about":[{"href":"https:\/\/cdnoticias.com\/index.php\/wp-json\/wp\/v2\/types\/post"}],"author":[{"embeddable":true,"href":"https:\/\/cdnoticias.com\/index.php\/wp-json\/wp\/v2\/users\/2"}],"replies":[{"embeddable":true,"href":"https:\/\/cdnoticias.com\/index.php\/wp-json\/wp\/v2\/comments?post=127820"}],"version-history":[{"count":0,"href":"https:\/\/cdnoticias.com\/index.php\/wp-json\/wp\/v2\/posts\/127820\/revisions"}],"wp:featuredmedia":[{"embeddable":true,"href":"https:\/\/cdnoticias.com\/index.php\/wp-json\/wp\/v2\/media\/127821"}],"wp:attachment":[{"href":"https:\/\/cdnoticias.com\/index.php\/wp-json\/wp\/v2\/media?parent=127820"}],"wp:term":[{"taxonomy":"category","embeddable":true,"href":"https:\/\/cdnoticias.com\/index.php\/wp-json\/wp\/v2\/categories?post=127820"},{"taxonomy":"post_tag","embeddable":true,"href":"https:\/\/cdnoticias.com\/index.php\/wp-json\/wp\/v2\/tags?post=127820"}],"curies":[{"name":"wp","href":"https:\/\/api.w.org\/{rel}","templated":true}]}}