{"id":127806,"date":"2024-10-12T19:26:26","date_gmt":"2024-10-12T22:26:26","guid":{"rendered":"https:\/\/cdnoticias.com\/?p=127806"},"modified":"2024-10-12T19:26:28","modified_gmt":"2024-10-12T22:26:28","slug":"realizaron-trabajos-de-infraestructura-vial-urbana-en-sierras-bayas-y-colonia-san-miguel","status":"publish","type":"post","link":"https:\/\/cdnoticias.com\/index.php\/2024\/10\/12\/realizaron-trabajos-de-infraestructura-vial-urbana-en-sierras-bayas-y-colonia-san-miguel\/","title":{"rendered":"Realizaron trabajos de infraestructura vial urbana en Sierras Bayas y Colonia San Miguel"},"content":{"rendered":"\n<p>Fue impulsado por Control Urbano. Demarcaron sendas peatonales, se\u00f1al\u00e9ticas horizontales y conos de visibilidad en esquinas.<\/p>\n\n\n\n<hr class=\"wp-block-separator aligncenter has-alpha-channel-opacity\"\/>\n\n\n\n<p>La Subsecretar\u00eda de Protecci\u00f3n Ciudadana del Municipio de Olavarr\u00eda, a trav\u00e9s de la Direcci\u00f3n de Control Urbano lleva adelante una serie de<strong> trabajos destinados al mantenimiento de la infraestructura vial urbana, en las localidades de Sierras Bayas y Colonia San Miguel.<\/strong><\/p>\n\n\n\n<figure class=\"wp-block-image size-large\"><img data-recalc-dims=\"1\" loading=\"lazy\" decoding=\"async\" width=\"800\" height=\"369\" src=\"https:\/\/i0.wp.com\/cdnoticias.com\/wp-content\/uploads\/2024\/10\/WhatsApp-Image-2024-10-03-at-13.27.49.jpeg?resize=800%2C369&#038;ssl=1\" alt=\"\" class=\"wp-image-127808\" srcset=\"https:\/\/i0.wp.com\/cdnoticias.com\/wp-content\/uploads\/2024\/10\/WhatsApp-Image-2024-10-03-at-13.27.49.jpeg?resize=1024%2C472&amp;ssl=1 1024w, https:\/\/i0.wp.com\/cdnoticias.com\/wp-content\/uploads\/2024\/10\/WhatsApp-Image-2024-10-03-at-13.27.49.jpeg?resize=300%2C138&amp;ssl=1 300w, https:\/\/i0.wp.com\/cdnoticias.com\/wp-content\/uploads\/2024\/10\/WhatsApp-Image-2024-10-03-at-13.27.49.jpeg?resize=768%2C354&amp;ssl=1 768w, https:\/\/i0.wp.com\/cdnoticias.com\/wp-content\/uploads\/2024\/10\/WhatsApp-Image-2024-10-03-at-13.27.49.jpeg?resize=1536%2C708&amp;ssl=1 1536w, https:\/\/i0.wp.com\/cdnoticias.com\/wp-content\/uploads\/2024\/10\/WhatsApp-Image-2024-10-03-at-13.27.49.jpeg?w=1600&amp;ssl=1 1600w\" sizes=\"auto, (max-width: 800px) 100vw, 800px\" \/><\/figure>\n\n\n\n<p>Las tareas consistieron principalmente en la <strong>realizaci\u00f3n de demarcaci\u00f3n de sendas peatonales, se\u00f1al\u00e9ticas horizontales y conos de visibilidad en las esquinas. Los sectores y puntos se coordinaron con la Delegaci\u00f3n Municipal de Sierras Bayas y respondieron a solicitudes de vecinos y puntos que hacen al ordenamiento vehicular.<\/strong><\/p>\n\n\n\n<figure class=\"wp-block-image size-large\"><img data-recalc-dims=\"1\" loading=\"lazy\" decoding=\"async\" width=\"800\" height=\"369\" src=\"https:\/\/i0.wp.com\/cdnoticias.com\/wp-content\/uploads\/2024\/10\/WhatsApp-Image-2024-10-02-at-15.30.17.jpeg?resize=800%2C369&#038;ssl=1\" alt=\"\" class=\"wp-image-127807\" srcset=\"https:\/\/i0.wp.com\/cdnoticias.com\/wp-content\/uploads\/2024\/10\/WhatsApp-Image-2024-10-02-at-15.30.17.jpeg?resize=1024%2C472&amp;ssl=1 1024w, https:\/\/i0.wp.com\/cdnoticias.com\/wp-content\/uploads\/2024\/10\/WhatsApp-Image-2024-10-02-at-15.30.17.jpeg?resize=300%2C138&amp;ssl=1 300w, https:\/\/i0.wp.com\/cdnoticias.com\/wp-content\/uploads\/2024\/10\/WhatsApp-Image-2024-10-02-at-15.30.17.jpeg?resize=768%2C354&amp;ssl=1 768w, https:\/\/i0.wp.com\/cdnoticias.com\/wp-content\/uploads\/2024\/10\/WhatsApp-Image-2024-10-02-at-15.30.17.jpeg?resize=1536%2C708&amp;ssl=1 1536w, https:\/\/i0.wp.com\/cdnoticias.com\/wp-content\/uploads\/2024\/10\/WhatsApp-Image-2024-10-02-at-15.30.17.jpeg?w=1600&amp;ssl=1 1600w\" sizes=\"auto, (max-width: 800px) 100vw, 800px\" \/><\/figure>\n\n\n\n<p>Los trabajos se realizaron con cuadrillas municipales y<strong> las demarcaciones se establecen a trav\u00e9s de control municipal respondiendo a las reglamentaciones dispuestas de se\u00f1al\u00e9tica y a la Ley de tr\u00e1nsito.<\/strong><\/p>\n","protected":false},"excerpt":{"rendered":"<p>Fue impulsado por Control Urbano. Demarcaron sendas peatonales, se\u00f1al\u00e9ticas horizontales y conos de visibilidad en esquinas. La Subsecretar\u00eda de Protecci\u00f3n<\/p>\n","protected":false},"author":2,"featured_media":127809,"comment_status":"closed","ping_status":"closed","sticky":false,"template":"","format":"standard","meta":{"_jetpack_memberships_contains_paid_content":false,"footnotes":""},"categories":[5,1],"tags":[],"class_list":["post-127806","post","type-post","status-publish","format-standard","has-post-thumbnail","hentry","category-informacion-general","category-portada"],"jetpack_featured_media_url":"https:\/\/i0.wp.com\/cdnoticias.com\/wp-content\/uploads\/2024\/10\/WhatsApp-Image-2024-10-03-at-13.27.49-1.jpeg?fit=1600%2C738&ssl=1","jetpack_sharing_enabled":true,"_links":{"self":[{"href":"https:\/\/cdnoticias.com\/index.php\/wp-json\/wp\/v2\/posts\/127806","targetHints":{"allow":["GET"]}}],"collection":[{"href":"https:\/\/cdnoticias.com\/index.php\/wp-json\/wp\/v2\/posts"}],"about":[{"href":"https:\/\/cdnoticias.com\/index.php\/wp-json\/wp\/v2\/types\/post"}],"author":[{"embeddable":true,"href":"https:\/\/cdnoticias.com\/index.php\/wp-json\/wp\/v2\/users\/2"}],"replies":[{"embeddable":true,"href":"https:\/\/cdnoticias.com\/index.php\/wp-json\/wp\/v2\/comments?post=127806"}],"version-history":[{"count":0,"href":"https:\/\/cdnoticias.com\/index.php\/wp-json\/wp\/v2\/posts\/127806\/revisions"}],"wp:featuredmedia":[{"embeddable":true,"href":"https:\/\/cdnoticias.com\/index.php\/wp-json\/wp\/v2\/media\/127809"}],"wp:attachment":[{"href":"https:\/\/cdnoticias.com\/index.php\/wp-json\/wp\/v2\/media?parent=127806"}],"wp:term":[{"taxonomy":"category","embeddable":true,"href":"https:\/\/cdnoticias.com\/index.php\/wp-json\/wp\/v2\/categories?post=127806"},{"taxonomy":"post_tag","embeddable":true,"href":"https:\/\/cdnoticias.com\/index.php\/wp-json\/wp\/v2\/tags?post=127806"}],"curies":[{"name":"wp","href":"https:\/\/api.w.org\/{rel}","templated":true}]}}