{"id":1278,"date":"2020-09-10T18:04:52","date_gmt":"2020-09-10T21:04:52","guid":{"rendered":"http:\/\/www.centraldenoticias.com.ar\/?p=1278"},"modified":"2020-09-10T18:04:52","modified_gmt":"2020-09-10T21:04:52","slug":"el-concejo-deliberante-de-olavarria-repudio-las-amenazas-a-sergio-massa","status":"publish","type":"post","link":"https:\/\/cdnoticias.com\/index.php\/2020\/09\/10\/el-concejo-deliberante-de-olavarria-repudio-las-amenazas-a-sergio-massa\/","title":{"rendered":"El Concejo Deliberante de Olavarr\u00eda repudi\u00f3 las amenazas a Sergio Massa"},"content":{"rendered":"<p>&nbsp;<\/p>\n<p>Fue durante la sesi\u00f3n de este jueves. La iniciativa obtuvo el acompa\u00f1amiento de la totalidad de los concejales.<!--more--><\/p>\n<hr \/>\n<p>Este jueves se llev\u00f3 a cabo una nueva sesi\u00f3n del Honorable Concejo Deliberante. Entre los temas tratados se debati\u00f3 una iniciativa presentada por el Interbloque Frente de Todos y fundamentada en el recinto por el <strong>concejal del Foro Olavarr\u00eda, Eduardo Rodr\u00edguez.<\/strong><\/p>\n<p>&nbsp;<\/p>\n<p>El Concejo Deliberante en su totalidad expres\u00f3 su<strong> repudio y preocupaci\u00f3n ante las amenazas recibidas por el titular de la C\u00e1mara de Diputados de la Naci\u00f3n, Sergio Massa,<\/strong> quien tras la difusi\u00f3n p\u00fablica de su n\u00famero telef\u00f3nico tanto \u00e9l como su familia recibieron m\u00e1s de 460 mensajes an\u00f3nimos con amenazas de muerte.<\/p>\n<p>&nbsp;<\/p>\n<p>A trav\u00e9s de una comunicaci\u00f3n se indic\u00f3 que <em>\u201ceste tipo de amenazas son inaceptables desde cualquier punto de vista e impropias de la convivencia democr\u00e1tica, y demanda una urgente investigaci\u00f3n para dar con los responsables\u201d.<\/em><\/p>\n<p>&nbsp;<\/p>\n<p>Adem\u00e1s, aseguraron<strong><em> \u201cque el di\u00e1logo y el respeto deben ser los pilares de nuestra democracia; y que la agresi\u00f3n nunca puede ser la manera para procesar el disenso\u201d.<\/em><\/strong><\/p>\n","protected":false},"excerpt":{"rendered":"<p>&nbsp; Fue durante la sesi\u00f3n de este jueves. La iniciativa obtuvo el acompa\u00f1amiento de la totalidad de los concejales.<\/p>\n","protected":false},"author":5,"featured_media":1241,"comment_status":"closed","ping_status":"closed","sticky":false,"template":"","format":"standard","meta":{"_jetpack_memberships_contains_paid_content":false,"footnotes":""},"categories":[4,1],"tags":[],"class_list":["post-1278","post","type-post","status-publish","format-standard","has-post-thumbnail","hentry","category-politica","category-portada"],"jetpack_featured_media_url":"https:\/\/i0.wp.com\/cdnoticias.com\/wp-content\/uploads\/2020\/09\/hcd-DSC_1077-3.jpg?fit=2992%2C2000&ssl=1","jetpack_sharing_enabled":true,"_links":{"self":[{"href":"https:\/\/cdnoticias.com\/index.php\/wp-json\/wp\/v2\/posts\/1278","targetHints":{"allow":["GET"]}}],"collection":[{"href":"https:\/\/cdnoticias.com\/index.php\/wp-json\/wp\/v2\/posts"}],"about":[{"href":"https:\/\/cdnoticias.com\/index.php\/wp-json\/wp\/v2\/types\/post"}],"author":[{"embeddable":true,"href":"https:\/\/cdnoticias.com\/index.php\/wp-json\/wp\/v2\/users\/5"}],"replies":[{"embeddable":true,"href":"https:\/\/cdnoticias.com\/index.php\/wp-json\/wp\/v2\/comments?post=1278"}],"version-history":[{"count":0,"href":"https:\/\/cdnoticias.com\/index.php\/wp-json\/wp\/v2\/posts\/1278\/revisions"}],"wp:featuredmedia":[{"embeddable":true,"href":"https:\/\/cdnoticias.com\/index.php\/wp-json\/wp\/v2\/media\/1241"}],"wp:attachment":[{"href":"https:\/\/cdnoticias.com\/index.php\/wp-json\/wp\/v2\/media?parent=1278"}],"wp:term":[{"taxonomy":"category","embeddable":true,"href":"https:\/\/cdnoticias.com\/index.php\/wp-json\/wp\/v2\/categories?post=1278"},{"taxonomy":"post_tag","embeddable":true,"href":"https:\/\/cdnoticias.com\/index.php\/wp-json\/wp\/v2\/tags?post=1278"}],"curies":[{"name":"wp","href":"https:\/\/api.w.org\/{rel}","templated":true}]}}