{"id":127748,"date":"2024-10-12T06:08:18","date_gmt":"2024-10-12T09:08:18","guid":{"rendered":"https:\/\/cdnoticias.com\/?p=127748"},"modified":"2024-10-12T06:08:20","modified_gmt":"2024-10-12T09:08:20","slug":"alicia-graciela-olalde-de-ventura-lichi-q-e-p-d","status":"publish","type":"post","link":"https:\/\/cdnoticias.com\/index.php\/2024\/10\/12\/alicia-graciela-olalde-de-ventura-lichi-q-e-p-d\/","title":{"rendered":"Alicia Graciela Olalde de Ventura \u201cLichi\u201d (Q.E.P.D.)"},"content":{"rendered":"\n<p>Falleci\u00f3 en Olavarr\u00eda el 11 de octubre de 2024 a los 69 a\u00f1os de edad. Su esposo Juan Carlos Ventura; sus hijos Julio Cesar y Gisela; su hija pol\u00edtica Mar\u00eda Gabriela Garc\u00eda; sus hermanos Lidia y Ana Mar\u00eda; sus sobrinos, sobrinos nietos y dem\u00e1s deudos participan su fallecimiento.<\/p>\n\n\n\n<p><\/p>\n\n\n\n<p>Sus restos son velados en Espa\u00f1a 2942, Departamento &#8220;D&#8221; y ser\u00e1n inhumados en el cementerio Loma de Paz, este s\u00e1bado a las 9.30, previo responso en la capilla ardiente. Vecina de Barrio CECO I. Nacida en San Miguel, provincia de Buenos Aires. Jubilada ama de casa.<\/p>\n","protected":false},"excerpt":{"rendered":"<p>Falleci\u00f3 en Olavarr\u00eda el 11 de octubre de 2024 a los 69 a\u00f1os de edad. Su esposo Juan Carlos Ventura;<\/p>\n","protected":false},"author":2,"featured_media":100390,"comment_status":"closed","ping_status":"closed","sticky":false,"template":"","format":"standard","meta":{"_jetpack_memberships_contains_paid_content":false,"footnotes":""},"categories":[10],"tags":[],"class_list":["post-127748","post","type-post","status-publish","format-standard","has-post-thumbnail","hentry","category-necrologicas"],"jetpack_featured_media_url":"https:\/\/i0.wp.com\/cdnoticias.com\/wp-content\/uploads\/2023\/10\/necrologicas-390-x-240.jpg?fit=390%2C240&ssl=1","jetpack_sharing_enabled":true,"_links":{"self":[{"href":"https:\/\/cdnoticias.com\/index.php\/wp-json\/wp\/v2\/posts\/127748","targetHints":{"allow":["GET"]}}],"collection":[{"href":"https:\/\/cdnoticias.com\/index.php\/wp-json\/wp\/v2\/posts"}],"about":[{"href":"https:\/\/cdnoticias.com\/index.php\/wp-json\/wp\/v2\/types\/post"}],"author":[{"embeddable":true,"href":"https:\/\/cdnoticias.com\/index.php\/wp-json\/wp\/v2\/users\/2"}],"replies":[{"embeddable":true,"href":"https:\/\/cdnoticias.com\/index.php\/wp-json\/wp\/v2\/comments?post=127748"}],"version-history":[{"count":0,"href":"https:\/\/cdnoticias.com\/index.php\/wp-json\/wp\/v2\/posts\/127748\/revisions"}],"wp:featuredmedia":[{"embeddable":true,"href":"https:\/\/cdnoticias.com\/index.php\/wp-json\/wp\/v2\/media\/100390"}],"wp:attachment":[{"href":"https:\/\/cdnoticias.com\/index.php\/wp-json\/wp\/v2\/media?parent=127748"}],"wp:term":[{"taxonomy":"category","embeddable":true,"href":"https:\/\/cdnoticias.com\/index.php\/wp-json\/wp\/v2\/categories?post=127748"},{"taxonomy":"post_tag","embeddable":true,"href":"https:\/\/cdnoticias.com\/index.php\/wp-json\/wp\/v2\/tags?post=127748"}],"curies":[{"name":"wp","href":"https:\/\/api.w.org\/{rel}","templated":true}]}}