{"id":127743,"date":"2024-10-11T19:48:55","date_gmt":"2024-10-11T22:48:55","guid":{"rendered":"https:\/\/cdnoticias.com\/?p=127743"},"modified":"2024-10-12T08:29:11","modified_gmt":"2024-10-12T11:29:11","slug":"con-el-testimonio-de-familiares-amigos-y-policias-inicio-el-juicio-oral-por-el-homicidio-de-carlos-cordero","status":"publish","type":"post","link":"https:\/\/cdnoticias.com\/index.php\/2024\/10\/11\/con-el-testimonio-de-familiares-amigos-y-policias-inicio-el-juicio-oral-por-el-homicidio-de-carlos-cordero\/","title":{"rendered":"Con el testimonio de familiares, amigos y polic\u00edas, inici\u00f3 el juicio oral por el homicidio de Carlos Cordero"},"content":{"rendered":"\n<p>Por la primera audiencia por el crimen ocurrido a fines de junio del a\u00f1o 2019 pasaron ocho testigos. Las defensas pidieron la absoluci\u00f3n de los acusados. La pr\u00f3xima jornada fue programada para el jueves 17 en el Tribunal Oral en lo Criminal N.\u00ba 2.<\/p>\n\n\n\n<hr class=\"wp-block-separator aligncenter has-alpha-channel-opacity\"\/>\n\n\n\n<p><em>Dar\u00edo Machado | Especial para Central de Noticias<\/em><\/p>\n\n\n\n<p>En los tribunales del Departamento Judicial de Azul comenz\u00f3 este jueves el juicio oral por el homicidio doblemente agravado del olavarriense Carlos Roberto Cordero, asesinado el 26 de junio del a\u00f1o 2019. Los imputados, un hombre de 44 a\u00f1os y una mujer de 27 a\u00f1os, llegaron a esta instancia detenidos, y sus defensas solicitaron la absoluci\u00f3n.<\/p>\n\n\n\n<p>Fueron ocho los testigos presentados por la parte acusatoria que brindaron su testimonio en la audiencia que se desarroll\u00f3 este jueves desde las 8.30 hasta pasado el mediod\u00eda en el Tribunal Oral en lo Criminal N.\u00ba 2 de Azul. El mismo fue encabezado por la presidenta del Tribunal Mar\u00eda Alejandra Raverta, junto a las juezas Silvia Torres e In\u00e9s Olmedo, esta \u00faltima de manera virtual, y entre las personas presentes estuvieron los cuatro hijos de Cordero y otros familiares y allegados.<\/p>\n\n\n\n<p>Los <strong>acusados por el crimen del hombre de 60 a\u00f1os son Claudio Daniel Ibarra Arrieta, alias \u201cChaco\u201d, y Anabella Mar\u00eda Jos\u00e9 Landalde<\/strong>, quienes fueron procesados por ser coautores del delito de \u201chomicidio doblemente agravado por el uso de arma de fuego y por su comisi\u00f3n con alevos\u00eda\u201d. En la apertura de la audiencia, las defensoras oficiales, Dra. Soledad Kelly, en el caso de Ibarra Arrieta, y Dra. Adriana Hern\u00e1ndez para la joven de 27 a\u00f1os,<strong> indicaron que sus defendidos deber\u00edan ser absueltos por no existir pruebas que demuestren que fueron los autores del brutal homicidio<\/strong>.<\/p>\n\n\n\n<p>Posteriormente se presentaron los primeros testimonios de la parte acusatoria, que lleva adelante la Dra. Mar\u00eda Paula Serrano, titular de la Unidad Funcional de Instrucci\u00f3n N.\u00ba 4 de Olavarr\u00eda.<\/p>\n\n\n\n<p>Fuentes judiciales indicaron que l<strong>a primera testigo fue Carla Cordero, una de las hijas del ex militar asesinado<\/strong>, con quien se realiz\u00f3 el cotejo de muestras de ADN que confirm\u00f3 que los restos hallados el 6 de julio de 2019 en el santuario del Gauchito Gil de Ruta 226 e Ituzaing\u00f3 se correspond\u00edan a los de la v\u00edctima. El cuerpo fue encontrado diez d\u00edas despu\u00e9s de su desaparici\u00f3n, incinerado en un 95 % y desmembrado.<\/p>\n\n\n\n<p>Posteriormente se escuch\u00f3 el testimonio de la pareja y un amigo de Cordero, quienes fueron las \u00faltimas personas que lo vieron con vida en la ma\u00f1ana del mi\u00e9rcoles 26 de junio de 2019 antes de su desaparici\u00f3n. Seg\u00fan presumen los investigadores, ese mismo d\u00eda en horas del mediod\u00eda fue asesinado de un disparo en el rostro en un domicilio de Pourtal\u00e9 2246.<\/p>\n\n\n\n<p class=\"has-large-font-size\"><strong>Los caminos de la investigaci\u00f3n<\/strong><\/p>\n\n\n\n<p>Asimismo, se presentaron las testimoniales de agentes de distintas dependencias de Olavarr\u00eda que trabajaron en la investigaci\u00f3n en distintas instancias. Entre ellos, <strong>brindaron su testimonio efectivos de la SubDDI Olavarr\u00eda que realizaron el relevamiento de c\u00e1maras de seguridad<\/strong>. A trav\u00e9s del mismo se determin\u00f3 el recorrido que realiz\u00f3 Ibarra Arrieta al mando del autom\u00f3vil de Cordero en horas del 26 de junio, por avenida Alberdi desde avenida Del Valle hasta San Mart\u00edn, y luego el trayecto que el acusado realiz\u00f3 a pie en sentido contrario. El veh\u00edculo, un Ford Fiesta Max color bord\u00f3, fue encontrado incendiado en la madrugada del d\u00eda siguiente en avenida Col\u00f3n y calle 5.<\/p>\n\n\n\n<p>Dieron su testimonio tambi\u00e9n los <strong>gu\u00edas de canes especializados en b\u00fasqueda de personas<\/strong>, que detectaron rastros de Cordero en la vivienda de Pourtal\u00e9 2246 dos d\u00edas despu\u00e9s de su desaparici\u00f3n, espec\u00edficamente sobre un mont\u00edculo de elementos quemados en el fondo del domicilio.<\/p>\n\n\n\n<p>Finalmente, un efectivo que se desempe\u00f1aba como agente de calle de la comisar\u00eda Primera de nuestra ciudad describi\u00f3 c\u00f3mo se llevaron adelante los <strong>rastrillajes para encontrar a Cordero<\/strong>, a partir de las llamadas recibidas al <strong>n\u00famero de emergencias 911<\/strong>. En su testimonio refiri\u00f3 que en los primeros d\u00edas llegaron <strong>llamadas con pistas falsas<\/strong>, sobre las que luego se determin\u00f3 que provendr\u00edan de un mismo tel\u00e9fono. Se presume que el objetivo de las mismas fue <strong>desviar la investigaci\u00f3n para evitar que encontraran el cuerpo de Cordero<\/strong>.<\/p>\n\n\n\n<p class=\"has-large-font-size\"><strong>Pr\u00f3xima audiencia<\/strong><\/p>\n\n\n\n<p>Si bien se esperaba que en la primera audiencia se presenten m\u00e1s testimonios, las dificultades t\u00e9cnicas de conexi\u00f3n de la jueza Olmedo hicieron que la misma culmine alrededor de las 12.30.<\/p>\n\n\n\n<p>Al cierre de la jornada se resolvi\u00f3 que la pr\u00f3xima audiencia se llevar\u00e1 adelante el pr\u00f3ximo jueves 17 desde las 8.30, donde se escuchar\u00e1 las testimoniales de peritos.<\/p>\n","protected":false},"excerpt":{"rendered":"<p>Por la primera audiencia por el crimen ocurrido a fines de junio del a\u00f1o 2019 pasaron ocho testigos. Las defensas<\/p>\n","protected":false},"author":2,"featured_media":69275,"comment_status":"closed","ping_status":"closed","sticky":false,"template":"","format":"standard","meta":{"_jetpack_memberships_contains_paid_content":false,"footnotes":""},"categories":[14,1],"tags":[],"class_list":["post-127743","post","type-post","status-publish","format-standard","has-post-thumbnail","hentry","category-policiales","category-portada"],"jetpack_featured_media_url":"https:\/\/i0.wp.com\/cdnoticias.com\/wp-content\/uploads\/2022\/11\/caso-cordero-anabella-maria-jose-landalde.jpg?fit=800%2C445&ssl=1","jetpack_sharing_enabled":true,"_links":{"self":[{"href":"https:\/\/cdnoticias.com\/index.php\/wp-json\/wp\/v2\/posts\/127743","targetHints":{"allow":["GET"]}}],"collection":[{"href":"https:\/\/cdnoticias.com\/index.php\/wp-json\/wp\/v2\/posts"}],"about":[{"href":"https:\/\/cdnoticias.com\/index.php\/wp-json\/wp\/v2\/types\/post"}],"author":[{"embeddable":true,"href":"https:\/\/cdnoticias.com\/index.php\/wp-json\/wp\/v2\/users\/2"}],"replies":[{"embeddable":true,"href":"https:\/\/cdnoticias.com\/index.php\/wp-json\/wp\/v2\/comments?post=127743"}],"version-history":[{"count":0,"href":"https:\/\/cdnoticias.com\/index.php\/wp-json\/wp\/v2\/posts\/127743\/revisions"}],"wp:featuredmedia":[{"embeddable":true,"href":"https:\/\/cdnoticias.com\/index.php\/wp-json\/wp\/v2\/media\/69275"}],"wp:attachment":[{"href":"https:\/\/cdnoticias.com\/index.php\/wp-json\/wp\/v2\/media?parent=127743"}],"wp:term":[{"taxonomy":"category","embeddable":true,"href":"https:\/\/cdnoticias.com\/index.php\/wp-json\/wp\/v2\/categories?post=127743"},{"taxonomy":"post_tag","embeddable":true,"href":"https:\/\/cdnoticias.com\/index.php\/wp-json\/wp\/v2\/tags?post=127743"}],"curies":[{"name":"wp","href":"https:\/\/api.w.org\/{rel}","templated":true}]}}