{"id":127741,"date":"2024-10-11T19:09:03","date_gmt":"2024-10-11T22:09:03","guid":{"rendered":"https:\/\/cdnoticias.com\/?p=127741"},"modified":"2024-10-12T06:22:14","modified_gmt":"2024-10-12T09:22:14","slug":"universitarios-convocan-a-un-paro-nacional-para-el-jueves-17-y-una-semana-de-lucha","status":"publish","type":"post","link":"https:\/\/cdnoticias.com\/index.php\/2024\/10\/11\/universitarios-convocan-a-un-paro-nacional-para-el-jueves-17-y-una-semana-de-lucha\/","title":{"rendered":"Universitarios convocan a un paro nacional para el jueves 17 y una semana de lucha"},"content":{"rendered":"\n<p>La semana de lucha comenzar\u00e1 el lunes 21 de octubre. Adem\u00e1s, habr\u00e1 una reuni\u00f3n entre el Consejo Interuniversitario Nacional (CIN), gremios y centros de estudiantes para \u201cacordar un marco de acci\u00f3n program\u00e1tico\u201d.<\/p>\n\n\n\n<hr class=\"wp-block-separator aligncenter has-alpha-channel-opacity\"\/>\n\n\n\n<p>Los<strong> gremios de trabajadores universitarios han convocado a un nuevo paro para el pr\u00f3ximo jueves 17 de octubre<\/strong>, tras la reciente ratificaci\u00f3n por parte de la C\u00e1mara de Diputados del veto presidencial a la Ley de Financiamiento Universitario. <strong>El Frente Sindical de Universidades Nacionales, que agrupa a los gremios docentes y nodocentes de todo el pa\u00eds, tambi\u00e9n ha anunciado una semana de lucha que comenzar\u00e1 el lunes 21 de octubre.<\/strong><\/p>\n\n\n\n<p>En un comunicado, <strong>el Frente Sindical expres\u00f3 que la decisi\u00f3n de intensificar las medidas responde a la necesidad de confrontar al gobierno nacional, luego de la eliminaci\u00f3n de la Ley de Financiamiento Universitario<\/strong>, que consideraban una herramienta esencial para el sistema universitario. <\/p>\n\n\n\n<blockquote class=\"wp-block-quote is-layout-flow wp-block-quote-is-layout-flow\">\n<p>Adem\u00e1s, la recomposici\u00f3n salarial contin\u00faa siendo un eje central del reclamo, en el marco de la discusi\u00f3n del Presupuesto 2025.<\/p>\n<\/blockquote>\n\n\n\n<p>Los sindicatos exigen la apertura de una paritaria espec\u00edfica para los trabajadores y trabajadoras universitarios, que hasta el momento no ha sido atendida por el Gobierno, que viene otorgando aumentos salariales de manera unilateral.<strong> El comunicado subraya la necesidad de encontrar &#8220;una soluci\u00f3n a la grave situaci\u00f3n salarial&#8221; que atraviesa el sector.<\/strong><\/p>\n\n\n\n<p>Previo a la semana de lucha,<strong> el martes 15 de octubre se llevar\u00e1 a cabo una reuni\u00f3n entre las autoridades del Consejo Interuniversitario Nacional (CIN), los gremios y los Centros de Estudiantes de todo el pa\u00eds. <\/strong>El objetivo de este encuentro es<em> &#8220;sostener la unidad del frente universitario y acordar un marco de acci\u00f3n program\u00e1tico&#8221;<\/em> de cara a las futuras medidas de fuerza.<\/p>\n","protected":false},"excerpt":{"rendered":"<p>La semana de lucha comenzar\u00e1 el lunes 21 de octubre. Adem\u00e1s, habr\u00e1 una reuni\u00f3n entre el Consejo Interuniversitario Nacional (CIN),<\/p>\n","protected":false},"author":2,"featured_media":126920,"comment_status":"closed","ping_status":"closed","sticky":false,"template":"","format":"standard","meta":{"_jetpack_memberships_contains_paid_content":false,"footnotes":""},"categories":[5,1],"tags":[],"class_list":["post-127741","post","type-post","status-publish","format-standard","has-post-thumbnail","hentry","category-informacion-general","category-portada"],"jetpack_featured_media_url":"https:\/\/i0.wp.com\/cdnoticias.com\/wp-content\/uploads\/2024\/10\/marcha-universitaria1.jpg?fit=1072%2C596&ssl=1","jetpack_sharing_enabled":true,"_links":{"self":[{"href":"https:\/\/cdnoticias.com\/index.php\/wp-json\/wp\/v2\/posts\/127741","targetHints":{"allow":["GET"]}}],"collection":[{"href":"https:\/\/cdnoticias.com\/index.php\/wp-json\/wp\/v2\/posts"}],"about":[{"href":"https:\/\/cdnoticias.com\/index.php\/wp-json\/wp\/v2\/types\/post"}],"author":[{"embeddable":true,"href":"https:\/\/cdnoticias.com\/index.php\/wp-json\/wp\/v2\/users\/2"}],"replies":[{"embeddable":true,"href":"https:\/\/cdnoticias.com\/index.php\/wp-json\/wp\/v2\/comments?post=127741"}],"version-history":[{"count":0,"href":"https:\/\/cdnoticias.com\/index.php\/wp-json\/wp\/v2\/posts\/127741\/revisions"}],"wp:featuredmedia":[{"embeddable":true,"href":"https:\/\/cdnoticias.com\/index.php\/wp-json\/wp\/v2\/media\/126920"}],"wp:attachment":[{"href":"https:\/\/cdnoticias.com\/index.php\/wp-json\/wp\/v2\/media?parent=127741"}],"wp:term":[{"taxonomy":"category","embeddable":true,"href":"https:\/\/cdnoticias.com\/index.php\/wp-json\/wp\/v2\/categories?post=127741"},{"taxonomy":"post_tag","embeddable":true,"href":"https:\/\/cdnoticias.com\/index.php\/wp-json\/wp\/v2\/tags?post=127741"}],"curies":[{"name":"wp","href":"https:\/\/api.w.org\/{rel}","templated":true}]}}