{"id":127728,"date":"2024-10-11T16:58:30","date_gmt":"2024-10-11T19:58:30","guid":{"rendered":"https:\/\/cdnoticias.com\/?p=127728"},"modified":"2024-10-11T19:10:48","modified_gmt":"2024-10-11T22:10:48","slug":"una-mujer-fue-aprehendida-por-danos-y-violacion-de-domicilio","status":"publish","type":"post","link":"https:\/\/cdnoticias.com\/index.php\/2024\/10\/11\/una-mujer-fue-aprehendida-por-danos-y-violacion-de-domicilio\/","title":{"rendered":"Una mujer fue aprehendida por da\u00f1os y violaci\u00f3n de domicilio"},"content":{"rendered":"\n<p>Ocurri\u00f3 en Sierra Chica. Incumpli\u00f3 una medida de protecci\u00f3n contra la violencia familiar.<\/p>\n\n\n\n<hr class=\"wp-block-separator has-alpha-channel-opacity\"\/>\n\n\n\n<p>Una mujer de 40 a\u00f1os fue <strong>aprehendida por personal de la subcomisaria de Sierra Chica.<\/strong><\/p>\n\n\n\n<p><\/p>\n\n\n\n<p>Seg\u00fan se indic\u00f3, la mujer se encontraba provocando da\u00f1os en una vivienda en barrio Federal.<\/p>\n\n\n\n<p><\/p>\n\n\n\n<p>Fue aprehendida en el lugar. Sobre la mujer reca\u00edan <strong>medidas cautelares en un expediente de protecci\u00f3n contra la violencia familiar, <\/strong>emanadas por el Juzgado de Familia N\u00b0 1 de Olavarr\u00eda.<\/p>\n\n\n\n<p><\/p>\n\n\n\n<p>Fue alojada en la sede de la comisar\u00eda Primera a disposici\u00f3n del juzgado interviniente. La causa est\u00e1 caratulada como \u201c<strong>desobediencia, da\u00f1o, violaci\u00f3n de domicilio y amenazas\u201d<\/strong> a cargo de la UFI N\u00b0 5.<\/p>\n","protected":false},"excerpt":{"rendered":"<p>Ocurri\u00f3 en Sierra Chica. Incumpli\u00f3 una medida de protecci\u00f3n contra la violencia familiar. Una mujer de 40 a\u00f1os fue aprehendida<\/p>\n","protected":false},"author":2,"featured_media":127729,"comment_status":"closed","ping_status":"closed","sticky":false,"template":"","format":"standard","meta":{"_jetpack_memberships_contains_paid_content":false,"footnotes":""},"categories":[14,1],"tags":[],"class_list":["post-127728","post","type-post","status-publish","format-standard","has-post-thumbnail","hentry","category-policiales","category-portada"],"jetpack_featured_media_url":"https:\/\/i0.wp.com\/cdnoticias.com\/wp-content\/uploads\/2024\/10\/aprehendida-barrio-federal-sierra-chica.jpg?fit=800%2C445&ssl=1","jetpack_sharing_enabled":true,"_links":{"self":[{"href":"https:\/\/cdnoticias.com\/index.php\/wp-json\/wp\/v2\/posts\/127728","targetHints":{"allow":["GET"]}}],"collection":[{"href":"https:\/\/cdnoticias.com\/index.php\/wp-json\/wp\/v2\/posts"}],"about":[{"href":"https:\/\/cdnoticias.com\/index.php\/wp-json\/wp\/v2\/types\/post"}],"author":[{"embeddable":true,"href":"https:\/\/cdnoticias.com\/index.php\/wp-json\/wp\/v2\/users\/2"}],"replies":[{"embeddable":true,"href":"https:\/\/cdnoticias.com\/index.php\/wp-json\/wp\/v2\/comments?post=127728"}],"version-history":[{"count":0,"href":"https:\/\/cdnoticias.com\/index.php\/wp-json\/wp\/v2\/posts\/127728\/revisions"}],"wp:featuredmedia":[{"embeddable":true,"href":"https:\/\/cdnoticias.com\/index.php\/wp-json\/wp\/v2\/media\/127729"}],"wp:attachment":[{"href":"https:\/\/cdnoticias.com\/index.php\/wp-json\/wp\/v2\/media?parent=127728"}],"wp:term":[{"taxonomy":"category","embeddable":true,"href":"https:\/\/cdnoticias.com\/index.php\/wp-json\/wp\/v2\/categories?post=127728"},{"taxonomy":"post_tag","embeddable":true,"href":"https:\/\/cdnoticias.com\/index.php\/wp-json\/wp\/v2\/tags?post=127728"}],"curies":[{"name":"wp","href":"https:\/\/api.w.org\/{rel}","templated":true}]}}