{"id":127724,"date":"2024-10-11T11:50:07","date_gmt":"2024-10-11T14:50:07","guid":{"rendered":"https:\/\/cdnoticias.com\/?p=127724"},"modified":"2024-10-11T18:49:50","modified_gmt":"2024-10-11T21:49:50","slug":"detienen-a-un-joven-con-un-arma-de-fuego","status":"publish","type":"post","link":"https:\/\/cdnoticias.com\/index.php\/2024\/10\/11\/detienen-a-un-joven-con-un-arma-de-fuego\/","title":{"rendered":"Detienen a un joven con un arma de fuego en su poder"},"content":{"rendered":"\n<p>Portaba un revolver calibre 22. Interviene la UFI N\u00b0 10.<\/p>\n\n\n\n<hr class=\"wp-block-separator has-alpha-channel-opacity\"\/>\n\n\n\n<p>En las \u00faltimas horas, personal del Comando de Patrullas<strong> respondi\u00f3 a un llamado de emergencia al 911 <\/strong>por parte de efectivos policiales.<\/p>\n\n\n\n<p><\/p>\n\n\n\n<blockquote class=\"wp-block-quote is-layout-flow wp-block-quote-is-layout-flow\">\n<p>Los polic\u00edas se dirigieron a Santa Fe al 1600 donde aprehendieron a un joven de 24 a\u00f1os que portaba un arma de fuego calibre 22 sin numeraci\u00f3n visible.<\/p>\n<\/blockquote>\n\n\n\n<p><\/p>\n\n\n\n<p>El joven fue trasladado a la sede policial. Interviene la <strong>UFI N\u00b0 10.<\/strong><\/p>\n","protected":false},"excerpt":{"rendered":"<p>Portaba un revolver calibre 22. Interviene la UFI N\u00b0 10. En las \u00faltimas horas, personal del Comando de Patrullas respondi\u00f3<\/p>\n","protected":false},"author":2,"featured_media":127725,"comment_status":"closed","ping_status":"closed","sticky":false,"template":"","format":"standard","meta":{"_jetpack_memberships_contains_paid_content":false,"footnotes":""},"categories":[14,1],"tags":[],"class_list":["post-127724","post","type-post","status-publish","format-standard","has-post-thumbnail","hentry","category-policiales","category-portada"],"jetpack_featured_media_url":"https:\/\/i0.wp.com\/cdnoticias.com\/wp-content\/uploads\/2024\/10\/aprehendido-arma.jpg?fit=800%2C446&ssl=1","jetpack_sharing_enabled":true,"_links":{"self":[{"href":"https:\/\/cdnoticias.com\/index.php\/wp-json\/wp\/v2\/posts\/127724","targetHints":{"allow":["GET"]}}],"collection":[{"href":"https:\/\/cdnoticias.com\/index.php\/wp-json\/wp\/v2\/posts"}],"about":[{"href":"https:\/\/cdnoticias.com\/index.php\/wp-json\/wp\/v2\/types\/post"}],"author":[{"embeddable":true,"href":"https:\/\/cdnoticias.com\/index.php\/wp-json\/wp\/v2\/users\/2"}],"replies":[{"embeddable":true,"href":"https:\/\/cdnoticias.com\/index.php\/wp-json\/wp\/v2\/comments?post=127724"}],"version-history":[{"count":0,"href":"https:\/\/cdnoticias.com\/index.php\/wp-json\/wp\/v2\/posts\/127724\/revisions"}],"wp:featuredmedia":[{"embeddable":true,"href":"https:\/\/cdnoticias.com\/index.php\/wp-json\/wp\/v2\/media\/127725"}],"wp:attachment":[{"href":"https:\/\/cdnoticias.com\/index.php\/wp-json\/wp\/v2\/media?parent=127724"}],"wp:term":[{"taxonomy":"category","embeddable":true,"href":"https:\/\/cdnoticias.com\/index.php\/wp-json\/wp\/v2\/categories?post=127724"},{"taxonomy":"post_tag","embeddable":true,"href":"https:\/\/cdnoticias.com\/index.php\/wp-json\/wp\/v2\/tags?post=127724"}],"curies":[{"name":"wp","href":"https:\/\/api.w.org\/{rel}","templated":true}]}}