{"id":127696,"date":"2024-10-11T19:22:21","date_gmt":"2024-10-11T22:22:21","guid":{"rendered":"https:\/\/cdnoticias.com\/?p=127696"},"modified":"2024-10-11T19:22:23","modified_gmt":"2024-10-11T22:22:23","slug":"continua-el-abordaje-territorial-del-programa-adelantate-al-dengue","status":"publish","type":"post","link":"https:\/\/cdnoticias.com\/index.php\/2024\/10\/11\/continua-el-abordaje-territorial-del-programa-adelantate-al-dengue\/","title":{"rendered":"Contin\u00faa el abordaje territorial del Programa \u201cAdelantate al Dengue\u201d"},"content":{"rendered":"\n<p>El pr\u00f3ximo jueves 17 de octubre el abordaje territorial se realizar\u00e1 en el sector de avenida Grimaldi, Avenida Trabajadores, calle Alberdi y Vicente Bah\u00eda, barrio Lourdes.<\/p>\n\n\n\n<hr class=\"wp-block-separator aligncenter has-alpha-channel-opacity\"\/>\n\n\n\n<p>El Municipio contin\u00faa con las capacitaciones y los abordajes territoriales del <strong>Programa \u201cAdelantate al Dengue\u201d<\/strong>, con el<strong> objetivo de prevenir tanto la presencia del mosquito vector como el contagio de la enfermedad.<\/strong><\/p>\n\n\n\n<p><\/p>\n\n\n\n<p>En ese marco, se detall\u00f3 que<strong> este jueves se llev\u00f3 a cabo un abordaje territorial<\/strong> en el sector comprendido por las calles <strong>Amparo Castro, avenida Urquiza, avenida Avellaneda y calle Canaveri, cuadrante que abarca los barrios Villa Floresta y 10 de Junio. <\/strong><\/p>\n\n\n\n<p><\/p>\n\n\n\n<p>Un equipo integrado por<strong> promotores y promotoras debidamente identificados <\/strong>de la Subsecretar\u00eda de Atenci\u00f3n Primaria de la Salud y de las Direcciones de Epidemiolog\u00eda y Bromatolog\u00eda, recorrieron casa por casa, partiendo desde el Centro de Atenci\u00f3n Primaria de la Salud N\u00ba 8 \u201cN\u00e9stor Laffitte\u201d.<\/p>\n\n\n\n<p><\/p>\n\n\n\n<blockquote class=\"wp-block-quote is-layout-flow wp-block-quote-is-layout-flow\">\n<p>El objetivo es interiorizar a la comunidad acerca de la Campa\u00f1a y la importancia de tomar de manera particular distintas medidas tales como evitar la presencia recipientes con agua o elementos que pudieran servir de reservorio para mosquitos, como as\u00ed tambi\u00e9n la utilizaci\u00f3n de repelentes y\/o mosquiteros.<\/p>\n<\/blockquote>\n\n\n\n<p><\/p>\n\n\n\n<figure class=\"wp-block-image aligncenter size-full\"><img data-recalc-dims=\"1\" loading=\"lazy\" decoding=\"async\" width=\"800\" height=\"369\" src=\"https:\/\/i0.wp.com\/cdnoticias.com\/wp-content\/uploads\/2024\/10\/adelantate-al-dengue1.jpg?resize=800%2C369&#038;ssl=1\" alt=\"\" class=\"wp-image-127698\" srcset=\"https:\/\/i0.wp.com\/cdnoticias.com\/wp-content\/uploads\/2024\/10\/adelantate-al-dengue1.jpg?w=900&amp;ssl=1 900w, https:\/\/i0.wp.com\/cdnoticias.com\/wp-content\/uploads\/2024\/10\/adelantate-al-dengue1.jpg?resize=300%2C138&amp;ssl=1 300w, https:\/\/i0.wp.com\/cdnoticias.com\/wp-content\/uploads\/2024\/10\/adelantate-al-dengue1.jpg?resize=768%2C354&amp;ssl=1 768w\" sizes=\"auto, (max-width: 800px) 100vw, 800px\" \/><\/figure>\n\n\n\n<p><\/p>\n\n\n\n<p>En ese sentido, se entregar\u00e1 folleter\u00eda informativa. A la par, se invita a la comunidad a comunicarse, por reclamos o sugerencias, al 147, l\u00ednea disponible las 24 horas.<\/p>\n\n\n\n<p><\/p>\n\n\n\n<p>Por \u00faltimo se inform\u00f3 que <strong>el pr\u00f3ximo jueves 17 de octubre<\/strong> el abordaje territorial se realizar\u00e1 en el sector de <strong>avenida Grimaldi, avenida Trabajadores, calle Alberdi y Vicente Bah\u00eda, barrio Lourdes.<\/strong><\/p>\n\n\n\n<p><\/p>\n","protected":false},"excerpt":{"rendered":"<p>El pr\u00f3ximo jueves 17 de octubre el abordaje territorial se realizar\u00e1 en el sector de avenida Grimaldi, Avenida Trabajadores, calle<\/p>\n","protected":false},"author":6,"featured_media":127697,"comment_status":"closed","ping_status":"closed","sticky":false,"template":"","format":"standard","meta":{"_jetpack_memberships_contains_paid_content":false,"footnotes":""},"categories":[5,1],"tags":[],"class_list":["post-127696","post","type-post","status-publish","format-standard","has-post-thumbnail","hentry","category-informacion-general","category-portada"],"jetpack_featured_media_url":"https:\/\/i0.wp.com\/cdnoticias.com\/wp-content\/uploads\/2024\/10\/adelantate-al-dengue.jpg?fit=900%2C502&ssl=1","jetpack_sharing_enabled":true,"_links":{"self":[{"href":"https:\/\/cdnoticias.com\/index.php\/wp-json\/wp\/v2\/posts\/127696","targetHints":{"allow":["GET"]}}],"collection":[{"href":"https:\/\/cdnoticias.com\/index.php\/wp-json\/wp\/v2\/posts"}],"about":[{"href":"https:\/\/cdnoticias.com\/index.php\/wp-json\/wp\/v2\/types\/post"}],"author":[{"embeddable":true,"href":"https:\/\/cdnoticias.com\/index.php\/wp-json\/wp\/v2\/users\/6"}],"replies":[{"embeddable":true,"href":"https:\/\/cdnoticias.com\/index.php\/wp-json\/wp\/v2\/comments?post=127696"}],"version-history":[{"count":0,"href":"https:\/\/cdnoticias.com\/index.php\/wp-json\/wp\/v2\/posts\/127696\/revisions"}],"wp:featuredmedia":[{"embeddable":true,"href":"https:\/\/cdnoticias.com\/index.php\/wp-json\/wp\/v2\/media\/127697"}],"wp:attachment":[{"href":"https:\/\/cdnoticias.com\/index.php\/wp-json\/wp\/v2\/media?parent=127696"}],"wp:term":[{"taxonomy":"category","embeddable":true,"href":"https:\/\/cdnoticias.com\/index.php\/wp-json\/wp\/v2\/categories?post=127696"},{"taxonomy":"post_tag","embeddable":true,"href":"https:\/\/cdnoticias.com\/index.php\/wp-json\/wp\/v2\/tags?post=127696"}],"curies":[{"name":"wp","href":"https:\/\/api.w.org\/{rel}","templated":true}]}}